{"id":28030,"date":"2011-02-09T14:25:50","date_gmt":"2011-02-09T12:25:50","guid":{"rendered":"http:\/\/www.korhanyilmaz.com\/?p=28030"},"modified":"2011-02-09T14:25:50","modified_gmt":"2011-02-09T12:25:50","slug":"org-ceylanoglu-tsk-hicbir-seyden-etkilenmez","status":"publish","type":"post","link":"http:\/\/www.korhanyilmaz.com\/?p=28030","title":{"rendered":"Org. Ceylano\u011flu: &#8220;TSK hi\u00e7bir \u015feyden etkilenmez&#8221;"},"content":{"rendered":"<p style=\"text-align: justify;\"><a href=\"http:\/\/www.korhanyilmaz.com\/wp-content\/uploads\/2011\/02\/254.jpg\"  class=\"lightview\"><img loading=\"lazy\" decoding=\"async\" class=\"aligncenter size-full wp-image-28031\" src=\"http:\/\/www.korhanyilmaz.com\/wp-content\/uploads\/2011\/02\/254.jpg\" alt=\"\" width=\"292\" height=\"201\" \/><\/a><\/p>\n<p style=\"text-align: justify;\">Kara Kuvvetleri Komutan\u0131 Orgeneral Erdal Ceylano\u011flu, T\u00fcrk Silahl\u0131 Kuvvetleri&#8217;nin vatan hari\u00e7 hi\u00e7bir \u015feyden etkilenmeyece\u011fini s\u00f6yledi.<\/p>\n<p style=\"text-align: justify;\">Beraberinde 2. Ordu Komutan\u0131 Orgeneral Servet Y\u00f6r\u00fck ve Van Asayi\u015f Kolordu Komutan\u0131 Korgeneral Naz\u0131m Alt\u0131nta\u015f ile Siirt&#8217;e gelen Orgeneral Ceylano\u011flu, incelemelerini s\u00fcrd\u00fcr\u00fcyor. <!--more--><\/p>\n<p style=\"text-align: justify;\">Vali Musa \u00c7olak&#8217;\u0131 ziyareti s\u0131ras\u0131nda, bir gazetecinin, son g\u00fcnlerde T\u00fcrk Silahl\u0131 Kuvvetleri&#8217;ne y\u00f6nelik yap\u0131lan ele\u015ftiriyle ilgili sorusu \u00fczerine Ceylano\u011flu, &#8220;T\u00fcrk Silahl\u0131 Kuvvetleri hi\u00e7bir \u015feyden etkilenmez, vatan hari\u00e7&#8221; dedi.<\/p>\n<p style=\"text-align: justify;\">Orgeneral Ceylano\u011flu, daha sonra Siirt&#8217;teki askeri birlikleri ziyaret etti.<\/p>\n<p style=\"text-align: justify;\"><a href=\"http:\/\/www.cnnturk.com\/2011\/turkiye\/02\/09\/org.ceylanoglu.tsk.hicbir.seyden.etkilenmez\/606216.0\/index.html\" target=\"_blank\"><span style=\"color: #888888;\">CNN T\u00dcRK<\/span><\/a><\/p>\n","protected":false},"excerpt":{"rendered":"<p style=\"text-align: justify;\">\n<p style=\"text-align: justify;\">Kara Kuvvetleri Komutan\u0131 Orgeneral Erdal Ceylano\u011flu, T\u00fcrk Silahl\u0131 Kuvvetleri&#8217;nin vatan hari\u00e7 hi\u00e7bir \u015feyden etkilenmeyece\u011fini s\u00f6yledi.<\/p>\n<p style=\"text-align: justify;\">Beraberinde 2. Ordu Komutan\u0131 Orgeneral Servet Y\u00f6r\u00fck ve Van Asayi\u015f Kolordu Komutan\u0131 Korgeneral Naz\u0131m Alt\u0131nta\u015f ile Siirt&#8217;e gelen Orgeneral Ceylano\u011flu, incelemelerini s\u00fcrd\u00fcr\u00fcyor. <\/p>\n","protected":false},"author":1,"featured_media":0,"comment_status":"open","ping_status":"closed","sticky":false,"template":"","format":"standard","meta":{"footnotes":""},"categories":[105],"tags":[],"class_list":["post-28030","post","type-post","status-publish","format-standard","hentry","category-gundem","odd"],"_links":{"self":[{"href":"http:\/\/www.korhanyilmaz.com\/index.php?rest_route=\/wp\/v2\/posts\/28030","targetHints":{"allow":["GET"]}}],"collection":[{"href":"http:\/\/www.korhanyilmaz.com\/index.php?rest_route=\/wp\/v2\/posts"}],"about":[{"href":"http:\/\/www.korhanyilmaz.com\/index.php?rest_route=\/wp\/v2\/types\/post"}],"author":[{"embeddable":true,"href":"http:\/\/www.korhanyilmaz.com\/index.php?rest_route=\/wp\/v2\/users\/1"}],"replies":[{"embeddable":true,"href":"http:\/\/www.korhanyilmaz.com\/index.php?rest_route=%2Fwp%2Fv2%2Fcomments&post=28030"}],"version-history":[{"count":0,"href":"http:\/\/www.korhanyilmaz.com\/index.php?rest_route=\/wp\/v2\/posts\/28030\/revisions"}],"wp:attachment":[{"href":"http:\/\/www.korhanyilmaz.com\/index.php?rest_route=%2Fwp%2Fv2%2Fmedia&parent=28030"}],"wp:term":[{"taxonomy":"category","embeddable":true,"href":"http:\/\/www.korhanyilmaz.com\/index.php?rest_route=%2Fwp%2Fv2%2Fcategories&post=28030"},{"taxonomy":"post_tag","embeddable":true,"href":"http:\/\/www.korhanyilmaz.com\/index.php?rest_route=%2Fwp%2Fv2%2Ftags&post=28030"}],"curies":[{"name":"wp","href":"https:\/\/api.w.org\/{rel}","templated":true}]}}