{"id":28026,"date":"2011-02-09T13:22:13","date_gmt":"2011-02-09T11:22:13","guid":{"rendered":"http:\/\/www.korhanyilmaz.com\/?p=28026"},"modified":"2011-02-09T13:22:13","modified_gmt":"2011-02-09T11:22:13","slug":"cemil-bayik-akp-ve-gulen-islami-para-ve-sahtekarlik-icin-kullaniyor","status":"publish","type":"post","link":"http:\/\/www.korhanyilmaz.com\/?p=28026","title":{"rendered":"Cemil Bay\u0131k : AKP VE G\u00fclen \u0130slam&#8217;\u0131 Para ve Sahtekarl\u0131k i\u00e7in Kullan\u0131yor.."},"content":{"rendered":"<p style=\"text-align: justify;\"><a href=\"http:\/\/www.korhanyilmaz.com\/wp-content\/uploads\/2011\/02\/252.jpg\"  class=\"lightview\"><img loading=\"lazy\" decoding=\"async\" class=\"aligncenter size-full wp-image-28027\" src=\"http:\/\/www.korhanyilmaz.com\/wp-content\/uploads\/2011\/02\/252.jpg\" alt=\"\" width=\"419\" height=\"203\" \/><\/a><\/p>\n<p style=\"text-align: justify;\"><strong>PKK&#8217;l\u0131 Cemil Bay\u0131k&#8217;tan tart\u0131\u015fma yaratacak a\u00e7\u0131klama&#8230;<\/strong><\/p>\n<p style=\"text-align: justify;\">PKK\u2019n\u0131n y\u00f6neticilerinden, KCK Y\u00fcr\u00fctme Konseyi \u00dcyesi Cemil Bay\u0131k, \u201cAKP, G\u00fclen ve Hizbullah\u2019\u0131n \u0130slamiyetle ilgisi yok\u201d diyerek tart\u0131\u015fma yaratacak a\u00e7\u0131klamalarda bulundu.<\/p>\n<p style=\"text-align: justify;\">ANF\u2019nin haberine g\u00f6re Bay\u0131k, \u201cDo\u011fru \u0130slam ve k\u00fclt\u00fcr\u00fcne sahip \u00e7\u0131kmam\u0131z gerekiyor. \u00c7\u00fcnk\u00fc \u0130slam bir ya\u015famd\u0131r, vicdand\u0131r\u201d tespitinde bulunarak, \u0130slamiyet\u2019in iktidar\u0131n siyasetiyle bir ilgisi olmad\u0131\u011f\u0131n\u0131, kand\u0131rma, katliam ve h\u0131rs\u0131zl\u0131k olmad\u0131\u011f\u0131n\u0131 s\u00f6yledi. <!--more--><\/p>\n<p style=\"text-align: justify;\"><span style=\"text-decoration: underline;\">Bay\u0131k tart\u0131\u015fma yaratacak s\u00f6zlerine \u015f\u00f6yle devam etti: <\/span><\/p>\n<p style=\"text-align: justify;\">\u201cHerkesin AKP, Fethullah ve Hizbullah\u2019\u0131n \u0130slamiyet\u2019le hi\u00e7bir ili\u015fkisinin olmad\u0131\u011f\u0131n\u0131 bilmesi gerekiyor. \u0130slamiyet\u2019i, iktidar, para ve sahtekarl\u0131k i\u00e7in kullan\u0131yorlar. Halk\u0131 \u0130slamiyet k\u0131l\u0131f\u0131 ile kand\u0131rmak istiyorlar. Halk\u0131 din ile kendilerine ba\u011flamak istiyorlar. Halk\u0131m\u0131z zaten M\u00fcsl\u00fcmand\u0131r ve y\u00fcrekten M\u00fcsl\u00fcmanl\u0131\u011f\u0131 ya\u015f\u0131yor. Onlar bunu kullanmak istiyorlar. Sanki halk\u0131m\u0131z M\u00fcsl\u00fcman de\u011filmi\u015f de, onlar M\u00fcsl\u00fcman yapmak istiyor. Bu nedenle Diyanet harekete ge\u00e7irildi ve ir\u015fat gruplar\u0131 olu\u015fturuyorlar. Bu K\u00fcrtlere b\u00fcy\u00fck hakarettir. K\u00fcrtler siyasi \u0130slam\u2019a kar\u015f\u0131 \u00e7\u0131kmal\u0131\u201d<\/p>\n<p style=\"text-align: justify;\"><a href=\"http:\/\/www.odatv.com\/n.php?n=akp-ve-gulen-islami-para-ve-sahtekarlik-icin-kullaniyor-0902111200\" target=\"_blank\"><span style=\"color: #888888;\">Kaynak : Odatv.com<\/span><\/a><\/p>\n","protected":false},"excerpt":{"rendered":"<p style=\"text-align: justify;\">\n<p style=\"text-align: justify;\">PKK&#8217;l\u0131 Cemil Bay\u0131k&#8217;tan tart\u0131\u015fma yaratacak a\u00e7\u0131klama&#8230;<\/p>\n<p style=\"text-align: justify;\">PKK\u2019n\u0131n y\u00f6neticilerinden, KCK Y\u00fcr\u00fctme Konseyi \u00dcyesi Cemil Bay\u0131k, \u201cAKP, G\u00fclen ve Hizbullah\u2019\u0131n \u0130slamiyetle ilgisi yok\u201d diyerek tart\u0131\u015fma yaratacak a\u00e7\u0131klamalarda bulundu.<\/p>\n<p style=\"text-align: justify;\">ANF\u2019nin haberine g\u00f6re Bay\u0131k, \u201cDo\u011fru \u0130slam ve k\u00fclt\u00fcr\u00fcne sahip \u00e7\u0131kmam\u0131z gerekiyor. \u00c7\u00fcnk\u00fc \u0130slam bir ya\u015famd\u0131r, vicdand\u0131r\u201d tespitinde bulunarak, \u0130slamiyet\u2019in iktidar\u0131n <\/p>\n","protected":false},"author":1,"featured_media":0,"comment_status":"open","ping_status":"closed","sticky":false,"template":"","format":"standard","meta":{"footnotes":""},"categories":[105],"tags":[],"class_list":["post-28026","post","type-post","status-publish","format-standard","hentry","category-gundem","odd"],"_links":{"self":[{"href":"http:\/\/www.korhanyilmaz.com\/index.php?rest_route=\/wp\/v2\/posts\/28026","targetHints":{"allow":["GET"]}}],"collection":[{"href":"http:\/\/www.korhanyilmaz.com\/index.php?rest_route=\/wp\/v2\/posts"}],"about":[{"href":"http:\/\/www.korhanyilmaz.com\/index.php?rest_route=\/wp\/v2\/types\/post"}],"author":[{"embeddable":true,"href":"http:\/\/www.korhanyilmaz.com\/index.php?rest_route=\/wp\/v2\/users\/1"}],"replies":[{"embeddable":true,"href":"http:\/\/www.korhanyilmaz.com\/index.php?rest_route=%2Fwp%2Fv2%2Fcomments&post=28026"}],"version-history":[{"count":0,"href":"http:\/\/www.korhanyilmaz.com\/index.php?rest_route=\/wp\/v2\/posts\/28026\/revisions"}],"wp:attachment":[{"href":"http:\/\/www.korhanyilmaz.com\/index.php?rest_route=%2Fwp%2Fv2%2Fmedia&parent=28026"}],"wp:term":[{"taxonomy":"category","embeddable":true,"href":"http:\/\/www.korhanyilmaz.com\/index.php?rest_route=%2Fwp%2Fv2%2Fcategories&post=28026"},{"taxonomy":"post_tag","embeddable":true,"href":"http:\/\/www.korhanyilmaz.com\/index.php?rest_route=%2Fwp%2Fv2%2Ftags&post=28026"}],"curies":[{"name":"wp","href":"https:\/\/api.w.org\/{rel}","templated":true}]}}