{"id":28016,"date":"2011-02-09T13:25:44","date_gmt":"2011-02-09T11:25:44","guid":{"rendered":"http:\/\/www.korhanyilmaz.com\/?p=28016"},"modified":"2011-02-09T13:25:44","modified_gmt":"2011-02-09T11:25:44","slug":"savci-batuma-301-sorusturmasi-icin-izin-istedi","status":"publish","type":"post","link":"http:\/\/www.korhanyilmaz.com\/?p=28016","title":{"rendered":"Savc\u0131 Batum&#8217;a &#8216;301&#8217; soru\u015fturmas\u0131 i\u00e7in izin istedi!"},"content":{"rendered":"<p><a href=\"http:\/\/www.korhanyilmaz.com\/wp-content\/uploads\/2011\/02\/250.jpg\"  class=\"lightview\"><img loading=\"lazy\" decoding=\"async\" class=\"size-full wp-image-28017 aligncenter\" src=\"http:\/\/www.korhanyilmaz.com\/wp-content\/uploads\/2011\/02\/250.jpg\" alt=\"\" width=\"292\" height=\"192\" \/><\/a><\/p>\n<p style=\"text-align: justify;\">Zonguldak Cumhuriyet Ba\u015fsavc\u0131l\u0131\u011f\u0131, TSK&#8217;ya y\u00f6nelik &#8216;ka\u011f\u0131ttan kaplanm\u0131\u015f&#8217; s\u00f6zleriyle tart\u0131\u015fma yaratan CHP Genel Ba\u015fkan Yard\u0131mc\u0131s\u0131 S\u00fcheyl Batum hakk\u0131nda TCK&#8217;n\u0131n 301. maddesi uyar\u0131nca soru\u015fturma ba\u015flat\u0131lmas\u0131 i\u00e7in Adalet Bakanl\u0131\u011f\u0131&#8217;ndan izin talebinde bulundu. <!--more--><\/p>\n<p style=\"text-align: justify;\">5 \u015eubat&#8217;ta Atat\u00fcrk\u00e7\u00fc D\u00fc\u015f\u00fcnce Derne\u011fi&#8217;nin (ADD) Zonguldak \u015eubesi&#8217;ni ziyaret eden CHP Genel Ba\u015fkan Yard\u0131mc\u0131s\u0131 Batum&#8217;un, asker i\u00e7in &#8220;ka\u011f\u0131ttan kaplanm\u0131\u015f&#8221; s\u00f6zleri \u00fczerine inceleme ba\u015flatan Zonguldak Cumhuriyet Ba\u015fsavc\u0131l\u0131\u011f\u0131, s\u00f6z konusu ifadelerin T\u00fcrk Ceza Kanunu&#8217;nun (TCK) 301. maddesi kapsam\u0131na girdi\u011fine karar verdi.<\/p>\n<p style=\"text-align: justify;\">Bunun \u00fczerine Cumhuriyet Ba\u015fsavc\u0131l\u0131\u011f\u0131, S\u00fcheyl Batum hakk\u0131nda soru\u015fturma ba\u015flat\u0131lmas\u0131 i\u00e7in Adalet Bakanl\u0131\u011f\u0131&#8217;ndan izin istedi.<\/p>\n<p style=\"text-align: justify;\">TCK&#8217;n\u0131n 301. maddesinde, &#8220;T\u00fcrk Milletini, T\u00fcrkiye Cumhuriyeti devletini veya T\u00fcrkiye B\u00fcy\u00fck Millet Meclisi&#8217;ni, T\u00fcrkiye Cumhuriyeti h\u00fckumetini ve devletin yarg\u0131 organlar\u0131n\u0131 alenen a\u015fa\u011f\u0131layan ki\u015finin, 6 aydan 2 y\u0131la kadar hapis cezas\u0131na \u00e7arpt\u0131r\u0131lmas\u0131. Devletin askeri veya emniyet te\u015fkilat\u0131n\u0131 alenen a\u015fa\u011f\u0131layan ki\u015filere de ayn\u0131 cezan\u0131n uygulanmas\u0131&#8221; h\u00fckm\u00fc yer al\u0131yor.<\/p>\n<p style=\"text-align: justify;\">TCK&#8217;n\u0131n 301&#8217;inci maddesi gere\u011fince &#8220;soru\u015fturma&#8221; yap\u0131lmas\u0131 Adalet Bakan\u0131&#8217;n\u0131n iznine ba\u011fl\u0131.<\/p>\n<p style=\"text-align: justify;\"><strong>BATUM NE DEM\u0130\u015eT\u0130?<\/strong><\/p>\n<p style=\"text-align: justify;\">S\u00fcheyl Batum, Zonguldak&#8217;ta yapt\u0131\u011f\u0131 bir konu\u015fmada, &#8220;Koca bir askeri y\u0131kt\u0131lar, me\u011fer ka\u011f\u0131ttan kaplanm\u0131\u015f, biz bunu asker zannedermi\u015fiz, me\u011fer ABD i\u00e7ini oymu\u015f. O koca a\u011fac\u0131 hop diye y\u0131kt\u0131lar. Ancak CHP&#8217;yi y\u0131kamad\u0131lar&#8221; ifadesini kullanm\u0131\u015ft\u0131.<\/p>\n<p style=\"text-align: justify;\"><a href=\"http:\/\/www.cnnturk.com\/2011\/turkiye\/02\/09\/savci.batuma.301.sorusturmasi.icin.izin.istedi\/606210.0\/index.html\" target=\"_blank\"><span style=\"color: #888888;\">CNN T\u00dcRK<\/span><\/a><\/p>\n","protected":false},"excerpt":{"rendered":"<\/p>\n<p style=\"text-align: justify;\">Zonguldak Cumhuriyet Ba\u015fsavc\u0131l\u0131\u011f\u0131, TSK&#8217;ya y\u00f6nelik &#8216;ka\u011f\u0131ttan kaplanm\u0131\u015f&#8217; s\u00f6zleriyle tart\u0131\u015fma yaratan CHP Genel Ba\u015fkan Yard\u0131mc\u0131s\u0131 S\u00fcheyl Batum hakk\u0131nda TCK&#8217;n\u0131n 301. maddesi uyar\u0131nca soru\u015fturma ba\u015flat\u0131lmas\u0131 i\u00e7in Adalet Bakanl\u0131\u011f\u0131&#8217;ndan izin talebinde bulundu. <\/p>\n","protected":false},"author":1,"featured_media":0,"comment_status":"open","ping_status":"closed","sticky":false,"template":"","format":"standard","meta":{"footnotes":""},"categories":[105],"tags":[],"class_list":["post-28016","post","type-post","status-publish","format-standard","hentry","category-gundem","odd"],"_links":{"self":[{"href":"http:\/\/www.korhanyilmaz.com\/index.php?rest_route=\/wp\/v2\/posts\/28016","targetHints":{"allow":["GET"]}}],"collection":[{"href":"http:\/\/www.korhanyilmaz.com\/index.php?rest_route=\/wp\/v2\/posts"}],"about":[{"href":"http:\/\/www.korhanyilmaz.com\/index.php?rest_route=\/wp\/v2\/types\/post"}],"author":[{"embeddable":true,"href":"http:\/\/www.korhanyilmaz.com\/index.php?rest_route=\/wp\/v2\/users\/1"}],"replies":[{"embeddable":true,"href":"http:\/\/www.korhanyilmaz.com\/index.php?rest_route=%2Fwp%2Fv2%2Fcomments&post=28016"}],"version-history":[{"count":0,"href":"http:\/\/www.korhanyilmaz.com\/index.php?rest_route=\/wp\/v2\/posts\/28016\/revisions"}],"wp:attachment":[{"href":"http:\/\/www.korhanyilmaz.com\/index.php?rest_route=%2Fwp%2Fv2%2Fmedia&parent=28016"}],"wp:term":[{"taxonomy":"category","embeddable":true,"href":"http:\/\/www.korhanyilmaz.com\/index.php?rest_route=%2Fwp%2Fv2%2Fcategories&post=28016"},{"taxonomy":"post_tag","embeddable":true,"href":"http:\/\/www.korhanyilmaz.com\/index.php?rest_route=%2Fwp%2Fv2%2Ftags&post=28016"}],"curies":[{"name":"wp","href":"https:\/\/api.w.org\/{rel}","templated":true}]}}