{"id":28012,"date":"2011-02-09T08:28:23","date_gmt":"2011-02-09T06:28:23","guid":{"rendered":"http:\/\/www.korhanyilmaz.com\/?p=28012"},"modified":"2011-02-09T08:28:23","modified_gmt":"2011-02-09T06:28:23","slug":"cemil-cicekten-kktcye-sert-tepki","status":"publish","type":"post","link":"http:\/\/www.korhanyilmaz.com\/?p=28012","title":{"rendered":"Cemil \u00c7i\u00e7ek&#8217;ten KKTC&#8217;ye sert tepki"},"content":{"rendered":"<p style=\"text-align: justify;\"><a href=\"http:\/\/www.korhanyilmaz.com\/wp-content\/uploads\/2011\/02\/249.jpg\"  class=\"lightview\"><img loading=\"lazy\" decoding=\"async\" class=\"size-full wp-image-28013 aligncenter\" src=\"http:\/\/www.korhanyilmaz.com\/wp-content\/uploads\/2011\/02\/249.jpg\" alt=\"\" width=\"300\" height=\"251\" \/><\/a><\/p>\n<p style=\"text-align: justify;\">Ba\u015fbakan Yard\u0131mc\u0131s\u0131 \u00c7i\u00e7ek, Ba\u015fbakan Erdo\u011fan\u2019\u0131n s\u00f6zlerine tepki g\u00f6steren KKTC\u2019lilere ayn\u0131 sertlikte yan\u0131t verdi: \u201cCuma g\u00fcn\u00fc T\u00fcrkiye\u2019ye s\u00f6venler pazartesi g\u00fcn\u00fc bizim g\u00f6nderdi\u011fimiz parayla maa\u015flar\u0131n\u0131 ald\u0131lar.\u201d \u00c7i\u00e7ek\u2019e g\u00f6re, Ada\u2019da reform \u015fart.<!--more--><\/p>\n<p style=\"text-align: justify;\">ANKARA &#8211; Kuzey K\u0131br\u0131s T\u00fcrk Cumhuriyeti (KKTC) ile miting gerginli\u011fi s\u00fcr\u00fcyor. Ba\u015fbakan Tayyip Erdo\u011fan\u2019\u0131n ard\u0131ndan d\u00fcn de Ba\u015fbakan Yard\u0131mc\u0131s\u0131 Cemil \u00c7i\u00e7ek, Kuzey K\u0131br\u0131sl\u0131 politikac\u0131lar\u0131 \u00e7ok sert ifadelerle su\u00e7lad\u0131.<\/p>\n<p style=\"text-align: justify;\">Ayn\u0131 zamanda K\u0131br\u0131s i\u015flerinden sorumlu Devlet Bakanl\u0131\u011f\u0131 g\u00f6revi de bulunan Cemil \u00c7i\u00e7ek, miting konusunda sitemini dile getirirken, T\u00fcrkiye\u2019nin KKTC ile olan ili\u015fkisinin \u201c\u00e7\u0131kara dayal\u0131, emperyal bir ili\u015fki olmad\u0131\u011f\u0131n\u0131\u201d vurgulad\u0131ktan sonra \u015fu \u00e7arp\u0131c\u0131 ifadeleri kulland\u0131:<\/p>\n<p style=\"text-align: justify;\">\u201cEski Cumhurba\u015fkan\u0131 Rauf Denkta\u015f\u2019\u0131n bir ka\u00e7 sene \u00f6nce Ankara Ticaret Odas\u0131\u2019ndaki bir toplant\u0131da s\u00f6yledi\u011fi gibi, biz KKTC halk\u0131na \u2018kan istediklerinde kan verdi\u011fimiz, can istediklerinde can verdi\u011fimiz karde\u015flerimiz\u2019 g\u00f6z\u00fcyle bak\u0131yoruz.<\/p>\n<p style=\"text-align: justify;\">Ama son 28 Ocak mitinginde T\u00fcrkiye\u2019ye \u00e7ok a\u011f\u0131r hakaret edilmi\u015ftir. O Cuma g\u00fcn\u00fc orada T\u00fcrkiye\u2019ye s\u00f6venler, 31 Ocak Pazartesi g\u00fcn\u00fc bizim g\u00f6nderdi\u011fimiz parayla maa\u015flar\u0131n\u0131 ald\u0131lar&#8230;\u201d<\/p>\n<p style=\"text-align: justify;\">Vatan gazetesinde yer alan habere g\u00f6re, 28 Ocak mitingini \u201cutan\u00e7 verici bir sayg\u0131s\u0131zl\u0131k\u201d diye niteleyen \u00c7i\u00e7ek, \u201c\u0130\u015fin \u00f6n\u00fcnde olanlar Rum taraf\u0131yla irtibatl\u0131d\u0131r. Mitingten \u00f6nce de Rum taraf\u0131yla g\u00f6r\u00fc\u015ft\u00fckleri anla\u015f\u0131l\u0131yor. Bunu da inkar etmediler\u201d dedi.<\/p>\n<p style=\"text-align: justify;\"><strong>Tepki a\u00e7\u0131klamas\u0131 gelseydi&#8230; <\/strong><\/p>\n<p style=\"text-align: justify;\">Ba\u015fbakan Tayyip Erdo\u011fan\u2019\u0131n bu miting konusunda g\u00f6sterdi\u011fi sert tepkinin nedenlerini anlat\u0131rken de \u015funlar\u0131 s\u00f6yledi \u00c7i\u00e7ek:<\/p>\n<p style=\"text-align: justify;\">\u201cO mitingte KKTC ve T\u00fcrkiye bayra\u011f\u0131 yoktu Ama Rum bayra\u011f\u0131 vard\u0131. Buna kimse tepki koymad\u0131. Ve bu miting KKTC\u2019nin resmi devlet televizyonu BRT\u2019de naklen yay\u0131nlad\u0131. T\u00fcrkiye Cumhuriyeti\u2019ne, T\u00fcrk askerine i\u015fgalci ve sava\u015f su\u00e7lusu diye hakaret edildi. Meydanda insanlar istedi\u011fi gibi konu\u015ftu ama KKTC\u2019nin ne eski ne de yeni y\u00f6neticileri buna tepki g\u00f6stermedi. Sadece \u0130rsen K\u00fc\u00e7\u00fck, o da son derece zay\u0131f bir a\u00e7\u0131klama yapt\u0131. Cumhurba\u015fkan\u0131 28 Ocak\u2019ta yap\u0131lan mitinge 2 \u015eubat \u2019ta tepki yay\u0131nlad\u0131. Rum AKEL Partisi 27\u2019sinde de 28\u2019inde de a\u00e7\u0131klama yapt\u0131. KKTC politikac\u0131lar\u0131n\u0131n tepkisindeki bu gecikme kar\u015f\u0131s\u0131nda Ba\u015fbakan\u0131m\u0131z Tayyip Erdo\u011fan da hakl\u0131 olarak o \u00e7\u0131k\u0131\u015f\u0131, a\u00e7\u0131klamay\u0131 yapt\u0131. O\u2019nun da hedefi do\u011frudan do\u011fruya mitingte T\u00fcrkiye\u2019ye hakaret edenlerdi. Yoksa 260 bin KKTC vatanda\u015f\u0131 de\u011fildi. KKTC y\u00f6neticileri zaman\u0131nda bir tepki a\u00e7\u0131klamas\u0131 yapsalard\u0131, Ba\u015fbakan Erdo\u011fan buna da gerek duymayacakt\u0131. Eski ve yeni KKTC y\u00f6neticilerinden ses \u00e7\u0131kmamas\u0131 bizi \u00fczm\u00fc\u015ft\u00fcr. Olanlar\u0131 tasvip etmediklerini \u015fimdi s\u00f6yl\u00fcyorlar. Ama Basra harap olduktan, i\u015f i\u015ften ge\u00e7tikten sonra. Eski Cumhurba\u015fkan\u0131 Talat, k\u0131nad\u0131\u011f\u0131na dair bir c\u00fcmle s\u00f6ylemedi. Yenisi de 6 g\u00fcn sonra a\u00e7\u0131klama yapt\u0131.\u201d<\/p>\n<p style=\"text-align: justify;\"><strong>&#8220;RUMALARLA \u0130RT\u0130BATLI&#8221;<\/strong><\/p>\n<p style=\"text-align: justify;\">\u00c7i\u00e7ek, mitinge \u00f6nc\u00fcl\u00fck edenlerin Rum kesimiyle irtibatl\u0131 oldu\u011funu da belirterek \u015f\u00f6yle devam etti:<\/p>\n<p style=\"text-align: justify;\">\u201cBizim kay\u0131tlar\u0131m\u0131za g\u00f6re bu mitingte 13 bin ki\u015filik bir kitle vard\u0131. Bu grubun i\u00e7inde siyasi partiler de var. Elimizde ciddi belgeler, raporlar var. Bu i\u015fin \u00f6n\u00fcnde olanlar Rum kesimiyle ilintili.\u201d<\/p>\n<p style=\"text-align: justify;\">\u201cAyr\u0131ca bir\u00e7ok parti pankart\u0131 vard\u0131 o mitingte. Serdar Denkta\u015f\u2019\u0131n partisi i\u015fin i\u00e7inde, Talat\u2019\u0131n partisi CTP i\u015fin i\u00e7inde. Pankartlar\u0131 da g\u00f6z\u00fck\u00fcyordu zaten.\u201d<\/p>\n<p style=\"text-align: justify;\"><strong>&#8220;EN B\u00dcY\u00dcK GAYRET B\u0130ZDEN&#8221;<\/strong><\/p>\n<p style=\"text-align: justify;\">\u201c1974\u2019ten beri KKTC\u2019nin varl\u0131\u011f\u0131, ba\u011f\u0131m\u0131zl\u0131\u011f\u0131 ve K\u0131br\u0131s T\u00fcrk\u00fc\u2019n\u00fcn mutlulu\u011fu i\u00e7in en b\u00fcy\u00fck gayret bizim h\u00fck\u00fcmetlerimiz d\u00f6neminde g\u00f6sterildi. Eskiden sadece T\u00fcrkiye\u2019de temsilcili\u011fi vard\u0131, \u015fimdi 18 \u00fclkede var. Bizden \u00f6nce K\u0131br\u0131s Avrupa Konseyi\u2019nde konu\u015fuldu\u011fu zaman KKTC parlamenterleri Konsey\u2019in ancak kafeteryas\u0131na kadar girebiliyorlard\u0131. \u015eimdi ise art\u0131k Genel Kurul\u2019a kat\u0131l\u0131p, konu\u015fma yapabiliyorlar, orada ofisleri bile var.<\/p>\n<p style=\"text-align: justify;\">Eskiden KKTC Cumhurba\u015fkan\u0131 sadece T\u00fcrkiye\u2019ye gelebilir ve BM\u2019ye gidebilirdi. Bu h\u00fck\u00fcmet d\u00f6neminde ABD ba\u015fta olmak pek \u00e7ok \u00fclkeye davet edildi. Pakistan\u2019da Cumhurba\u015fkan\u0131 olarak kar\u015f\u0131land\u0131. \u0130slam Konferans\u0131 \u00d6rg\u00fct\u00fc\u2019ne g\u00f6zlemci \u00fcye oldu.\u201d<\/p>\n<p style=\"text-align: justify;\"><strong>&#8220;REFORM \u015eART&#8221;<\/strong><\/p>\n<p style=\"text-align: justify;\">\u201cKKTC\u2019nin 2011 b\u00fct\u00e7esi, 2 milyar 545 milyon lira. Daha ba\u015flang\u0131\u00e7ta 600 milyon a\u00e7\u0131\u011f\u0131 var. Bize kar\u015f\u0131 g\u00f6steri yapmalar\u0131n\u0131n temelinde de bu var. A\u00e7\u0131\u011f\u0131n bir k\u0131sm\u0131 bizden ald\u0131klar\u0131 yard\u0131mla kapat\u0131l\u0131yor ama 250 milyon liras\u0131 nas\u0131l kapanacak ? Bor\u00e7lanma imkanlar\u0131 da kalmam\u0131\u015f. Ciddi yap\u0131sal reformlara ihtiya\u00e7lar\u0131 var. Ya gelir art\u0131rma ya da harcama azaltma y\u00f6n\u00fcnde bir tak\u0131m tedbirler almalar\u0131 \u015fart.<\/p>\n<p style=\"text-align: justify;\">K\u0131br\u0131s\u2019ta bir ka\u00e7 y\u0131l \u00f6ncesine kadar kamu personeli 14 maa\u015f al\u0131yordu. \u015eimdi 13 maa\u015f al\u0131yorlar. \u0130\u015fte zaten 28 Ocak\u2019ta bize k\u00fcfredenler 31 Ocak\u2019ta T\u00fcrkiye\u2019den giden 145 milyon liradan 13. maa\u015flar\u0131n\u0131 ald\u0131lar. KKTC vatanda\u015flar\u0131n\u0131n T\u00fcrkiye\u2019nin katk\u0131lar\u0131ndan haberleri yok. Orada hantal, iyi i\u015flemeyen bir yap\u0131 var. T\u00fcrkiye kimsenin cebine zorla para koyay\u0131m demiyor. Bize k\u00fcfredenler 13. maa\u015f\u0131 kald\u0131rmay\u0131 d\u00fc\u015f\u00fcnm\u00fcyorlar.<\/p>\n<p style=\"text-align: justify;\">Reform \u015fart. Bu hantal yap\u0131ya kar\u015f\u0131 tedbir alam\u0131yorlar. KKTC\u2018nin idarecileri iyi bir i\u015f oldu\u011funda kendileri yapm\u0131\u015f oluyorlar, ama toplumdan fedakarl\u0131k gerektiren bir \u015fey oldu\u011funda da \u2018T\u00fcrkiye istiyor, yapt\u0131r\u0131yor\u2019 diyorlar. Ben b\u00f6yle kurnaz siyaset\u00e7iler g\u00f6rmedim. Sonra bu laflar Rum yanl\u0131lar\u0131n\u0131n a\u011fz\u0131na sak\u0131z oluyor.\u201d<\/p>\n<p style=\"text-align: justify;\"><a href=\"http:\/\/www.gazeteport.com.tr\/SIYASET\/NEWS\/GP_850205\" target=\"_blank\"><span style=\"color: #888888;\">Kaynak : GAZETEPORT<\/span><\/a><\/p>\n","protected":false},"excerpt":{"rendered":"<p style=\"text-align: justify;\">\n<p style=\"text-align: justify;\">Ba\u015fbakan Yard\u0131mc\u0131s\u0131 \u00c7i\u00e7ek, Ba\u015fbakan Erdo\u011fan\u2019\u0131n s\u00f6zlerine tepki g\u00f6steren KKTC\u2019lilere ayn\u0131 sertlikte yan\u0131t verdi: \u201cCuma g\u00fcn\u00fc T\u00fcrkiye\u2019ye s\u00f6venler pazartesi g\u00fcn\u00fc bizim g\u00f6nderdi\u011fimiz parayla maa\u015flar\u0131n\u0131 ald\u0131lar.\u201d \u00c7i\u00e7ek\u2019e g\u00f6re, Ada\u2019da reform \u015fart.<\/p>\n","protected":false},"author":1,"featured_media":0,"comment_status":"open","ping_status":"closed","sticky":false,"template":"","format":"standard","meta":{"footnotes":""},"categories":[105],"tags":[],"class_list":["post-28012","post","type-post","status-publish","format-standard","hentry","category-gundem","odd"],"_links":{"self":[{"href":"http:\/\/www.korhanyilmaz.com\/index.php?rest_route=\/wp\/v2\/posts\/28012","targetHints":{"allow":["GET"]}}],"collection":[{"href":"http:\/\/www.korhanyilmaz.com\/index.php?rest_route=\/wp\/v2\/posts"}],"about":[{"href":"http:\/\/www.korhanyilmaz.com\/index.php?rest_route=\/wp\/v2\/types\/post"}],"author":[{"embeddable":true,"href":"http:\/\/www.korhanyilmaz.com\/index.php?rest_route=\/wp\/v2\/users\/1"}],"replies":[{"embeddable":true,"href":"http:\/\/www.korhanyilmaz.com\/index.php?rest_route=%2Fwp%2Fv2%2Fcomments&post=28012"}],"version-history":[{"count":0,"href":"http:\/\/www.korhanyilmaz.com\/index.php?rest_route=\/wp\/v2\/posts\/28012\/revisions"}],"wp:attachment":[{"href":"http:\/\/www.korhanyilmaz.com\/index.php?rest_route=%2Fwp%2Fv2%2Fmedia&parent=28012"}],"wp:term":[{"taxonomy":"category","embeddable":true,"href":"http:\/\/www.korhanyilmaz.com\/index.php?rest_route=%2Fwp%2Fv2%2Fcategories&post=28012"},{"taxonomy":"post_tag","embeddable":true,"href":"http:\/\/www.korhanyilmaz.com\/index.php?rest_route=%2Fwp%2Fv2%2Ftags&post=28012"}],"curies":[{"name":"wp","href":"https:\/\/api.w.org\/{rel}","templated":true}]}}