{"id":28007,"date":"2011-02-09T12:45:14","date_gmt":"2011-02-09T10:45:14","guid":{"rendered":"http:\/\/www.korhanyilmaz.com\/?p=28007"},"modified":"2011-02-09T12:45:14","modified_gmt":"2011-02-09T10:45:14","slug":"cemil-cicek-kktcde-kumarhane-mi-acti","status":"publish","type":"post","link":"http:\/\/www.korhanyilmaz.com\/?p=28007","title":{"rendered":"Cemil \u00c7i\u00e7ek KKTC&#8217;de kumarhane mi a\u00e7t\u0131?"},"content":{"rendered":"<p style=\"text-align: center;\"><a href=\"http:\/\/www.korhanyilmaz.com\/wp-content\/uploads\/2011\/02\/247.jpg\"  class=\"lightview\"><img loading=\"lazy\" decoding=\"async\" class=\"aligncenter size-full wp-image-28008\" src=\"http:\/\/www.korhanyilmaz.com\/wp-content\/uploads\/2011\/02\/247.jpg\" alt=\"\" width=\"414\" height=\"220\" \/><\/a><\/p>\n<p style=\"text-align: justify;\">KKTC&#8217;de bir g\u00f6steride T\u00fcrkiye aleyhinde pankart a\u00e7\u0131lmas\u0131yla ba\u015flayan tart\u0131\u015fma g\u00fcndemdeki s\u0131cakl\u0131\u011f\u0131n\u0131 korurken Devlet Bakan\u0131 ve Ba\u015fbakan Yard\u0131mc\u0131s\u0131 Cemil \u00c7i\u00e7ek&#8217;in KKTC&#8217;de kumarhane a\u00e7t\u0131\u011f\u0131 iddia edildi.<!--more--><\/p>\n<p style=\"text-align: justify;\"><img loading=\"lazy\" decoding=\"async\" class=\"alignleft size-full wp-image-28009\" style=\"margin-left: 10px; margin-right: 10px;\" src=\"http:\/\/www.korhanyilmaz.com\/wp-content\/uploads\/2011\/02\/248.jpg\" alt=\"\" width=\"300\" height=\"201\" \/>ANKARA- BDP Mu\u015f Milletvekili S\u0131rr\u0131 Sak\u0131k, TBMM&#8217;de Torba Yasa g\u00f6r\u00fc\u015fmeleri s\u0131ras\u0131nda yapt\u0131\u011f\u0131 konu\u015fmada Cemil \u00c7i\u00e7ek&#8217;in KKTC&#8217;ye &#8220;kumarhane a\u00e7maya gitti\u011fini&#8221; savundu. Sak\u0131k &#8220;K\u0131br\u0131s, kimsenin arka bah\u00e7esi olmamal\u0131d\u0131r. K\u0131br\u0131s&#8217;a baban\u0131z\u0131n \u00e7iftli\u011finden bir \u015fey vermiyorsunuz&#8221; dedi.<\/p>\n<p style=\"text-align: justify;\">Sak\u0131k&#8217;a AK Parti Grup Ba\u015fkanvekili Suat K\u0131l\u0131\u00e7 yan\u0131t verdi. K\u0131l\u0131\u00e7, \u00c7i\u00e7ek&#8217;in kumarhane de\u011fil be\u015f y\u0131ld\u0131z\u0131 otel a\u00e7\u0131l\u0131\u015f\u0131 yapmaya gitti\u011fini kaydetti.<\/p>\n<p style=\"text-align: justify;\">Sak\u0131k&#8217;\u0131n konu\u015fmas\u0131 \u00fczerine s\u00f6z alan AK Parti Grup Ba\u015fkanvekili Suat K\u0131l\u0131\u00e7, &#8220;KKTC&#8217;de eline T\u00fcrk bayra\u011f\u0131n\u0131, KKTC&#8217;nin bayra\u011f\u0131n\u0131 almadan K\u0131br\u0131s Rum kesimini simgeleyen bayrakla meydana inenlere bu kadar kuvvetli bir \u00fcslupla sahip \u00e7\u0131kman\u0131z\u0131 yad\u0131rgamad\u0131m&#8221; dedi.<\/p>\n<p style=\"text-align: justify;\">K\u0131l\u0131\u00e7, Cemil \u00c7i\u00e7ek&#8217;in KKTC&#8217;ye kumarhane de\u011fil be\u015f y\u0131ld\u0131z\u0131 otel a\u00e7\u0131l\u0131\u015f\u0131 yapmaya gitti\u011fini kaydetti.<\/p>\n<p style=\"text-align: justify;\"><a href=\"http:\/\/www.gazeteport.com.tr\/SIYASET\/NEWS\/GP_850449\" target=\"_blank\"><span style=\"color: #888888;\">Kaynak : GAZETEPORT<\/span><\/a><\/p>\n","protected":false},"excerpt":{"rendered":"<p style=\"text-align: center;\">\n<p style=\"text-align: justify;\">KKTC&#8217;de bir g\u00f6steride T\u00fcrkiye aleyhinde pankart a\u00e7\u0131lmas\u0131yla ba\u015flayan tart\u0131\u015fma g\u00fcndemdeki s\u0131cakl\u0131\u011f\u0131n\u0131 korurken Devlet Bakan\u0131 ve Ba\u015fbakan Yard\u0131mc\u0131s\u0131 Cemil \u00c7i\u00e7ek&#8217;in KKTC&#8217;de kumarhane a\u00e7t\u0131\u011f\u0131 iddia edildi.<\/p>\n","protected":false},"author":1,"featured_media":0,"comment_status":"open","ping_status":"closed","sticky":false,"template":"","format":"standard","meta":{"footnotes":""},"categories":[105],"tags":[],"class_list":["post-28007","post","type-post","status-publish","format-standard","hentry","category-gundem","odd"],"_links":{"self":[{"href":"http:\/\/www.korhanyilmaz.com\/index.php?rest_route=\/wp\/v2\/posts\/28007","targetHints":{"allow":["GET"]}}],"collection":[{"href":"http:\/\/www.korhanyilmaz.com\/index.php?rest_route=\/wp\/v2\/posts"}],"about":[{"href":"http:\/\/www.korhanyilmaz.com\/index.php?rest_route=\/wp\/v2\/types\/post"}],"author":[{"embeddable":true,"href":"http:\/\/www.korhanyilmaz.com\/index.php?rest_route=\/wp\/v2\/users\/1"}],"replies":[{"embeddable":true,"href":"http:\/\/www.korhanyilmaz.com\/index.php?rest_route=%2Fwp%2Fv2%2Fcomments&post=28007"}],"version-history":[{"count":0,"href":"http:\/\/www.korhanyilmaz.com\/index.php?rest_route=\/wp\/v2\/posts\/28007\/revisions"}],"wp:attachment":[{"href":"http:\/\/www.korhanyilmaz.com\/index.php?rest_route=%2Fwp%2Fv2%2Fmedia&parent=28007"}],"wp:term":[{"taxonomy":"category","embeddable":true,"href":"http:\/\/www.korhanyilmaz.com\/index.php?rest_route=%2Fwp%2Fv2%2Fcategories&post=28007"},{"taxonomy":"post_tag","embeddable":true,"href":"http:\/\/www.korhanyilmaz.com\/index.php?rest_route=%2Fwp%2Fv2%2Ftags&post=28007"}],"curies":[{"name":"wp","href":"https:\/\/api.w.org\/{rel}","templated":true}]}}