{"id":27993,"date":"2011-02-09T09:01:11","date_gmt":"2011-02-09T07:01:11","guid":{"rendered":"http:\/\/www.korhanyilmaz.com\/?p=27993"},"modified":"2011-02-09T09:01:11","modified_gmt":"2011-02-09T07:01:11","slug":"yargitay-ve-danistaya-yeni-daireler-kuruluyor","status":"publish","type":"post","link":"http:\/\/www.korhanyilmaz.com\/?p=27993","title":{"rendered":"Yarg\u0131tay ve Dan\u0131\u015ftay&#8217;a yeni daireler kuruluyor"},"content":{"rendered":"<p style=\"text-align: center;\"><a href=\"http:\/\/www.korhanyilmaz.com\/wp-content\/uploads\/2011\/02\/244.jpg\"  class=\"lightview\"><img loading=\"lazy\" decoding=\"async\" class=\"aligncenter size-full wp-image-27994\" src=\"http:\/\/www.korhanyilmaz.com\/wp-content\/uploads\/2011\/02\/244.jpg\" alt=\"\" width=\"319\" height=\"228\" \/><\/a><\/p>\n<p style=\"text-align: justify;\">Yarg\u0131tay ve Dan\u0131\u015ftayda daire ve \u00fcye say\u0131s\u0131n\u0131 art\u0131ran, &#8221;Baz\u0131 Kanunlarda De\u011fi\u015fiklik Yapan Kanun Tasar\u0131s\u0131&#8221;n\u0131n 1. B\u00f6l\u00fcm\u00fc, TBMM Genel Kurulunda kabul edildi.<\/p>\n<p style=\"text-align: justify;\">Ankara- &#8221;Temel&#8221; yasa olarak g\u00f6r\u00fc\u015f\u00fclen 1 ile 6. maddeleri kapsayan 1. B\u00f6l\u00fcme g\u00f6re, Dan\u0131\u015ftay\u0131n daire say\u0131s\u0131 13&#8217;ten 15&#8217;e \u00e7\u0131kar\u0131lacak. Dan\u0131\u015ftay, 14&#8217;\u00fc dava, 1&#8217;i idari daire olmak \u00fczere 15 daireden olu\u015facak. Her dairede bir ba\u015fkan ile yeteri kadar \u00fcye bulunacak. Heyetler, 1 ba\u015fkan ve 4 \u00fcyenin kat\u0131l\u0131m\u0131yla toplanacak, salt \u00e7o\u011funlukla karar verecek. Say\u0131n\u0131n yeterli olmas\u0131 halinde birden fazla heyet olu\u015fturulabilecek. Bu durumda olu\u015fturulan di\u011fer heyetlere, heyette yer alan en k\u0131demli \u00fcye ba\u015fkanl\u0131k edecek. M\u00fczakereler gizli yap\u0131lacak. <!--more--><\/p>\n<p style=\"text-align: justify;\">\u0130dari Dava Daireleri Kurulu, idari dava dairelerinin ba\u015fkanlar\u0131 ile \u00fcyelerinden; Vergi Dava Daireleri Kurulu da vergi dava dairelerinin ba\u015fkanlar\u0131 ile \u00fcyelerinden olu\u015facak. Toplant\u0131 ve g\u00f6r\u00fc\u015fme yeter say\u0131s\u0131 \u0130dari Dava Daireleri Kurulu i\u00e7in 31, Vergi Dava Daireleri Kurulu i\u00e7in 13 olacak. \u0130dari Dava Daireleri ile Vergi Dava Dairelerinin ilk derece mahkemesi olarak verdikleri kararlar\u0131n temyiz veya itiraz yoluyla incelenmesinde ve iki dava dairesinin birlikte yapaca\u011f\u0131 toplant\u0131da verilen kararlar\u0131n incelenmesinde, bu dairelerde karara kat\u0131lm\u0131\u015f olanlar, idari ve vergi dava daireleri kurullar\u0131nda bulunamayacak. Dava dairelerinden 3, 4, 7 ve 9&#8217;uncu daireler vergi dava dairesi, di\u011fer dava daireleri ise idari dava dairesi olarak g\u00f6rev yapacak.<\/p>\n<p style=\"text-align: justify;\">\u0130dari dava daireleri ile vergi dava daireleri kendi aralar\u0131nda i\u015f b\u00f6l\u00fcm\u00fc esas\u0131na g\u00f6re \u00e7al\u0131\u015facak. \u00d6zel kanunlarda ba\u015fka h\u00fck\u00fcm bulunmad\u0131\u011f\u0131 takdirde, dava daireleri aras\u0131ndaki i\u015f b\u00f6l\u00fcm\u00fc karar tasar\u0131s\u0131, Ba\u015fkanl\u0131k Kurulunca haz\u0131rlanacak. Bu karar tasar\u0131s\u0131, toplant\u0131 tarihinden 7 g\u00fcn \u00f6nce ilan edilerek, Genel Kurul&#8217;un onay\u0131na sunulacak. Genel Kurul, i\u015f b\u00f6l\u00fcm\u00fc karar tasar\u0131s\u0131n\u0131 aynen onaylayabilece\u011fi gibi \u00fcye tam say\u0131s\u0131n\u0131n en az \u00fc\u00e7te birinin teklifi \u00fczerine de\u011fi\u015ftirerek de onaylayabilecek.<\/p>\n<p style=\"text-align: justify;\">\u0130ptal davalar\u0131 ve idari s\u00f6zle\u015fmelerden do\u011fan davalar y\u00f6n\u00fcnden daireler aras\u0131ndaki i\u015f b\u00f6l\u00fcm\u00fcn\u00fcn belirlenmesinde, uyu\u015fmazl\u0131\u011f\u0131n kaynakland\u0131\u011f\u0131 mevzuat esas al\u0131nacak. Temyiz incelemesi yapmakla g\u00f6revli daire, ayn\u0131 konuda ilk derece mahkemesi olarak Dan\u0131\u015ftayda g\u00f6r\u00fclecek davalara bakmak ve ola\u011fan\u00fcst\u00fc kanun yollar\u0131 incelemelerini de yapmakla g\u00f6revli olacak. \u0130dare mahkemeleri aras\u0131nda g\u00f6rev ve yetkiye ili\u015fkin uyu\u015fmazl\u0131klarda ve ba\u011flant\u0131l\u0131 davalarda merci tayini, uyu\u015fmazl\u0131\u011f\u0131n esas\u0131n\u0131 \u00e7\u00f6z\u00fcmlemekle g\u00f6revli idari dava dairesince yap\u0131lacak. Vergi mahkemeleri aras\u0131nda g\u00f6rev ve yetkiye ili\u015fkin uyu\u015fmazl\u0131klarda ve ba\u011flant\u0131l\u0131 davalarda merci tayini, uyu\u015fmazl\u0131\u011f\u0131n esas\u0131n\u0131 \u00e7\u00f6z\u00fcmlemekle g\u00f6revli vergi dava dairesince yap\u0131lacak.<\/p>\n<p style=\"text-align: justify;\">\u0130\u015f b\u00f6l\u00fcm\u00fcnde idari ve vergi dava dairelerinden herhangi birinin g\u00f6revinde oldu\u011fu belirlenmemi\u015f davalara bakmak \u00fczere birer idari ve vergi dava dairesi g\u00f6revlendirilecek. \u0130\u015f b\u00f6l\u00fcm\u00fcnde ayn\u0131 mevzuattan kaynaklanan uyu\u015fmazl\u0131klar\u0131n birden fazla dairede \u00e7\u00f6z\u00fcmlenmesi konusunda farkl\u0131 esaslar belirlenebilecek. Dairelerden birinin y\u0131l i\u00e7inde gelen i\u015fleri, normal \u00e7al\u0131\u015fma ile kar\u015f\u0131lanamayacak oranda artm\u0131\u015f ve daireler aras\u0131nda i\u015f bak\u0131m\u0131ndan bir dengesizlik meydana gelmi\u015fse bir k\u0131s\u0131m i\u015fler ba\u015fka daireye verilebilecek.<\/p>\n<p style=\"text-align: justify;\"><strong>Adli T\u0131p Kurumu <\/strong><\/p>\n<p style=\"text-align: justify;\">Adli T\u0131p Kurumunun ba\u015fkan yard\u0131mc\u0131s\u0131 say\u0131s\u0131 2&#8217;den 5&#8217;e y\u00fckseltilecek. Ba\u015fkan yard\u0131mc\u0131lar\u0131ndan en az 2&#8217;si adli t\u0131p uzman\u0131 olacak. Kurumun d\u00f6ner sermayesinden yap\u0131lacak bir k\u0131s\u0131m \u00f6demelerde oranlar art\u0131r\u0131lacak. \u0130kinci g\u00f6revle bu kurumda \u00e7al\u0131\u015fanlar da d\u00f6ner sermaye \u00f6demelerinden yararlanabilecek. \u0130kinci g\u00f6revli olarak bu kurumda \u00e7al\u0131\u015fanlar, Adli T\u0131p Kurumu&#8217;nda \u00e7al\u0131\u015fmas\u0131 nedeniyle kendi kurumundan alamad\u0131\u011f\u0131 d\u00f6ner sermaye \u00fccretini, Adli T\u0131p Kurumu&#8217;ndan alabilecek. Tasar\u0131n\u0131n birinci b\u00f6l\u00fcm\u00fcn\u00fcn kabul edilmesinin ard\u0131ndan, TBMM Ba\u015fkanvekili Sad\u0131k Yakut, birle\u015fimi, saat 13.00&#8217;de toplanmak \u00fczere kapatt\u0131.<\/p>\n<p style=\"text-align: justify;\"><a href=\"http:\/\/www.cumhuriyet.com.tr\/?hn=215232\" target=\"_blank\"><span style=\"color: #888888;\">Kaynak : Cumhuriyet Haber Portal\u0131<\/span><\/a><\/p>\n","protected":false},"excerpt":{"rendered":"<p style=\"text-align: center;\">\n<p style=\"text-align: justify;\">Yarg\u0131tay ve Dan\u0131\u015ftayda daire ve \u00fcye say\u0131s\u0131n\u0131 art\u0131ran, &#8221;Baz\u0131 Kanunlarda De\u011fi\u015fiklik Yapan Kanun Tasar\u0131s\u0131&#8221;n\u0131n 1. B\u00f6l\u00fcm\u00fc, TBMM Genel Kurulunda kabul edildi.<\/p>\n<p style=\"text-align: justify;\">Ankara- &#8221;Temel&#8221; yasa olarak g\u00f6r\u00fc\u015f\u00fclen 1 ile 6. maddeleri kapsayan 1. B\u00f6l\u00fcme g\u00f6re, Dan\u0131\u015ftay\u0131n daire say\u0131s\u0131 13&#8217;ten 15&#8217;e \u00e7\u0131kar\u0131lacak. Dan\u0131\u015ftay, 14&#8217;\u00fc dava, 1&#8217;i idari daire olmak \u00fczere <\/p>\n","protected":false},"author":1,"featured_media":0,"comment_status":"open","ping_status":"closed","sticky":false,"template":"","format":"standard","meta":{"footnotes":""},"categories":[105],"tags":[],"class_list":["post-27993","post","type-post","status-publish","format-standard","hentry","category-gundem","odd"],"_links":{"self":[{"href":"http:\/\/www.korhanyilmaz.com\/index.php?rest_route=\/wp\/v2\/posts\/27993","targetHints":{"allow":["GET"]}}],"collection":[{"href":"http:\/\/www.korhanyilmaz.com\/index.php?rest_route=\/wp\/v2\/posts"}],"about":[{"href":"http:\/\/www.korhanyilmaz.com\/index.php?rest_route=\/wp\/v2\/types\/post"}],"author":[{"embeddable":true,"href":"http:\/\/www.korhanyilmaz.com\/index.php?rest_route=\/wp\/v2\/users\/1"}],"replies":[{"embeddable":true,"href":"http:\/\/www.korhanyilmaz.com\/index.php?rest_route=%2Fwp%2Fv2%2Fcomments&post=27993"}],"version-history":[{"count":0,"href":"http:\/\/www.korhanyilmaz.com\/index.php?rest_route=\/wp\/v2\/posts\/27993\/revisions"}],"wp:attachment":[{"href":"http:\/\/www.korhanyilmaz.com\/index.php?rest_route=%2Fwp%2Fv2%2Fmedia&parent=27993"}],"wp:term":[{"taxonomy":"category","embeddable":true,"href":"http:\/\/www.korhanyilmaz.com\/index.php?rest_route=%2Fwp%2Fv2%2Fcategories&post=27993"},{"taxonomy":"post_tag","embeddable":true,"href":"http:\/\/www.korhanyilmaz.com\/index.php?rest_route=%2Fwp%2Fv2%2Ftags&post=27993"}],"curies":[{"name":"wp","href":"https:\/\/api.w.org\/{rel}","templated":true}]}}