{"id":27984,"date":"2011-02-09T08:13:19","date_gmt":"2011-02-09T06:13:19","guid":{"rendered":"http:\/\/www.korhanyilmaz.com\/?p=27984"},"modified":"2011-02-09T08:13:19","modified_gmt":"2011-02-09T06:13:19","slug":"basbakan-istifa-etsin-ben-niye-edeyim","status":"publish","type":"post","link":"http:\/\/www.korhanyilmaz.com\/?p=27984","title":{"rendered":"&#8216;Ba\u015fbakan istifa etsin, ben niye edeyim&#8217;"},"content":{"rendered":"<p style=\"text-align: center;\"><a href=\"http:\/\/www.korhanyilmaz.com\/wp-content\/uploads\/2011\/02\/242.jpg\"  class=\"lightview\"><img loading=\"lazy\" decoding=\"async\" class=\"aligncenter size-full wp-image-27985\" src=\"http:\/\/www.korhanyilmaz.com\/wp-content\/uploads\/2011\/02\/242.jpg\" alt=\"\" width=\"420\" height=\"210\" \/><\/a><\/p>\n<p style=\"text-align: justify;\"><strong>S\u00fcheyl Batum: Hi\u00e7 d\u00fc\u015f\u00fcnmedim, Ba\u015fbakan istifa etsin.<\/strong><\/p>\n<p style=\"text-align: justify;\">ANKARA- K\u0131l\u0131\u00e7daro\u011flu\u2019nun grup konu\u015fmas\u0131ndaki s\u00f6zlerinin ard\u0131ndan g\u00f6zlerin \u00e7evrildi\u011fi S\u00fcheyl Batum, g\u00fcn boyu parti genel merkezinde \u00e7al\u0131\u015ft\u0131. Batum gazetecilerin \u0131srarl\u0131 sorular\u0131 kar\u015f\u0131s\u0131nda, istifay\u0131 d\u00fc\u015f\u00fcnmedi\u011fini a\u00e7\u0131klad\u0131. Batum, \u201c\u0130stifay\u0131 hi\u00e7 d\u00fc\u015f\u00fcnmedim b\u00f6yle bir \u015fey yok. Ba\u015fbakan s\u00f6yledi diye istifa edersek sava\u015f\u0131 kaybetmi\u015f oluruz. Ba\u015fbakan istifa etsin ben niye edeyim?\u201d diye konu\u015ftu.<!--more--><\/p>\n<p style=\"text-align: justify;\"><strong>K\u0131l\u0131\u00e7daro\u011flu\u2019na sitem <\/strong><\/p>\n<p style=\"text-align: justify;\">K\u0131l\u0131\u00e7daro\u011flu\u2019nun \u201cOrduyu ele\u015ftirmek, ancak CHP Genel Ba\u015fkan\u0131 kat\u0131nda olur\u201d s\u00f6zlerinin an\u0131msat\u0131lmas\u0131 \u00fczerine ise Batum \u015f\u00f6yle konu\u015ftu: \u201c\u00c7ok hakl\u0131, kesin do\u011fru. Ama kesin do\u011fru derken, \u2018ben yanl\u0131\u015f yapt\u0131m\u2019 manas\u0131nda de\u011fil. Madem Genel Ba\u015fkan b\u00f6yle s\u00f6yledi, art\u0131k orduyu Genel Ba\u015fkan ele\u015ftirir. Ben art\u0131k kesinlikle ele\u015ftirmem. Madem b\u00f6yle bir gelenek var, genel politikay\u0131 genel ba\u015fkan belirler, biz de o \u00e7er\u00e7evede i\u015flem yapar\u0131z. Daha \u00f6nce partinin bu gelene\u011fini bilmiyordum. Orduyu ele\u015ftirmedim zaten, \u00fczerinde oynanan oyunlar\u0131 ele\u015ftirdim. Ben eski siyaset\u00e7i olmad\u0131\u011f\u0131m i\u00e7in CHP eski Genel Ba\u015fkan\u0131\u2019n\u0131n s\u00f6yledi\u011fini bilmiyordum.\u201d<\/p>\n<p style=\"text-align: justify;\">MHP Lideri Devlet Bah\u00e7eli\u2019nin kendisine y\u00f6nelik ele\u015ftirisinin an\u0131msat\u0131lmas\u0131 \u00fczerine ise Batum, \u201cOyunu kurtarmak i\u00e7in yap\u0131yor, makul kar\u015f\u0131l\u0131yorum. Baraj alt\u0131nda kalmamak i\u00e7in yap\u0131yor. S\u00f6zlerimizi orduya kar\u015f\u0131 gibi g\u00f6sterip, taban\u0131na sevimli g\u00f6r\u00fcnmeye \u00e7al\u0131\u015f\u0131yor\u201d yorumun yapt\u0131.<\/p>\n<p style=\"text-align: justify;\"><strong>Ka\u011f\u0131ttan kaplan <\/strong><\/p>\n<p style=\"text-align: justify;\">\u00c7in mitolojisinde \u201cka\u011f\u0131ttan kaplan\u201d g\u00f6r\u00fcnd\u00fc\u011f\u00fc kadar g\u00fc\u00e7l\u00fc olmayan anlam\u0131na geliyor. Bu deyimi siyasi literat\u00fcre sokan ise \u00c7in\u2019in efsanevi lideri Mao Zedung oldu. Aras\u0131n\u0131n bozuldu\u011fu Sovyetler Birli\u011fi\u2019ni \u201csosyal emperyalist\u201d ilan eden Mao\u2019ya g\u00f6re sosyalistlerin ger\u00e7ek d\u00fc\u015fman\u0131 \u2018emperyalist ABD\u2019 de\u011fil, \u2018sosyal emperyalist\u2019 SSCB\u2019ydi. Mao ka\u011f\u0131ttan kaplan deyimini ise ilk kez 1956\u2019da bir Amerikal\u0131 gazeteciye verdi\u011fi m\u00fclakatta kulland\u0131: \u201cAmerikan Emperyalizmi \u00e7ok g\u00fc\u00e7l\u00fc g\u00f6r\u00fcn\u00fcyor, ama ger\u00e7ekte b\u00f6yle de\u011fil. Siyasal olarak \u00e7ok zay\u0131f. Evet, g\u00f6r\u00fcnt\u00fcde \u00e7ok g\u00fc\u00e7l\u00fc fakat korkulacak hi\u00e7bir yan\u0131 yok, ka\u011f\u0131ttan bir kaplan. Ne r\u00fczgara ne de ya\u011fmura dayan\u0131kl\u0131 olmayan, ka\u011f\u0131ttan yap\u0131lm\u0131\u015f bir kaplan.\u201d<\/p>\n<p style=\"text-align: justify;\"><strong>S\u00dcHEYL BATUM K\u0130MD\u0130R? <\/strong><\/p>\n<p style=\"text-align: justify;\">1955 do\u011fumlu S\u00fcheyl Batum Sorbonne Hukuk Fak\u00fcltesi\u2019ni de kapsayan parlak bir e\u011fitim ald\u0131. \u0130stanbul \u00dcniversitesi\u2019nde \u201cSiyasal Kat\u0131lma Arac\u0131 Olarak Referandum \u201c konulu tezi ve \u2018pekiyi\u2019 derecesiyle doktor, 1990 y\u0131l\u0131nda \u201cAvrupa \u0130nsan Haklar\u0131 S\u00f6zle\u015fmesi ve T\u00fcrk Anayasal Sistemine Etkileri\u201d ba\u015fl\u0131kl\u0131 teziyle do\u00e7entlik unvan\u0131n\u0131 ald\u0131. 1996 y\u0131l\u0131nda Profes\u00f6r oldu. \u00dcniversitelerdeki derslerinin yan\u0131s\u0131ra Vatan, Cumhuriyet gibi gazetelerde k\u00f6\u015fe yaz\u0131lar\u0131 da yazan Batum\u2019u kamuoyu, referandum \u00f6ncesi sert tart\u0131\u015fmalar\u0131yla tan\u0131d\u0131. K\u0131l\u0131\u00e7daro\u011flu\u2019nun Genel Ba\u015fkan se\u00e7ilmesinin ard\u0131ndan CHP\u2019ye kat\u0131ld\u0131 ve son kurultay\u0131n ard\u0131ndan Genel Ba\u015fkan Yard\u0131mc\u0131s\u0131 oldu. Batum, bu s\u00fcre\u00e7te sert \u00e7\u0131k\u0131\u015flar\u0131yla dikkat \u00e7ekti. H\u00fck\u00fcmetin \u2018demokratik a\u00e7\u0131l\u0131m\u2019 projesine destek veren Sezen Aksu\u2019ya Sazan Aksu diyen Batum, Siyasal Bilgiler Fak\u00fcltesi\u2019ndeki \u00fcnl\u00fc yumurtal\u0131 eylemde de protesto edildi. Yumurta ya\u011fmuruna tutulan Burhan Kuzu\u2019dan \u00f6nce k\u00fcrs\u00fcye \u00e7\u0131kan Batum, slogan atan gen\u00e7leri fa\u015fistlikle su\u00e7lad\u0131. S\u00fcheyl Batum\u2019un Mustafa Balbay, Tuncay \u00d6zkan gibi Ergenekon davas\u0131ndan yarg\u0131lanan gazetecilerin CHP\u2019den milletvekili aday\u0131 g\u00f6sterilebilece\u011fini s\u00f6ylemesi de b\u00fcy\u00fck tart\u0131\u015fma yaratt\u0131. Batum en son Zonguldak\u2019ta yapt\u0131\u011f\u0131 a\u00e7\u0131klamada TSK\u2019y\u0131 ka\u011f\u0131ttan kaplana benzetmi\u015f ve i\u00e7inin ABD taraf\u0131ndan oyuldu\u011funu s\u00f6ylemi\u015fti.<\/p>\n<p style=\"text-align: justify;\"><a href=\"http:\/\/haber.gazetevatan.com\/basbakan-istifa-etsin-ben-niye-edeyim\/358073\/9\/Siyaset\" target=\"_blank\"><span style=\"color: #888888;\">Kaynak : VATAN<\/span><\/a><\/p>\n","protected":false},"excerpt":{"rendered":"<p style=\"text-align: center;\">\n<p style=\"text-align: justify;\">S\u00fcheyl Batum: Hi\u00e7 d\u00fc\u015f\u00fcnmedim, Ba\u015fbakan istifa etsin.<\/p>\n<p style=\"text-align: justify;\">ANKARA- K\u0131l\u0131\u00e7daro\u011flu\u2019nun grup konu\u015fmas\u0131ndaki s\u00f6zlerinin ard\u0131ndan g\u00f6zlerin \u00e7evrildi\u011fi S\u00fcheyl Batum, g\u00fcn boyu parti genel merkezinde \u00e7al\u0131\u015ft\u0131. Batum gazetecilerin \u0131srarl\u0131 sorular\u0131 kar\u015f\u0131s\u0131nda, istifay\u0131 d\u00fc\u015f\u00fcnmedi\u011fini a\u00e7\u0131klad\u0131. Batum, \u201c\u0130stifay\u0131 hi\u00e7 d\u00fc\u015f\u00fcnmedim b\u00f6yle bir \u015fey yok. Ba\u015fbakan s\u00f6yledi diye istifa edersek sava\u015f\u0131 kaybetmi\u015f oluruz. Ba\u015fbakan <\/p>\n","protected":false},"author":1,"featured_media":0,"comment_status":"open","ping_status":"closed","sticky":false,"template":"","format":"standard","meta":{"footnotes":""},"categories":[105],"tags":[],"class_list":["post-27984","post","type-post","status-publish","format-standard","hentry","category-gundem","odd"],"_links":{"self":[{"href":"http:\/\/www.korhanyilmaz.com\/index.php?rest_route=\/wp\/v2\/posts\/27984","targetHints":{"allow":["GET"]}}],"collection":[{"href":"http:\/\/www.korhanyilmaz.com\/index.php?rest_route=\/wp\/v2\/posts"}],"about":[{"href":"http:\/\/www.korhanyilmaz.com\/index.php?rest_route=\/wp\/v2\/types\/post"}],"author":[{"embeddable":true,"href":"http:\/\/www.korhanyilmaz.com\/index.php?rest_route=\/wp\/v2\/users\/1"}],"replies":[{"embeddable":true,"href":"http:\/\/www.korhanyilmaz.com\/index.php?rest_route=%2Fwp%2Fv2%2Fcomments&post=27984"}],"version-history":[{"count":0,"href":"http:\/\/www.korhanyilmaz.com\/index.php?rest_route=\/wp\/v2\/posts\/27984\/revisions"}],"wp:attachment":[{"href":"http:\/\/www.korhanyilmaz.com\/index.php?rest_route=%2Fwp%2Fv2%2Fmedia&parent=27984"}],"wp:term":[{"taxonomy":"category","embeddable":true,"href":"http:\/\/www.korhanyilmaz.com\/index.php?rest_route=%2Fwp%2Fv2%2Fcategories&post=27984"},{"taxonomy":"post_tag","embeddable":true,"href":"http:\/\/www.korhanyilmaz.com\/index.php?rest_route=%2Fwp%2Fv2%2Ftags&post=27984"}],"curies":[{"name":"wp","href":"https:\/\/api.w.org\/{rel}","templated":true}]}}