{"id":27983,"date":"2011-02-09T08:46:11","date_gmt":"2011-02-09T06:46:11","guid":{"rendered":"http:\/\/www.korhanyilmaz.com\/?p=27983"},"modified":"2011-02-09T08:46:11","modified_gmt":"2011-02-09T06:46:11","slug":"bir-varmis-bir-yokmus","status":"publish","type":"post","link":"http:\/\/www.korhanyilmaz.com\/?p=27983","title":{"rendered":"Bir varm\u0131\u015f bir yokmu\u015f"},"content":{"rendered":"<p><a href=\"http:\/\/www.korhanyilmaz.com\/wp-content\/uploads\/2011\/02\/243.jpg\"  class=\"lightview\"><img loading=\"lazy\" decoding=\"async\" class=\"aligncenter size-full wp-image-27989\" src=\"http:\/\/www.korhanyilmaz.com\/wp-content\/uploads\/2011\/02\/243.jpg\" alt=\"\" width=\"320\" height=\"100\" \/><\/a><\/p>\n<p style=\"text-align: justify;\">Dink cinayetinde soru\u015fturma karga\u015fas\u0131&#8230;<\/p>\n<p style=\"text-align: justify;\">Savc\u0131 \u00f6nceki g\u00fcn duru\u015fmada yeni soru\u015fturmadan s\u00f6zetti, ailenin avukatlar\u0131 adliye kap\u0131s\u0131nda \u201c<strong>Nihayet 28 b\u00fcrokrat soru\u015fturulacak<\/strong>\u201d diye a\u00e7\u0131klama yapt\u0131. Ancak d\u00fcn<\/p>\n<p style=\"text-align: justify;\">\u0130\u00e7i\u015fleri Bakan\u0131, \u201c<strong>Yok b\u00f6yle bir\u015fey<\/strong>\u201d deyince i\u015fler kar\u0131\u015ft\u0131.<\/p>\n<p style=\"text-align: justify;\">Savc\u0131l\u0131\u011f\u0131n <strong>2011\/192<\/strong> numaras\u0131yla bir soru\u015fturma a\u00e7t\u0131\u011f\u0131 ancak kay\u0131tlarda \u015f\u00fcpheli hanesinin bo\u015f b\u0131rak\u0131ld\u0131\u011f\u0131 anla\u015f\u0131ld\u0131. \u015eimdi 28 b\u00fcrokrattan hangilerinin soru\u015fturulaca\u011f\u0131 merakla bekleniyor.<!--more--><\/p>\n<p style=\"text-align: justify;\">Hrant Dink cinayeti davas\u0131nda i\u015fler yine kar\u0131\u015ft\u0131. Davan\u0131n \u00f6nceki g\u00fcn g\u00f6r\u00fclen 16\u2019\u0131nc\u0131 duru\u015fmas\u0131nda talepler hakk\u0131ndaki g\u00f6r\u00fc\u015f\u00fc sorulan duru\u015fma savc\u0131s\u0131 Mustafa \u00c7avu\u015fo\u011flu, kamu g\u00f6revlilerinin yarg\u0131lanmas\u0131 konusundaki taleplerle ilgili olarak Dink ailesinin avukatlar\u0131n\u0131n yapt\u0131\u011f\u0131 ba\u015fvuruyu kabul ettiklerini belirtimi\u015f yeni bir soru\u015fturma a\u00e7\u0131ld\u0131\u011f\u0131n\u0131 s\u00f6ylemi\u015fti. Dink Ailesi\u2019nin avukat\u0131 Fethiye \u00c7etin de adliye \u00e7\u0131k\u0131\u015f\u0131nda gazetecilere, nihayet A\u0130HM karar\u0131n\u0131n da etkisiyle verdikleri dilek\u00e7enin i\u015fleme konuldu\u011funu ve 28 g\u00f6revliyle ilgili soru\u015fturma a\u00e7\u0131laca\u011f\u0131n\u0131 a\u00e7\u0131klad\u0131. Ancak d\u00fcn \u0130\u00e7i\u015fleri Bakan\u0131 Be\u015fir Atalay, \u00c7etin\u2019in duyurdu\u011fu soru\u015fturma haberine ili\u015fkin olarak, sadece ailenin ba\u015fvurusu oldu\u011funu belirterek \u201cHen\u00fcz soru\u015fturma da ba\u015flat\u0131lm\u0131\u015f de\u011fil\u201d dedi ve herkesin kafas\u0131 kar\u0131\u015ft\u0131.<\/p>\n<p style=\"text-align: justify;\"><strong>Soru\u015fturma var ama&#8230; <\/strong><\/p>\n<p style=\"text-align: justify;\">\u0130stanbul Cumhuriyet Ba\u015fsavc\u0131l\u0131\u011f\u0131 kaynaklar\u0131ndan al\u0131nan bilgiye g\u00f6re, \u00f6zel yetkili \u0130stanbul Ba\u015fsavc\u0131 Vekilli\u011fi, Dink ailesinin A\u0130HM karar\u0131 do\u011frultusunda kamu g\u00f6revlileri hakk\u0131nda soru\u015fturma a\u00e7\u0131lmas\u0131 talebiyle yapt\u0131\u011f\u0131 su\u00e7 duyurusu \u00fczerine bir soru\u015fturma a\u00e7t\u0131. Bu soru\u015fturma savc\u0131l\u0131k kay\u0131tlar\u0131na 2011\/192 haz\u0131rl\u0131k soru\u015fturmas\u0131 numaras\u0131 ile kaydedildi. Ancak bu kay\u0131tta sadece \u015fikayet\u00e7i Dink ailesinin ismi yaz\u0131ld\u0131, \u015f\u00fcpheli isimleri hanesi ise bo\u015f b\u0131rak\u0131ld\u0131. Savc\u0131l\u0131k yetkililerinin, su\u00e7 duyurusunda ad\u0131 ge\u00e7en 28 kamu g\u00f6revlisinden hangilerinin soru\u015fturma kapsam\u0131na al\u0131naca\u011f\u0131na yap\u0131lacak bir \u00f6n inceleme sonunda karar verilece\u011fini belirttikleri ifade edildi. Su\u00e7 duyurusunda d\u00f6nemin \u0130stanbul Valisi olan Kamu G\u00fcvenli\u011fi M\u00fcste\u015far\u0131 Muammer G\u00fcler, eski Emniyet \u0130stihbarat Daire Ba\u015fkan\u0131 Ramazan Aky\u00fcrek, d\u00f6nemin \u0130stanbul Emniyet M\u00fcd\u00fcr\u00fc olan Osmaniye Valisi Celalettin Cerrah ve d\u00f6nemin Trabzon Alay Komutan\u0131 Albay Ali \u00d6z\u2019\u00fcn de ad\u0131 yer al\u0131yordu.<\/p>\n<p style=\"text-align: justify;\"><strong>2011\/192 <\/strong><\/p>\n<p style=\"text-align: justify;\">\u0130\u00e7i\u015fleri Bakan\u0131\u2019n\u0131n \u2018yok\u2019 dedi\u011fi soru\u015fturman\u0131n numaras\u0131.<\/p>\n<hr style=\"width: 500px;\" \/>\n<p style=\"text-align: justify;\"><strong>Soru\u015fturma ba\u015flat\u0131lm\u0131\u015f de\u011fil<\/strong><\/p>\n<p style=\"text-align: justify;\">Bakan Atalay: Soru\u015fturma ba\u015flat\u0131lm\u0131\u015f de\u011fil<\/p>\n<p style=\"text-align: justify;\">Soru\u015fturma ba\u015flat\u0131lm\u0131\u015f de\u011fil Bakan\u0131 Be\u015fir Atalay, Dink cinayetinde kamu g\u00f6revlilerine y\u00f6nelik soru\u015fturma a\u00e7\u0131ld\u0131\u011f\u0131 haberlerinin sorulmas\u0131 \u00fczerine \u201cBu konuda epey bir bilgi kirlili\u011fi ve kar\u0131\u015f\u0131kl\u0131k var. \u015eu anda idare olarak bize gelen herhangi bir konu yok. Bu konunun yeniden g\u00fcndeme gelmesi de Avrupa \u0130nsan Haklar\u0131 Mahkemesinin verdi\u011fi karar ve ailenin avukatlar\u0131n\u0131n savc\u0131l\u0131\u011fa ba\u015fvurusu ile g\u00fcndeme geldi. Savc\u0131l\u0131\u011fa ba\u015fvurudur bu, hen\u00fcz soru\u015fturma da ba\u015flat\u0131lm\u0131\u015f de\u011fildir. Savc\u0131l\u0131k bundan sonra ne yapacak onu beklememiz laz\u0131m\u201d dedi.<\/p>\n<hr style=\"width: 500px;\" \/>\n<p style=\"text-align: justify;\"><strong>Dink ailesinin avukat\u0131ndan tepki<\/strong><\/p>\n<p style=\"text-align: justify;\">Dink ailesinin avukat\u0131 Fethiye \u00c7etin, VATAN\u2019a yapt\u0131\u011f\u0131 a\u00e7\u0131klamada, soru\u015fturman\u0131n a\u00e7\u0131ld\u0131\u011f\u0131n\u0131 \u00f6nceki g\u00fcn g\u00f6r\u00fclen Dink cinayeti davas\u0131nda Savc\u0131 Mehmet \u00c7avu\u015fo\u011flu\u2019nun a\u00e7\u0131klamas\u0131 \u00fczerine \u00f6\u011frendiklerine dikkat \u00e7ekerek \u015f\u00f6yle konu\u015ftu: \u201cSavc\u0131l\u0131k kendi g\u00f6revinde g\u00f6rm\u00fc\u015f, ayr\u0131 bir soru\u015fturma dosyas\u0131 a\u00e7m\u0131\u015f. Biz mahkemeye baz\u0131 konularda ara\u015ft\u0131rma yap\u0131lmas\u0131n\u0131 talep ettik. Duru\u015fma Savc\u0131s\u0131 da \u2018kamu g\u00f6revlileri ile ilgili savc\u0131l\u011f\u0131m\u0131zca a\u00e7\u0131lm\u0131\u015f bir dosya var kamu g\u00f6revlilerini ilgilendiren k\u0131sm\u0131 oraya aktaral\u0131m\u2019 dedi. B\u00fct\u00fcn bunlar bir araya gelince biz de b\u00f6yle bir a\u00e7\u0131klama yapt\u0131k. Biz siyasi iradenin destek olmas\u0131 gerekti\u011fini beklerken b\u00f6yle bir a\u00e7\u0131klama yap\u0131lmas\u0131 k\u00f6stek anlam\u0131na geliyor. Oysa A\u0130HM kararlar\u0131n\u0131n gere\u011fini yerine getirmek h\u00fck\u00fcmetin g\u00f6revidir. \u015eikayet dilek\u00e7emiz \u00fczerine ayr\u0131 bir soru\u015fturma dosyas\u0131 a\u00e7\u0131lm\u0131\u015fsa bu soru\u015fturma var demektir. Savc\u0131l\u0131k burada nereye var\u0131r bilemiyiz. Bir sonu\u00e7 al\u0131nmas\u0131 i\u00e7in siyasi iradenin de deste\u011fi gerekiyor. Ama hemen ertesi g\u00fcn b\u00f6yle bir a\u00e7\u0131klama yap\u0131lmas\u0131 \u2018A\u0130HM karar\u0131 yerine getirilmesin\u2019 anlam\u0131na gelir.\u201d<\/p>\n<p style=\"text-align: justify;\"><strong>Bakan savc\u0131l\u0131\u011f\u0131 arad\u0131 m\u0131? <\/strong><\/p>\n<p style=\"text-align: justify;\">\u00c7etin, \u0130\u00e7i\u015fleri Bakan\u0131\u2019n\u0131n a\u00e7\u0131klamas\u0131n\u0131n savc\u0131l\u0131ktan durumu sordu\u011funu g\u00f6sterdi\u011fine dikkat \u00e7ekerek \u201cYarg\u0131lama makamlar\u0131 bir ad\u0131m atmak istiyor. Biz destek bekliyoruz diyorlar ama bu destek g\u00f6sterilmiyor. Farkl\u0131 \u015feyler s\u00f6z konusu&#8230;\u00c7ok \u00fcz\u00fcc\u00fc bir durum\u201d diye konu\u015ftu.<\/p>\n<p style=\"text-align: justify;\">&nbsp;<\/p>\n<hr style=\"width: 500px;\" \/>\n<p style=\"text-align: justify;\"><strong>Savc\u0131l\u0131\u011f\u0131n \u00f6n\u00fcndeki iki yol<\/strong><\/p>\n<p style=\"text-align: justify;\">\u00d6zel yetkili Savc\u0131l\u0131k, hen\u00fcz \u015f\u00fcphelilerini yazmad\u0131\u011f\u0131 soru\u015fturma dosyas\u0131nda yapaca\u011f\u0131 \u00f6n inceleme sonunda haklar\u0131nda soru\u015fturma yap\u0131lmas\u0131 gereken kamu g\u00f6revlileri oldu\u011funu tespit etmezse dosyay\u0131 kapatacak. Ancak baz\u0131 kamu g\u00f6revlilerinin soru\u015fturulmas\u0131na gerek g\u00f6r\u00fcrse de \u00f6n\u00fcnde iki yol var:<\/p>\n<p style=\"text-align: justify;\"><strong>1-<\/strong> Savc\u0131l\u0131k, daha \u00f6nce hep yap\u0131ld\u0131\u011f\u0131 gibi iddialar\u0131 g\u00f6revi ihmal su\u00e7u kapmas\u0131nda g\u00f6r\u00fcrse, dosyay\u0131 g\u00f6revsizlik karar\u0131yla d\u00fcz savc\u0131l\u0131\u011fa g\u00f6nderecek. Bu savc\u0131l\u0131k da yasa gere\u011fi soru\u015fturma izni vermesi i\u00e7in dosyay\u0131 ilgili valiliklere g\u00f6nderecek. Daha \u00f6nce bu yol \u00e7ok defa denenip sonu\u00e7 al\u0131nmad\u0131\u011f\u0131 i\u00e7in yine sonu\u00e7 al\u0131nmas\u0131 \u00e7ok zor g\u00f6r\u00fcn\u00fcyor.<\/p>\n<p style=\"text-align: justify;\"><strong>2-<\/strong> Savc\u0131l\u0131k, Dink ailesinin iddialar\u0131n\u0131 ciddi bularak kamu g\u00f6revlilerinin cinayet \u00f6ncesi ve sonras\u0131ndaki ihmallerini \u201cter\u00f6r \u00f6rg\u00fct\u00fcne yard\u0131m\u201d kapsam\u0131nda g\u00f6r\u00fcrse soru\u015fturmaya devam edebilir. Bu durumda soru\u015fturma ve a\u00e7\u0131lacak olas\u0131 bir dava Dink cinayeti davas\u0131n\u0131n seyrini de\u011fi\u015ftirebilir<\/p>\n<p style=\"text-align: justify;\"><a href=\"http:\/\/haber.gazetevatan.com\/bir-varmis-bir-yokmus\/358113\/1\/Gundem\" target=\"_blank\"><span style=\"color: #888888;\">Kaynak : VATAN<\/span><\/a><\/p>\n","protected":false},"excerpt":{"rendered":"<\/p>\n<p style=\"text-align: justify;\">Dink cinayetinde soru\u015fturma karga\u015fas\u0131&#8230;<\/p>\n<p style=\"text-align: justify;\">Savc\u0131 \u00f6nceki g\u00fcn duru\u015fmada yeni soru\u015fturmadan s\u00f6zetti, ailenin avukatlar\u0131 adliye kap\u0131s\u0131nda \u201cNihayet 28 b\u00fcrokrat soru\u015fturulacak\u201d diye a\u00e7\u0131klama yapt\u0131. Ancak d\u00fcn<\/p>\n<p style=\"text-align: justify;\">\u0130\u00e7i\u015fleri Bakan\u0131, \u201cYok b\u00f6yle bir\u015fey\u201d deyince i\u015fler kar\u0131\u015ft\u0131.<\/p>\n<p style=\"text-align: justify;\">Savc\u0131l\u0131\u011f\u0131n 2011\/192 numaras\u0131yla bir soru\u015fturma a\u00e7t\u0131\u011f\u0131 ancak kay\u0131tlarda \u015f\u00fcpheli hanesinin bo\u015f b\u0131rak\u0131ld\u0131\u011f\u0131 anla\u015f\u0131ld\u0131. \u015eimdi <\/p>\n","protected":false},"author":1,"featured_media":0,"comment_status":"open","ping_status":"closed","sticky":false,"template":"","format":"standard","meta":{"footnotes":""},"categories":[105],"tags":[],"class_list":["post-27983","post","type-post","status-publish","format-standard","hentry","category-gundem","odd"],"_links":{"self":[{"href":"http:\/\/www.korhanyilmaz.com\/index.php?rest_route=\/wp\/v2\/posts\/27983","targetHints":{"allow":["GET"]}}],"collection":[{"href":"http:\/\/www.korhanyilmaz.com\/index.php?rest_route=\/wp\/v2\/posts"}],"about":[{"href":"http:\/\/www.korhanyilmaz.com\/index.php?rest_route=\/wp\/v2\/types\/post"}],"author":[{"embeddable":true,"href":"http:\/\/www.korhanyilmaz.com\/index.php?rest_route=\/wp\/v2\/users\/1"}],"replies":[{"embeddable":true,"href":"http:\/\/www.korhanyilmaz.com\/index.php?rest_route=%2Fwp%2Fv2%2Fcomments&post=27983"}],"version-history":[{"count":0,"href":"http:\/\/www.korhanyilmaz.com\/index.php?rest_route=\/wp\/v2\/posts\/27983\/revisions"}],"wp:attachment":[{"href":"http:\/\/www.korhanyilmaz.com\/index.php?rest_route=%2Fwp%2Fv2%2Fmedia&parent=27983"}],"wp:term":[{"taxonomy":"category","embeddable":true,"href":"http:\/\/www.korhanyilmaz.com\/index.php?rest_route=%2Fwp%2Fv2%2Fcategories&post=27983"},{"taxonomy":"post_tag","embeddable":true,"href":"http:\/\/www.korhanyilmaz.com\/index.php?rest_route=%2Fwp%2Fv2%2Ftags&post=27983"}],"curies":[{"name":"wp","href":"https:\/\/api.w.org\/{rel}","templated":true}]}}