{"id":27973,"date":"2011-02-09T08:59:36","date_gmt":"2011-02-09T06:59:36","guid":{"rendered":"http:\/\/www.korhanyilmaz.com\/?p=27973"},"modified":"2011-02-09T08:59:36","modified_gmt":"2011-02-09T06:59:36","slug":"bursada-zincirleme-kaza-4-olu","status":"publish","type":"post","link":"http:\/\/www.korhanyilmaz.com\/?p=27973","title":{"rendered":"Bursa&#8217;da zincirleme kaza: 4 \u00f6l\u00fc"},"content":{"rendered":"<p style=\"text-align: center;\"><a href=\"http:\/\/www.korhanyilmaz.com\/wp-content\/uploads\/2011\/02\/239.jpg\"  class=\"lightview\"><img loading=\"lazy\" decoding=\"async\" class=\"aligncenter size-full wp-image-27974\" src=\"http:\/\/www.korhanyilmaz.com\/wp-content\/uploads\/2011\/02\/239.jpg\" alt=\"\" width=\"333\" height=\"221\" \/><\/a><\/p>\n<p style=\"text-align: justify;\">Bursa-\u0130zmir \u00e7evre yolunda sabah saatlerinde yo\u011fun sis nedeniyle meydana gelen ve 12 arac\u0131n kar\u0131\u015ft\u0131\u011f\u0131 zincirleme trafik kazas\u0131nda ilk belirlemelere g\u00f6re 4 ki\u015fi hayat\u0131n\u0131 kaybetti. 14 ki\u015fi ise yaraland\u0131.Can pazar\u0131n\u0131n ya\u015fand\u0131\u011f\u0131 kaza sonras\u0131 Bursa-\u0130zmir \u00e7evreyolu trafi\u011fe kapat\u0131ld\u0131.<!--more--><\/p>\n<p style=\"text-align: justify;\">Bursa&#8217;da bu sabah Merkez Nil\u00fcfer il\u00e7esi Yeni Hal mevkiindeki \u0130zmir \u00c7evreyolunda yo\u011fun sis ve buzlanma nedeniyle hen\u00fcz plakas\u0131 ve s\u00fcr\u00fcc\u00fcs\u00fc belirlenemeyen TIR \u00f6n\u00fcnde seyretmekte olan kamyona \u00e7arpt\u0131. G\u00f6r\u00fc\u015f mesafesinin 1 metreye kadar d\u00fc\u015ft\u00fc\u011f\u00fc kazada bu ara\u00e7lara arkadan gelen Bal\u0131kesir Sa\u011fl\u0131k M\u00fcd\u00fcrl\u00fc\u011f\u00fc&#8217; ne ba\u011fl\u0131 i\u00e7erisinde hasta olmayan ambulans ve otob\u00fcs ile kamyonlar \u00e7arpt\u0131.<\/p>\n<p style=\"text-align: justify;\"><strong>HAYATINI KAYBEDENLER\u0130N \u0130S\u0130MLER\u0130 <\/strong><\/p>\n<p style=\"text-align: justify;\">Can pazar\u0131n\u0131n ya\u015fand\u0131\u011f\u0131 zincirleme kazada, ilk belirlemelere g\u00f6re  Muttalip K\u00f6se, Erkan Bilgin, Fikret Mutlu, ve Mehmet Banat olay yerinde hayatlar\u0131n\u0131 kaybettiler. Yaralanan 14 ki\u015finin hastaneye kald\u0131r\u0131ld\u0131\u011f\u0131 kazada \u00e7ok say\u0131da s\u00fcr\u00fcc\u00fc ve yolcu kazay\u0131 hafif s\u0131yr\u0131klarla atlatt\u0131lar.<\/p>\n<p style=\"text-align: justify;\">Can pazar\u0131n\u0131n ya\u015fand\u0131\u011f\u0131 kaza yerinde enkazdan \u00e7\u0131kart\u0131lan cesetleri g\u00f6ren yak\u0131nlar\u0131 sinir krizi ge\u00e7irip \u00e7aresizlik i\u00e7inde bekleyi\u015flerini s\u00fcrd\u00fcrd\u00fcler.Kaza sonras\u0131 Bursa&#8217;daki  t\u00fcm hastaneler alarma ge\u00e7irildi.<\/p>\n<p style=\"text-align: justify;\"><strong>KAZAYA 12 ARA\u00c7 KARI\u015eTI <\/strong><\/p>\n<p style=\"text-align: justify;\">Bursa \u0130zmir \u00e7evreyolunun kapanmas\u0131na neden olan kazaya 6 kamyon, 1 TIR, 2 otob\u00fcs, 2 kamyonet ve 1 ambulans kar\u0131\u015ft\u0131.<\/p>\n<p style=\"text-align: justify;\"><a href=\"http:\/\/www.hurriyet.com.tr\/gundem\/16972758.asp?gid=373\" target=\"_blank\"><span style=\"color: #888888;\">Kaynak : H\u00fcrriyet<\/span><\/a><\/p>\n","protected":false},"excerpt":{"rendered":"<p style=\"text-align: center;\">\n<p style=\"text-align: justify;\">Bursa-\u0130zmir \u00e7evre yolunda sabah saatlerinde yo\u011fun sis nedeniyle meydana gelen ve 12 arac\u0131n kar\u0131\u015ft\u0131\u011f\u0131 zincirleme trafik kazas\u0131nda ilk belirlemelere g\u00f6re 4 ki\u015fi hayat\u0131n\u0131 kaybetti. 14 ki\u015fi ise yaraland\u0131.Can pazar\u0131n\u0131n ya\u015fand\u0131\u011f\u0131 kaza sonras\u0131 Bursa-\u0130zmir \u00e7evreyolu trafi\u011fe kapat\u0131ld\u0131.<\/p>\n","protected":false},"author":1,"featured_media":0,"comment_status":"open","ping_status":"closed","sticky":false,"template":"","format":"standard","meta":{"footnotes":""},"categories":[105],"tags":[],"class_list":["post-27973","post","type-post","status-publish","format-standard","hentry","category-gundem","odd"],"_links":{"self":[{"href":"http:\/\/www.korhanyilmaz.com\/index.php?rest_route=\/wp\/v2\/posts\/27973","targetHints":{"allow":["GET"]}}],"collection":[{"href":"http:\/\/www.korhanyilmaz.com\/index.php?rest_route=\/wp\/v2\/posts"}],"about":[{"href":"http:\/\/www.korhanyilmaz.com\/index.php?rest_route=\/wp\/v2\/types\/post"}],"author":[{"embeddable":true,"href":"http:\/\/www.korhanyilmaz.com\/index.php?rest_route=\/wp\/v2\/users\/1"}],"replies":[{"embeddable":true,"href":"http:\/\/www.korhanyilmaz.com\/index.php?rest_route=%2Fwp%2Fv2%2Fcomments&post=27973"}],"version-history":[{"count":0,"href":"http:\/\/www.korhanyilmaz.com\/index.php?rest_route=\/wp\/v2\/posts\/27973\/revisions"}],"wp:attachment":[{"href":"http:\/\/www.korhanyilmaz.com\/index.php?rest_route=%2Fwp%2Fv2%2Fmedia&parent=27973"}],"wp:term":[{"taxonomy":"category","embeddable":true,"href":"http:\/\/www.korhanyilmaz.com\/index.php?rest_route=%2Fwp%2Fv2%2Fcategories&post=27973"},{"taxonomy":"post_tag","embeddable":true,"href":"http:\/\/www.korhanyilmaz.com\/index.php?rest_route=%2Fwp%2Fv2%2Ftags&post=27973"}],"curies":[{"name":"wp","href":"https:\/\/api.w.org\/{rel}","templated":true}]}}