{"id":27952,"date":"2011-02-08T14:58:23","date_gmt":"2011-02-08T12:58:23","guid":{"rendered":"http:\/\/www.korhanyilmaz.com\/?p=27952"},"modified":"2011-02-08T14:58:23","modified_gmt":"2011-02-08T12:58:23","slug":"basbakan-yargiya-mudahale-etti","status":"publish","type":"post","link":"http:\/\/www.korhanyilmaz.com\/?p=27952","title":{"rendered":"&#8220;Ba\u015fbakan yarg\u0131ya m\u00fcdahale etti&#8221;"},"content":{"rendered":"<p style=\"text-align: justify;\"><a href=\"http:\/\/www.korhanyilmaz.com\/wp-content\/uploads\/2011\/02\/234.jpg\"  class=\"lightview\"><img loading=\"lazy\" decoding=\"async\" class=\"aligncenter size-full wp-image-27953\" src=\"http:\/\/www.korhanyilmaz.com\/wp-content\/uploads\/2011\/02\/234.jpg\" alt=\"\" width=\"322\" height=\"241\" \/><\/a><\/p>\n<p style=\"text-align: justify;\">CHP Lideri Kemal K\u0131l\u0131\u00e7daro\u011flu, Ba\u015fbakan Erdo\u011fan&#8217;\u0131n Batum&#8217;a y\u00f6nelik tutumuna ili\u015fkin, &#8216;Ba\u015fbakan&#8217;\u0131n su\u00e7 duyurusu a\u00e7\u0131klamas\u0131 yarg\u0131ya m\u00fcdahaledir&#8217; a\u00e7\u0131klamas\u0131nda bulundu.<\/p>\n<p style=\"text-align: justify;\">Ankara- Partisinin grup toplant\u0131s\u0131nda konu\u015fan CHP Genel Ba\u015fkan\u0131 Kemal K\u0131l\u0131\u00e7daro\u011flu, CHP Genel Ba\u015fkan Yard\u0131mc\u0131s\u0131 S\u00fcheyl Batum&#8217;un, s\u00f6z\u00fcne y\u00f6nelik ele\u015ftirilere yan\u0131t verdi. <!--more--><\/p>\n<p style=\"text-align: justify;\">Ba\u015fbakan Recep Tayyip Erdo\u011fan&#8217;\u0131n grup toplant\u0131s\u0131nda yapt\u0131\u011f\u0131 konu\u015fmay\u0131 hat\u0131rlatan CHP Genel Ba\u015fkan\u0131, \u015f\u00f6yle dedi:<\/p>\n<p style=\"text-align: justify;\">&#8220;Orduyu \u00f6vm\u00fc\u015f, ne kadar samimi oldu\u011funu bilmiyoruz. Bizi ele\u015ftirmi\u015f. \u00d6nce \u015funu s\u00f6yleyeyim. Say\u0131n Ba\u015fbakan ele\u015ftirebilir, ele\u015ftirisinde hakl\u0131 da olabilir. Ama ben Say\u0131n Ba\u015fbakan&#8217;dan \u015fu samimiyeti beklerdim. Bizi ele\u015ftirdi\u011fin gibi kendini de ele\u015ftirmesini bileceksin. E\u011fer senin bir bakan\u0131n \u00e7\u0131k\u0131p da, &#8216;Bu orduyla m\u0131 biz sava\u015fa girece\u011fiz&#8217; derse ve sen sesini \u00e7\u0131karmazsan sen orduya sayg\u0131 g\u00f6stermiyorsun demektir. Biz sadece orduya de\u011fil, devletin t\u00fcm kurumlar\u0131na sayg\u0131l\u0131y\u0131z. Devleti devlet yapan kurumlara sayg\u0131l\u0131y\u0131z. Ama devleti devlet yapan kurumlara sayg\u0131l\u0131ysak o sayg\u0131y\u0131 da \u00e7ok iyi bilmeliyiz. Herkes, her siyaset\u00e7i bunun gere\u011fini yapmal\u0131d\u0131r.&#8221;<\/p>\n<p style=\"text-align: justify;\"><strong>Parti i\u00e7ine Baykal&#8217;\u0131n s\u00f6z\u00fc ile yan\u0131t verdi <\/strong><\/p>\n<p style=\"text-align: justify;\">&#8220;Hi\u00e7 kimse ordu \u00fczerinden siyaset yapmas\u0131n. Bu bize Mustafa Kemal&#8217;in verdi\u011fi bir mirast\u0131r&#8221; diyen K\u0131l\u0131\u00e7daro\u011flu, parti i\u00e7ine de CHP&#8217;nin eski Genel Ba\u015fkan\u0131 Deniz Baykal&#8217;\u0131n s\u00f6z\u00fc ile yan\u0131t vererek, &#8220;Her kurum ele\u015ftirilebilir, ordu da ele\u015ftirilebilir. Ama \u00f6nceki genel ba\u015fkan\u0131m\u0131z\u0131n s\u00f6yledi\u011fi \u00e7ok g\u00fczel bir s\u00f6z var. &#8216;Orduyu ele\u015ftirmek CHP Genel Ba\u015fkan\u0131 kat\u0131nda ancak olur&#8221; diye konu\u015ftu.<\/p>\n<p style=\"text-align: justify;\"><strong>&#8220;Tek ses \u00e7\u0131karal\u0131m&#8221;<\/strong><\/p>\n<p style=\"text-align: justify;\">&#8220;Tek ses \u00e7\u0131karmal\u0131y\u0131z, ortak ses \u00e7\u0131karmal\u0131y\u0131z&#8221; mesaj\u0131 veren CHP Genel Ba\u015fkan\u0131, \u015f\u00f6yle dedi:<\/p>\n<p style=\"text-align: justify;\">&#8220;Biz g\u00fczel ve gelece\u011fi parlak bir T\u00fcrkiye \u00f6zlemi ile her yere gitmeliyiz. Beraber \u00e7al\u0131\u015fmal\u0131y\u0131z. Ortak \u00e7al\u0131\u015fmal\u0131y\u0131z, tek ses \u00e7\u0131karmal\u0131y\u0131z, ortak ses \u00e7\u0131karmal\u0131y\u0131z. E\u011fer tek ses \u00e7\u0131karabilirsek halk\u0131n g\u00fcvenini kazanm\u0131\u015f oluruz. Biz halk\u0131m\u0131z\u0131 seviyoruz, onlara g\u00fcveniyoruz.&#8221;<\/p>\n<p style=\"text-align: justify;\"><strong>&#8220;M\u0131s\u0131r&#8217;a \u00f6zel temsilcisi g\u00f6nderebilirdik&#8221;<\/strong><\/p>\n<p style=\"text-align: justify;\">Partisinin grup toplant\u0131s\u0131nda konu\u015fan CHP Genel Ba\u015fkan\u0131 Kemal K\u0131l\u0131\u00e7daro\u011flu, Ba\u015fbakan Recep Tayyip Erdo\u011fan&#8217;\u0131n d\u0131\u015f politikada izledi\u011fi siyaseti ele\u015ftirdi. M\u0131s\u0131r&#8217;da ya\u015fanan olaylar kar\u015f\u0131s\u0131nda AKP&#8217;nin do\u011fru bir politika izlemedi\u011fini belirten CHP Genel Ba\u015fkan\u0131, &#8220;M\u0131s\u0131r&#8217;a \u00f6zel temsilci g\u00f6nderebilirdik&#8221; dedi.<\/p>\n<p style=\"text-align: justify;\">&#8220;&#8216;Oradaki olaylar\u0131 trib\u00fcnden seyretmeyece\u011fiz&#8217; G\u00fczel, ama sahaya indi mi Say\u0131n Ba\u015fbakan, nerede Ba\u015fbakan&#8221; diye soran K\u0131l\u0131\u00e7daro\u011flu, &#8220;Say\u0131n Ba\u015fbakan fincanc\u0131 d\u00fckkan\u0131na giren fil gibi ortal\u0131\u011f\u0131 darmada\u011f\u0131n etti&#8221; dedi. CHP Genel Ba\u015fkan\u0131, konu\u015fmas\u0131na \u015f\u00f6yle devam etti:<\/p>\n<p style=\"text-align: justify;\">&#8220;Obama, M\u0131s\u0131r&#8217;a \u00f6zel temsilcisini g\u00f6nderdi. Biz de g\u00f6nderebilirdik. Biz do\u011frudan do\u011fruya M\u0131s\u0131r H\u00fck\u00fcmeti&#8217;ni hedef ald\u0131k, ele\u015ftirdik. Onlar da oturdular T\u00fcrkiye Cumhuriyeti H\u00fck\u00fcmeti&#8217;ni ele\u015ftirdiler. \u0130\u00e7 politikada hata yapabilirsiniz ama d\u0131\u015f politikada hatan\u0131n faturas\u0131 kolay kolay giderilemez.&#8221;<\/p>\n<p style=\"text-align: justify;\">T\u00fcrkiye&#8217;nin, Cezayir&#8217;in ba\u011f\u0131ms\u0131zl\u0131k s\u00fcrecinde kulland\u0131\u011f\u0131 oyu hat\u0131rlatan CHP Genel Ba\u015fkan\u0131, &#8220;Cezayir&#8217;in ba\u011f\u0131ms\u0131zl\u0131k s\u00fcrecinde kulland\u0131\u011f\u0131m\u0131z bir oyun faturas\u0131, h\u00e2l\u00e2 \u00f6n\u00fcm\u00fcze getirilir&#8221; dedi.<\/p>\n<p style=\"text-align: justify;\"><strong>&#8220;Trib\u00fcnde kalacaks\u0131n&#8221; <\/strong><\/p>\n<p style=\"text-align: justify;\">M\u0131s\u0131r&#8217;daki olaylar\u0131n daha so\u011fukkanl\u0131 de\u011ferlendirilmesi gerekti\u011fini belirten CHP Genel Ba\u015fkan\u0131, &#8220;Beyefendi sahaya inecek. Sen sadece s\u00f6yledi\u011finle kald\u0131n ve trib\u00fcnde kalacaks\u0131n&#8221; diye seslendi.<\/p>\n<p style=\"text-align: justify;\">CHP Genel Ba\u015fkan\u0131, Ba\u015fbakan&#8217;\u0131n d\u0131\u015f politikada ikinci gaf\u0131n\u0131n K\u0131br\u0131s ile ilgili oldu\u011funu s\u00f6yledi. Ba\u015fbakan&#8217;\u0131n, &#8220;Besleme&#8221; s\u00f6z\u00fcn\u00fc ele\u015ftiren K\u0131l\u0131\u00e7daro\u011flu, &#8220;Bunun alt\u0131ndan nas\u0131l kalkar bilmiyorum. Hazmedilecek bir s\u00f6z de\u011fil&#8221; dedi. CHP Genel Ba\u015fkan\u0131, \u015f\u00f6yle dedi:<\/p>\n<p style=\"text-align: justify;\">&#8220;K\u0131br\u0131s halk\u0131na besleme demek onur k\u0131r\u0131c\u0131 bir laf. Bunun alt\u0131ndan nas\u0131l kalkar bilmiyorum. Nas\u0131l telafi eder onu da bilmiyorum. T\u00fcrkiye Cumhuriyeti tarihinde ilk kez bir Ba\u015fbakan, bizim soyda\u015flar\u0131m\u0131z olan \u00fclkenin yurtta\u015flar\u0131na besleme s\u00f6z\u00fcn\u00fc kulland\u0131. Hazmedilecek bir s\u00f6z de\u011fil. Biz K\u0131br\u0131s&#8217;\u0131 kazanmaya \u00e7al\u0131\u015f\u0131rken onlar K\u0131br\u0131s&#8217;\u0131 nas\u0131l elimizden ka\u00e7\u0131r\u0131r\u0131z onun hesab\u0131n\u0131 yap\u0131yorlar herhalde.&#8221;<\/p>\n<p style=\"text-align: justify;\">Ba\u015fbakan&#8217;\u0131n prompterdan konu\u015ftu\u011funu hat\u0131rlatan CHP Genel Ba\u015fkan\u0131, &#8220;\u0130ki taraf\u0131nda camlar vard\u0131r, o camlara bakar konu\u015fur. Allah a\u015fk\u0131na Say\u0131n Ba\u015fbakan senin irticalen konu\u015fmak ne haddine, her konu\u015ftu\u011funda \u00e7am deviriyorsun&#8221; dedi.<\/p>\n<p style=\"text-align: justify;\"><strong>&#8220;Sen niye aynaya bakm\u0131yorsun?&#8221; <\/strong><\/p>\n<p style=\"text-align: justify;\">&#8220;S\u00f6yledi\u011fi s\u00f6zler yenilir yutulur cinsten de\u011fildir&#8221; diyen CHP Genel Ba\u015fkan\u0131, &#8220;Onlara besleme diyorsun. \u00c7\u0131k\u0131p birisi sana sormaz m\u0131, Say\u0131n Ba\u015fbakan niye aynaya bakm\u0131yorsun diye. Dubai&#8217;de 1 milyar dolar hibe almak i\u00e7in imza atmad\u0131 m\u0131 Say\u0131n Bakan? \u015eimdi onlar sana besleme dese ne diyeceksin. K\u00f6m\u00fcr da\u011f\u0131t\u0131yorsun onlar da m\u0131 senin beslemen&#8221; dedi.<\/p>\n<p style=\"text-align: justify;\">AKP&#8217;nin d\u0131\u015f politikada s\u0131f\u0131r sorun diye ba\u015flad\u0131\u011f\u0131n\u0131, ancak iyi oldu\u011fumuz \u00fclkelerle de ili\u015fkilerin bozuldu\u011funa dikkat \u00e7eken K\u0131l\u0131\u00e7daro\u011flu, Ba\u015fbakan&#8217;\u0131n, M\u0131s\u0131r halk\u0131na yapt\u0131\u011f\u0131 \u00e7a\u011f\u0131r\u0131y\u0131 hat\u0131rlatarak, \u015f\u00f6yle dedi:<\/p>\n<p style=\"text-align: justify;\">&#8220;M\u0131s\u0131r y\u00f6neticileri de \u00e7\u0131k\u0131p, &#8216;T\u00fcrk halk\u0131na kulak verin&#8217; derse ne diyeceksin. Sen kendi \u00fclkenin yurtta\u015f\u0131na bunu yapt\u0131ktan sonra sen M\u0131s\u0131r halk\u0131 i\u00e7in y\u00f6neticilerden bir \u015fey istemene kim de\u011fer verir. Sen \u00f6nce kendi \u00fclkende ne yap\u0131yorsun.&#8221;<\/p>\n<p style=\"text-align: justify;\"><strong>Gazetecilerle sohbet etti <\/strong><\/p>\n<p style=\"text-align: justify;\">CHP Genel Ba\u015fkan\u0131 Kemal K\u0131l\u0131\u00e7daro\u011flu, partisinin grup toplant\u0131s\u0131n\u0131n ard\u0131ndan TBMM&#8217;deki makam\u0131nda bas\u0131n mensuplar\u0131 ile sohbet etti. Bas\u0131n mensuplar\u0131n\u0131n S\u00fcheyl Batum hakk\u0131nda savc\u0131l\u0131\u011f\u0131n soru\u015fturma a\u00e7t\u0131\u011f\u0131n\u0131 hat\u0131rlatmas\u0131 \u00fczerine CHP Genel Ba\u015fkan\u0131, \u015f\u00f6yle dedi:<\/p>\n<p style=\"text-align: justify;\">&#8220;Ayn\u0131 savc\u0131y\u0131 bu \u00fclkedeki savc\u0131lar\u0131 merak ediyorum. B\u00fclent Ar\u0131n\u00e7 i\u00e7in niye bir \u015fey yapmad\u0131lar (\u0130yi ki bu ordu ile sava\u015fa girmedik diye) dedi. Ne demektir, sava\u015f yetene\u011fi olmayan bir ordu demektir. O zaman bunu duymad\u0131lar m\u0131? Siyasette ve yarg\u0131da \u00e7ifte standart. Yarg\u0131da \u00e7ifte standart olmaz. Hele hele yarg\u0131da hi\u00e7 olmaz. Yasalar adam\u0131na g\u00f6re kurallar koymaz. Herkes i\u00e7in kurallar koyar.&#8221;<\/p>\n<p style=\"text-align: justify;\"><strong>&#8220;Batum istifa edecek mi?&#8221; <\/strong><\/p>\n<p style=\"text-align: justify;\">Bas\u0131n mensuplar\u0131n\u0131n, &#8220;Batum istifa edecek mi&#8221; sorusuna ise CHP Genel Ba\u015fkan\u0131, &#8220;Bu sorular\u0131 bana sormay\u0131n&#8221; demekle yetindi. &#8220;B\u00f6yle bir\u015fey bekleyelim mi&#8221; sorusuna ise K\u0131l\u0131\u00e7daro\u011flu, &#8220;Bu sorulara yan\u0131t yok&#8221; dedi.<\/p>\n<p style=\"text-align: justify;\">Genelkurmay Ba\u015fkan\u0131 ile d\u00fcn yapt\u0131\u011f\u0131 g\u00f6r\u00fc\u015fme ile ilgili sorulara ise CHP Genel Ba\u015fkan\u0131, &#8220;Nezaket ziyareti&#8221; dedi.<\/p>\n<p style=\"text-align: justify;\">TSK&#8217;nin demokrasiye ba\u011fl\u0131, Cumhurba\u015fkanl\u0131\u011f\u0131 ve Ba\u015fbakanl\u0131\u011fa ba\u011fl\u0131 bir kurum oldu\u011funa dikkat \u00e7eken K\u0131l\u0131\u00e7daro\u011flu, &#8220;Darbe diye bir \u015fey mi var arkada\u015flar ortada. T\u00fcrkiye ne \u00e7ektiyse darbelerden \u00e7ekti. H\u00e2l\u00e2 ders almad\u0131k m\u0131? Darbelerden biz ma\u011fdur olduk. Darbelerde biz ma\u011fdur olduk, bizim arkada\u015flar\u0131m\u0131z hapse girdi. Darbelerde biz ma\u011fdur olduk, darbe edebiyat\u0131d\u0131r gidiyor. Bunu yapan kim? AKP&#8221; dedi.<\/p>\n<p style=\"text-align: justify;\">Ba\u015fbakan Recep Tayyip Erdo\u011fan&#8217;\u0131n rahat bir cezaevinde yatt\u0131\u011f\u0131n\u0131 kaydeden CHP Genel Ba\u015fkan\u0131, \u015f\u00f6yle dedi:<\/p>\n<p style=\"text-align: justify;\">&#8220;Kimsenin gidip Ba\u015fbakan&#8217;a i\u015fkence yapt\u0131\u011f\u0131 yok.Hapishanenin badanas\u0131, boyas\u0131 yap\u0131ld\u0131. Buzdolab\u0131 kondu, m\u00fczik dolab\u0131 kondu. \u00d6zel bak\u0131m, hizmet\u00e7isi..Bu adam hapiste mi yatt\u0131? Ben ma\u011fdur oldum diyor. Hadi can\u0131m ne ma\u011fduriyeti.&#8221;<\/p>\n<p style=\"text-align: justify;\"><strong>&#8220;Hangi y\u00fczle M\u0131s\u0131r&#8217;a gidecek&#8221; <\/strong><\/p>\n<p style=\"text-align: justify;\">Ba\u015fbakan&#8217;\u0131n, M\u0131s\u0131r&#8217;daki olaylar ile ilgili izledi\u011fi politikay\u0131 ele\u015ftiren CHP Genel Ba\u015fkan\u0131, &#8220;Do\u011frudan do\u011fruya H\u00fcsn\u00fc M\u00fcbarek&#8217;i hedef alan bir a\u00e7\u0131klama yapt\u0131. Oysa b\u00f6yle bir a\u00e7\u0131klama yersizdi ve gereksizdi&#8221; dedi.<\/p>\n<p style=\"text-align: justify;\">Ba\u015fbakan&#8217;\u0131n a\u00e7\u0131klamalar\u0131ndan dolay\u0131 D\u0131\u015fi\u015fleri Bakan\u0131 Ahmet Davuto\u011flu&#8217;nun zor duruma d\u00fc\u015ft\u00fc\u011f\u00fcn\u00fc de belirten K\u0131l\u0131\u00e7daro\u011flu, &#8220;\u00c7\u00fcnk\u00fc yabanc\u0131larla en fazla muhatap olacak olan ki\u015fi o. B\u00fct\u00fcn bu sorulara cevap verecek olan ki\u015fi de o. Ben merak ediyorum, Ba\u015fbakan M\u0131s\u0131r&#8217;a gidecekti. Olaylar nedeniyle kald\u0131. Hadi olaylar\u0131n yat\u0131\u015ft\u0131\u011f\u0131n\u0131 d\u00fc\u015f\u00fcnelim. Say\u0131n Ba\u015fbakan M\u0131s\u0131r&#8217;a hangi y\u00fczle gidecek ve M\u00fcbarek ile kar\u015f\u0131la\u015ft\u0131\u011f\u0131 zaman ona ne s\u00f6yleyecek&#8221; dedi.<\/p>\n<p style=\"text-align: justify;\"><a href=\"http:\/\/www.cumhuriyet.com.tr\/?hn=215018&amp;kw=%22Ba%FEbakan+yarg%FDya+m%FCdahale+etti%22\" target=\"_blank\"><span style=\"color: #888888;\">Kaynak : Cumhuriyet Haber Portal\u0131<\/span><\/a><\/p>\n","protected":false},"excerpt":{"rendered":"<p style=\"text-align: justify;\">\n<p style=\"text-align: justify;\">CHP Lideri Kemal K\u0131l\u0131\u00e7daro\u011flu, Ba\u015fbakan Erdo\u011fan&#8217;\u0131n Batum&#8217;a y\u00f6nelik tutumuna ili\u015fkin, &#8216;Ba\u015fbakan&#8217;\u0131n su\u00e7 duyurusu a\u00e7\u0131klamas\u0131 yarg\u0131ya m\u00fcdahaledir&#8217; a\u00e7\u0131klamas\u0131nda bulundu.<\/p>\n<p style=\"text-align: justify;\">Ankara- Partisinin grup toplant\u0131s\u0131nda konu\u015fan CHP Genel Ba\u015fkan\u0131 Kemal K\u0131l\u0131\u00e7daro\u011flu, CHP Genel Ba\u015fkan Yard\u0131mc\u0131s\u0131 S\u00fcheyl Batum&#8217;un, s\u00f6z\u00fcne y\u00f6nelik ele\u015ftirilere yan\u0131t verdi. <\/p>\n","protected":false},"author":1,"featured_media":0,"comment_status":"open","ping_status":"closed","sticky":false,"template":"","format":"standard","meta":{"footnotes":""},"categories":[105],"tags":[],"class_list":["post-27952","post","type-post","status-publish","format-standard","hentry","category-gundem","odd"],"_links":{"self":[{"href":"http:\/\/www.korhanyilmaz.com\/index.php?rest_route=\/wp\/v2\/posts\/27952","targetHints":{"allow":["GET"]}}],"collection":[{"href":"http:\/\/www.korhanyilmaz.com\/index.php?rest_route=\/wp\/v2\/posts"}],"about":[{"href":"http:\/\/www.korhanyilmaz.com\/index.php?rest_route=\/wp\/v2\/types\/post"}],"author":[{"embeddable":true,"href":"http:\/\/www.korhanyilmaz.com\/index.php?rest_route=\/wp\/v2\/users\/1"}],"replies":[{"embeddable":true,"href":"http:\/\/www.korhanyilmaz.com\/index.php?rest_route=%2Fwp%2Fv2%2Fcomments&post=27952"}],"version-history":[{"count":0,"href":"http:\/\/www.korhanyilmaz.com\/index.php?rest_route=\/wp\/v2\/posts\/27952\/revisions"}],"wp:attachment":[{"href":"http:\/\/www.korhanyilmaz.com\/index.php?rest_route=%2Fwp%2Fv2%2Fmedia&parent=27952"}],"wp:term":[{"taxonomy":"category","embeddable":true,"href":"http:\/\/www.korhanyilmaz.com\/index.php?rest_route=%2Fwp%2Fv2%2Fcategories&post=27952"},{"taxonomy":"post_tag","embeddable":true,"href":"http:\/\/www.korhanyilmaz.com\/index.php?rest_route=%2Fwp%2Fv2%2Ftags&post=27952"}],"curies":[{"name":"wp","href":"https:\/\/api.w.org\/{rel}","templated":true}]}}