{"id":27948,"date":"2011-02-08T16:12:40","date_gmt":"2011-02-08T14:12:40","guid":{"rendered":"http:\/\/www.korhanyilmaz.com\/?p=27948"},"modified":"2011-02-08T16:12:40","modified_gmt":"2011-02-08T14:12:40","slug":"erdoganin-tehditkar-tavirlari-kabul-edilemez","status":"publish","type":"post","link":"http:\/\/www.korhanyilmaz.com\/?p=27948","title":{"rendered":"&#8220;Erdo\u011fan&#8217;\u0131n tehditkar tav\u0131rlar\u0131 kabul edilemez&#8221;"},"content":{"rendered":"<p style=\"text-align: center;\"><a href=\"http:\/\/www.korhanyilmaz.com\/wp-content\/uploads\/2011\/02\/233.jpg\"  class=\"lightview\"><img loading=\"lazy\" decoding=\"async\" class=\"aligncenter size-full wp-image-27949\" src=\"http:\/\/www.korhanyilmaz.com\/wp-content\/uploads\/2011\/02\/233.jpg\" alt=\"\" width=\"261\" height=\"195\" \/><\/a><\/p>\n<p style=\"text-align: justify;\">E\u015fitlik ve Demokrasi Partisi(EDP) Genel Ba\u015fkan\u0131 Ziya Halis, KKTC&#8217;de 60 bini a\u015fk\u0131n T\u00fcrk&#8217;\u00fcn kat\u0131l\u0131m\u0131yla ger\u00e7ekle\u015fen mitingin T\u00fcrkiye&#8217;de diplomasi d\u0131\u015f\u0131 tepkilere yol a\u00e7t\u0131\u011f\u0131n\u0131 belirterek, &#8220;T\u00fcrkiye ad\u0131na, \u00f6zellikle Ba\u015fbakan Say\u0131n Recep Tayyip Erdo\u011fan&#8217;\u0131n sergiledi\u011fi a\u015fa\u011f\u0131lay\u0131c\u0131, h\u0131r\u00e7\u0131n ve tehditkar tav\u0131rlar asla kabul edilemez&#8221; dedi.<!--more--><\/p>\n<p style=\"text-align: justify;\">Ankara- E\u015fitlik ve Demokrasi Partisi(EDP) Genel Ba\u015fkan\u0131 Ziya Halis yapt\u0131\u011f\u0131 yaz\u0131l\u0131 a\u00e7\u0131klamada, K\u0131br\u0131s&#8217;ta i\u015fler yolunda gitmedi\u011fini AKP H\u00fck\u00fcmeti&#8217;nin Kuzey K\u0131br\u0131s&#8217;ta partizanca uygulamalara giri\u015fti\u011fini, dinsel ayr\u0131mc\u0131l\u0131\u011fa dayanan tutumlar sergiledi\u011fini, adadaki neredeyse b\u00fct\u00fcn T\u00fcrklerin ortak kanaati haline geldi\u011fini a\u00e7\u0131klad\u0131.<\/p>\n<p style=\"text-align: justify;\">Halis, AKP H\u00fck\u00fcmeti&#8217;nin ve Ba\u015fbakan&#8217;\u0131n tavr\u0131n\u0131n tipik vesayet\u00e7i, anavatan-yavru vatan peder\u015fahi ve emperyal anlay\u0131\u015f\u0131n\u0131n g\u00f6stergesi oldu\u011funu ifade ederek, &#8220;Bu yakla\u015f\u0131m Kuzey&#8217;i, uluslararas\u0131 yaln\u0131zla\u015fma ve izolasyon kurtarmaz&#8221; dedi. Halis, \u015funlar\u0131 kaydetti:<\/p>\n<p style=\"text-align: justify;\">&#8220;Ba\u015fbakan, &#8216;Beslemeler&#8217; diye s\u00f6z ederek, Ero\u011flu&#8217;nun maa\u015f\u0131n\u0131n ka\u00e7 para oldu\u011funu sorarak, g\u00f6steriye kat\u0131lanlar\u0131 kamera kay\u0131tlar\u0131ndan tespit etme tehditleri savurarak, Kuzeylilerin onurlar\u0131n\u0131 a\u00e7\u0131k eksiltmeye \u00e7\u0131karma tavr\u0131ndan vazge\u00e7melidir. Bar\u0131\u015f \u00f6zlemiyle yan\u0131p tutu\u015fan Kuzey K\u0131br\u0131sl\u0131lar\u0131n vatan sevgisini, ihanet terzisinde tartmak kimsenin hakk\u0131 de\u011fildir. Bu tav\u0131rlar \u00e7\u00f6z\u00fcme giden yolu t\u0131k\u0131yor ve bar\u0131\u015f i\u00e7in gerekli olan siyasal ve toplumsal iklimin yarat\u0131lmas\u0131n\u0131 \u00f6nl\u00fcyor. Demokrasiye yabanc\u0131 zihniyeti ve h\u00fck\u00fcmet etme sorumlulu\u011fundan uzak bu davran\u0131\u015f\u0131 \u015fiddetle k\u0131n\u0131yoruz. \u0130ki kesimli, iki toplumlu, \u00e7ok dilli, \u00e7ok k\u00fclt\u00fcrl\u00fc, \u00e7ok inan\u00e7l\u0131, \u00e7ok kimlikli, demokratik ve birle\u015fmi\u015f bir K\u0131br\u0131s Federasyonu&#8217;na giden yol, hi\u00e7 \u015f\u00fcphesiz bu t\u00fcr davran\u0131\u015flardan ge\u00e7miyor.&#8221;<\/p>\n<p style=\"text-align: justify;\"><a href=\"http:\/\/www.cumhuriyet.com.tr\/?kn=6&amp;hn=215158\" target=\"_blank\"><span style=\"color: #888888;\">Kaynak: Cumhuriyet Haber Portal\u0131<\/span><\/a><\/p>\n","protected":false},"excerpt":{"rendered":"<p style=\"text-align: center;\">\n<p style=\"text-align: justify;\">E\u015fitlik ve Demokrasi Partisi(EDP) Genel Ba\u015fkan\u0131 Ziya Halis, KKTC&#8217;de 60 bini a\u015fk\u0131n T\u00fcrk&#8217;\u00fcn kat\u0131l\u0131m\u0131yla ger\u00e7ekle\u015fen mitingin T\u00fcrkiye&#8217;de diplomasi d\u0131\u015f\u0131 tepkilere yol a\u00e7t\u0131\u011f\u0131n\u0131 belirterek, &#8220;T\u00fcrkiye ad\u0131na, \u00f6zellikle Ba\u015fbakan Say\u0131n Recep Tayyip Erdo\u011fan&#8217;\u0131n sergiledi\u011fi a\u015fa\u011f\u0131lay\u0131c\u0131, h\u0131r\u00e7\u0131n ve tehditkar tav\u0131rlar asla kabul edilemez&#8221; dedi.<\/p>\n","protected":false},"author":1,"featured_media":0,"comment_status":"open","ping_status":"closed","sticky":false,"template":"","format":"standard","meta":{"footnotes":""},"categories":[105],"tags":[],"class_list":["post-27948","post","type-post","status-publish","format-standard","hentry","category-gundem","odd"],"_links":{"self":[{"href":"http:\/\/www.korhanyilmaz.com\/index.php?rest_route=\/wp\/v2\/posts\/27948","targetHints":{"allow":["GET"]}}],"collection":[{"href":"http:\/\/www.korhanyilmaz.com\/index.php?rest_route=\/wp\/v2\/posts"}],"about":[{"href":"http:\/\/www.korhanyilmaz.com\/index.php?rest_route=\/wp\/v2\/types\/post"}],"author":[{"embeddable":true,"href":"http:\/\/www.korhanyilmaz.com\/index.php?rest_route=\/wp\/v2\/users\/1"}],"replies":[{"embeddable":true,"href":"http:\/\/www.korhanyilmaz.com\/index.php?rest_route=%2Fwp%2Fv2%2Fcomments&post=27948"}],"version-history":[{"count":0,"href":"http:\/\/www.korhanyilmaz.com\/index.php?rest_route=\/wp\/v2\/posts\/27948\/revisions"}],"wp:attachment":[{"href":"http:\/\/www.korhanyilmaz.com\/index.php?rest_route=%2Fwp%2Fv2%2Fmedia&parent=27948"}],"wp:term":[{"taxonomy":"category","embeddable":true,"href":"http:\/\/www.korhanyilmaz.com\/index.php?rest_route=%2Fwp%2Fv2%2Fcategories&post=27948"},{"taxonomy":"post_tag","embeddable":true,"href":"http:\/\/www.korhanyilmaz.com\/index.php?rest_route=%2Fwp%2Fv2%2Ftags&post=27948"}],"curies":[{"name":"wp","href":"https:\/\/api.w.org\/{rel}","templated":true}]}}