{"id":27934,"date":"2011-02-08T12:45:54","date_gmt":"2011-02-08T10:45:54","guid":{"rendered":"http:\/\/www.korhanyilmaz.com\/?p=27934"},"modified":"2011-02-08T12:45:54","modified_gmt":"2011-02-08T10:45:54","slug":"havaalani-guvenligi-gazeteciye-silah-cekti","status":"publish","type":"post","link":"http:\/\/www.korhanyilmaz.com\/?p=27934","title":{"rendered":"Havaalan\u0131 g\u00fcvenli\u011fi gazeteciye silah \u00e7ekti!"},"content":{"rendered":"<p style=\"text-align: center;\"><a href=\"http:\/\/www.korhanyilmaz.com\/wp-content\/uploads\/2011\/02\/231.jpg\"  class=\"lightview\"><img loading=\"lazy\" decoding=\"async\" class=\"aligncenter size-full wp-image-27935\" src=\"http:\/\/www.korhanyilmaz.com\/wp-content\/uploads\/2011\/02\/231.jpg\" alt=\"\" width=\"307\" height=\"236\" \/><\/a><\/p>\n<p style=\"text-align: justify;\">Adana&#8217;daki yerel Akdeniz Televizyonu Y\u00f6netim Kurulu Ba\u015fkan\u0131, havaalan\u0131 otopark\u0131nda tart\u0131\u015ft\u0131\u011f\u0131 g\u00fcvenlik g\u00f6revlilerinin kendisine silah \u00e7ekti\u011fini s\u00f6yleyerek \u015fikayet\u00e7i oldu.<\/p>\n<p style=\"text-align: justify;\">Yolcu kar\u015f\u0131lamak i\u00e7in d\u00fcn ak\u015fam \u00f6zel otomobiliyle, bas\u0131n ara\u00e7lar\u0131n\u0131n da park edebildi\u011fi havaalan\u0131 otopark\u0131 VIP giri\u015fine gelen Y\u00fcksel Evsen, bas\u0131n plakas\u0131n\u0131 g\u00f6sterip otoparka girmek istedi. <!--more--><\/p>\n<p style=\"text-align: justify;\">\u0130ddiaya g\u00f6re, bu s\u0131rada Devlet Hava Meydanlar\u0131 \u0130\u015fletmesi (DHM\u0130) g\u00fcvenlik g\u00f6revlileri M.K. ve A.A., Evsen&#8217;den bas\u0131n kart\u0131n\u0131 da g\u00f6stermesini istedi.<\/p>\n<p style=\"text-align: justify;\">Bas\u0131n kart\u0131n\u0131 veren Evsen, g\u00fcvenlik\u00e7ilerin incelemeleri gecikip bu s\u0131rada u\u00e7aktan inen yolcusu da telefon edince neden geciktirildi\u011fini sordu.<\/p>\n<p style=\"text-align: justify;\">Cep telefonu ile konu\u015fmamas\u0131 y\u00f6n\u00fcnde ikaz edilen Evsen ile g\u00fcvenlik g\u00f6revlileri aras\u0131nda tart\u0131\u015fma \u00e7\u0131kt\u0131, otoparka giri\u015f bariyeri de kapat\u0131ld\u0131.<\/p>\n<p style=\"text-align: justify;\">Olup bitenleri cep telefonuyla g\u00f6r\u00fcnt\u00fcleyen Y\u00fcksel Evsen otoparka sokulmay\u0131nca tart\u0131\u015fma alevlendi. \u0130ddiaya g\u00f6re Evsen, \u00f6zel g\u00fcvenlik g\u00f6revlilerinin \u00f6nce s\u00f6zl\u00fc, ard\u0131ndan fiili sald\u0131r\u0131s\u0131na u\u011frad\u0131. Bu arada havaalan\u0131na gelen ayn\u0131 televizyonun kameraman\u0131 da olay\u0131 g\u00f6r\u00fcnt\u00fcledi.<\/p>\n<p style=\"text-align: justify;\"><strong>\u015eikayet\u00e7i oldu <\/strong><\/p>\n<p style=\"text-align: justify;\">Kameraman Ayd\u0131n G\u00fc\u00e7l\u00fc&#8217;n\u00fcn g\u00f6r\u00fcnt\u00fc ald\u0131\u011f\u0131 s\u0131rada, g\u00fcvenlik g\u00f6revlilerinin silahlar\u0131n\u0131 \u00e7ekip namluya mermi s\u00fcrd\u00fc\u011f\u00fc dikkati \u00e7ekti. Bu g\u00f6r\u00fcnt\u00fcler de kameralara yans\u0131d\u0131. Polislerin araya girmesiyle olaylar\u0131n b\u00fcy\u00fcmesi \u00f6nlendi.<\/p>\n<p style=\"text-align: center;\"><a href=\"http:\/\/www.korhanyilmaz.com\/wp-content\/uploads\/2011\/02\/230.jpg\"  class=\"lightview\"><img loading=\"lazy\" decoding=\"async\" class=\"aligncenter size-full wp-image-27936\" src=\"http:\/\/www.korhanyilmaz.com\/wp-content\/uploads\/2011\/02\/230.jpg\" alt=\"\" width=\"406\" height=\"203\" \/><\/a><\/p>\n<p style=\"text-align: justify;\">Olay s\u0131ras\u0131nda sol aya\u011f\u0131ndan yaraland\u0131\u011f\u0131n\u0131 s\u00f6yleyerek Adli T\u0131p Kurumu&#8217;ndan \u00f6n rapor alan Y\u00fcksel Evsen, g\u00fcvenlik g\u00f6revlileri hakk\u0131nda \u015fikayet\u00e7i oldu.<\/p>\n<p style=\"text-align: justify;\">\u00d6zel g\u00fcvenlik g\u00f6revlileri de Evsen&#8217;in kendilerine vurdu\u011funu, bir el silah sesi duymalar\u0131 nedeniyle de silah \u00e7ektiklerini iddia etti. Ancak Evsen bu iddian\u0131n do\u011fru olmad\u0131\u011f\u0131n\u0131, g\u00fcvenlik kameralar\u0131nda b\u00f6yle bir g\u00f6r\u00fcnt\u00fc varsa a\u00e7\u0131klanabilece\u011fini s\u00f6yledi.<\/p>\n<p style=\"text-align: justify;\">Bu arada, silah \u00e7eken g\u00fcvenlik g\u00f6revlilerinden M.K.&#8217;nin &#8216;silah kullanamaz&#8217; raporu oldu\u011fu iddia edildi.<\/p>\n<p style=\"text-align: justify;\">Havaliman\u0131ndan sorumlu Vali Yard\u0131mc\u0131s\u0131 taraf\u0131ndan iddia ve g\u00f6r\u00fcnt\u00fclerin incelendi\u011fi s\u00f6yledi. Akdeniz Televizyonu Y\u00f6netim Kurulu Ba\u015fkan\u0131 Y\u00fcksel Evsen, bir kentin d\u0131\u015fa a\u00e7\u0131lan kap\u0131s\u0131 olan Havaalan\u0131 VIP b\u00f6l\u00fcm\u00fcnde bu nitelikte g\u00f6revlilerin \u00e7al\u0131\u015ft\u0131r\u0131lmas\u0131n\u0131 anlamakta g\u00fc\u00e7l\u00fck \u00e7ekti\u011fini, bir an i\u00e7in can g\u00fcvenli\u011finin kalmad\u0131\u011f\u0131n\u0131 s\u00f6yledi.<\/p>\n<p style=\"text-align: justify;\"><a href=\"http:\/\/www.cnnturk.com\/2011\/turkiye\/02\/08\/havaalani.guvenligi.gazeteciye.silah.cekti\/606084.0\/index.html\" target=\"_blank\"><span style=\"color: #888888;\">CNN T\u00dcRK<\/span><\/a><\/p>\n","protected":false},"excerpt":{"rendered":"<p style=\"text-align: center;\">\n<p style=\"text-align: justify;\">Adana&#8217;daki yerel Akdeniz Televizyonu Y\u00f6netim Kurulu Ba\u015fkan\u0131, havaalan\u0131 otopark\u0131nda tart\u0131\u015ft\u0131\u011f\u0131 g\u00fcvenlik g\u00f6revlilerinin kendisine silah \u00e7ekti\u011fini s\u00f6yleyerek \u015fikayet\u00e7i oldu.<\/p>\n<p style=\"text-align: justify;\">Yolcu kar\u015f\u0131lamak i\u00e7in d\u00fcn ak\u015fam \u00f6zel otomobiliyle, bas\u0131n ara\u00e7lar\u0131n\u0131n da park edebildi\u011fi havaalan\u0131 otopark\u0131 VIP giri\u015fine gelen Y\u00fcksel Evsen, bas\u0131n plakas\u0131n\u0131 g\u00f6sterip otoparka girmek istedi. <\/p>\n","protected":false},"author":1,"featured_media":0,"comment_status":"open","ping_status":"closed","sticky":false,"template":"","format":"standard","meta":{"footnotes":""},"categories":[105],"tags":[],"class_list":["post-27934","post","type-post","status-publish","format-standard","hentry","category-gundem","odd"],"_links":{"self":[{"href":"http:\/\/www.korhanyilmaz.com\/index.php?rest_route=\/wp\/v2\/posts\/27934","targetHints":{"allow":["GET"]}}],"collection":[{"href":"http:\/\/www.korhanyilmaz.com\/index.php?rest_route=\/wp\/v2\/posts"}],"about":[{"href":"http:\/\/www.korhanyilmaz.com\/index.php?rest_route=\/wp\/v2\/types\/post"}],"author":[{"embeddable":true,"href":"http:\/\/www.korhanyilmaz.com\/index.php?rest_route=\/wp\/v2\/users\/1"}],"replies":[{"embeddable":true,"href":"http:\/\/www.korhanyilmaz.com\/index.php?rest_route=%2Fwp%2Fv2%2Fcomments&post=27934"}],"version-history":[{"count":0,"href":"http:\/\/www.korhanyilmaz.com\/index.php?rest_route=\/wp\/v2\/posts\/27934\/revisions"}],"wp:attachment":[{"href":"http:\/\/www.korhanyilmaz.com\/index.php?rest_route=%2Fwp%2Fv2%2Fmedia&parent=27934"}],"wp:term":[{"taxonomy":"category","embeddable":true,"href":"http:\/\/www.korhanyilmaz.com\/index.php?rest_route=%2Fwp%2Fv2%2Fcategories&post=27934"},{"taxonomy":"post_tag","embeddable":true,"href":"http:\/\/www.korhanyilmaz.com\/index.php?rest_route=%2Fwp%2Fv2%2Ftags&post=27934"}],"curies":[{"name":"wp","href":"https:\/\/api.w.org\/{rel}","templated":true}]}}