{"id":27930,"date":"2011-02-08T13:21:13","date_gmt":"2011-02-08T11:21:13","guid":{"rendered":"http:\/\/www.korhanyilmaz.com\/?p=27930"},"modified":"2011-02-08T13:21:13","modified_gmt":"2011-02-08T11:21:13","slug":"batumdan-erdogana-jet-yanit","status":"publish","type":"post","link":"http:\/\/www.korhanyilmaz.com\/?p=27930","title":{"rendered":"Batum&#8217;dan Erdo\u011fan&#8217;a jet yan\u0131t!"},"content":{"rendered":"<p style=\"text-align: justify;\"><a href=\"http:\/\/www.korhanyilmaz.com\/wp-content\/uploads\/2011\/02\/229.jpg\"  class=\"lightview\"><img loading=\"lazy\" decoding=\"async\" class=\"aligncenter size-full wp-image-27931\" src=\"http:\/\/www.korhanyilmaz.com\/wp-content\/uploads\/2011\/02\/229.jpg\" alt=\"\" width=\"292\" height=\"224\" \/><\/a><\/p>\n<p style=\"text-align: justify;\">Ba\u015fbakan Recep Tayyip Erdo\u011fan&#8217;\u0131n TSK ile ilgili s\u00f6zleri nedeniyle savc\u0131lar\u0131 g\u00f6reve \u00e7a\u011f\u0131rd\u0131\u011f\u0131 CHP&#8217;li S\u00fcheyl Batum&#8217;dan Erdo\u011fan&#8217;a jet yan\u0131t geldi. Batum, &#8220;<strong>\u015eehitlere kelle diyen bir ba\u015fbakan m\u0131 su\u00e7 duyurusunda bulunuyor?<\/strong>&#8221; diye sordu.<!--more--><\/p>\n<p style=\"text-align: justify;\">Batum s\u00f6zlerine, &#8220;<strong>Yoksa &#8216;iyiki bu askerlerle sava\u015fa girmedik diyen B\u00fclent Ar\u0131n\u00e7&#8217;\u0131n ba\u015fbakan\u0131 m\u0131 su\u00e7 duyurusunda bulunuyor<\/strong>&#8221; diye devam etti.<\/p>\n<p style=\"text-align: justify;\">Batum&#8217;un Erdo\u011fan&#8217;\u0131n a\u00e7\u0131klamalar\u0131yla ilgili olarak bug\u00fcn ilerleyen saatlerde ya bir bas\u0131n toplant\u0131s\u0131 d\u00fczenleyece\u011fi ya da yaz\u0131l\u0131 a\u00e7\u0131klama yapaca\u011f\u0131 \u00f6\u011frenildi.<\/p>\n<p style=\"text-align: justify;\"><a href=\"http:\/\/www.cnnturk.com\/2011\/turkiye\/02\/08\/batumdan.erdogana.jet.yanit\/606087.0\/index.html\" target=\"_blank\"><span style=\"color: #888888;\">B\u00fc\u015fra Arslanta\u015f \/ CNN T\u00dcRK<\/span><\/a><\/p>\n<p style=\"text-align: justify;\">&nbsp;<\/p>\n<hr style=\"width: 500px;\" \/>\n<p style=\"text-align: justify;\"><strong>ERDO\u011eAN&#8217;IN BATUM \u0130LE \u0130LG\u0130L\u0130 S\u00d6ZLER\u0130<\/strong><\/p>\n<p style=\"text-align: justify;\">Ba\u015fbakan Erdo\u011fan partisinin grup toplant\u0131s\u0131nda yapt\u0131\u011f\u0131 a\u00e7\u0131klamada CHP&#8217;li S\u00fcheyl Batum&#8217;u hedef ald\u0131.<\/p>\n<p style=\"text-align: justify;\">&#8220;\u0130\u015fte ana muhalefet partisinin ge\u00e7mi\u015finden bug\u00fcne darbe \u015fak\u015fak\u00e7\u0131l\u0131\u011f\u0131ndan vazge\u00e7medi, bug\u00fcn de vazge\u00e7miyor&#8221; diyen Erdo\u011fan, &#8220;Ve bak\u0131yorsunuz s\u0131fat\u0131 anayasa hukuk\u00e7usu olan biri garip garip \u015feyler s\u00f6yl\u00fcyor. Senin her taraf\u0131n anayasa hukuk\u00e7usu olsa ne yazar. Bu t\u00fcr ki\u015filer akademisyen olamaz. Bu ki\u015filer hukuk\u00e7u da olamaz. Bu ki\u015filer sadece kitab\u0131 ezberlemi\u015ftir&#8221; \u015feklinde konu\u015ftu.<\/p>\n<p style=\"text-align: justify;\">Erdo\u011fan, &#8220;Ordumuzu adeta ABD&#8217;nin idaresine vermi\u015f bir havada g\u00f6sterme anlay\u0131\u015f\u0131 bir su\u00e7tur. \u015eu anda Zonguldak bu i\u015fi ba\u015flatt\u0131. Ben bu su\u00e7 duyurusunu burada ilan ediyorum. Gere\u011finin yap\u0131lmas\u0131 laz\u0131md\u0131r. Bu kar\u015f\u0131l\u0131ks\u0131z kald\u0131\u011f\u0131 anda ordumuzla topla oynar gibi oynarlar. Bunun bedeli \u00f6dettirilmelidir. Demokratik s\u00fcre\u00e7le bu olay asla i\u00e7 i\u00e7e olamaz. TSK&#8217;y\u0131 karton kutuya benzetme olay\u0131na asla prim veremeyiz. Bu konuda savc\u0131lar\u0131m\u0131z\u0131n gerekli ad\u0131mlar\u0131 atmas\u0131 gerekiyor&#8221; ifadesini de kulland\u0131.<\/p>\n","protected":false},"excerpt":{"rendered":"<p style=\"text-align: justify;\">\n<p style=\"text-align: justify;\">Ba\u015fbakan Recep Tayyip Erdo\u011fan&#8217;\u0131n TSK ile ilgili s\u00f6zleri nedeniyle savc\u0131lar\u0131 g\u00f6reve \u00e7a\u011f\u0131rd\u0131\u011f\u0131 CHP&#8217;li S\u00fcheyl Batum&#8217;dan Erdo\u011fan&#8217;a jet yan\u0131t geldi. Batum, &#8220;\u015eehitlere kelle diyen bir ba\u015fbakan m\u0131 su\u00e7 duyurusunda bulunuyor?&#8221; diye sordu.<\/p>\n","protected":false},"author":1,"featured_media":0,"comment_status":"open","ping_status":"closed","sticky":false,"template":"","format":"standard","meta":{"footnotes":""},"categories":[105],"tags":[],"class_list":["post-27930","post","type-post","status-publish","format-standard","hentry","category-gundem","odd"],"_links":{"self":[{"href":"http:\/\/www.korhanyilmaz.com\/index.php?rest_route=\/wp\/v2\/posts\/27930","targetHints":{"allow":["GET"]}}],"collection":[{"href":"http:\/\/www.korhanyilmaz.com\/index.php?rest_route=\/wp\/v2\/posts"}],"about":[{"href":"http:\/\/www.korhanyilmaz.com\/index.php?rest_route=\/wp\/v2\/types\/post"}],"author":[{"embeddable":true,"href":"http:\/\/www.korhanyilmaz.com\/index.php?rest_route=\/wp\/v2\/users\/1"}],"replies":[{"embeddable":true,"href":"http:\/\/www.korhanyilmaz.com\/index.php?rest_route=%2Fwp%2Fv2%2Fcomments&post=27930"}],"version-history":[{"count":0,"href":"http:\/\/www.korhanyilmaz.com\/index.php?rest_route=\/wp\/v2\/posts\/27930\/revisions"}],"wp:attachment":[{"href":"http:\/\/www.korhanyilmaz.com\/index.php?rest_route=%2Fwp%2Fv2%2Fmedia&parent=27930"}],"wp:term":[{"taxonomy":"category","embeddable":true,"href":"http:\/\/www.korhanyilmaz.com\/index.php?rest_route=%2Fwp%2Fv2%2Fcategories&post=27930"},{"taxonomy":"post_tag","embeddable":true,"href":"http:\/\/www.korhanyilmaz.com\/index.php?rest_route=%2Fwp%2Fv2%2Ftags&post=27930"}],"curies":[{"name":"wp","href":"https:\/\/api.w.org\/{rel}","templated":true}]}}