{"id":27922,"date":"2011-02-08T13:11:15","date_gmt":"2011-02-08T11:11:15","guid":{"rendered":"http:\/\/www.korhanyilmaz.com\/?p=27922"},"modified":"2011-02-08T13:11:15","modified_gmt":"2011-02-08T11:11:15","slug":"her-tarafin-anayasa-hukukcusu-olsa-ne-yazar","status":"publish","type":"post","link":"http:\/\/www.korhanyilmaz.com\/?p=27922","title":{"rendered":"&#8220;Her taraf\u0131n anayasa hukuk\u00e7usu olsa ne yazar?&#8221;"},"content":{"rendered":"<p style=\"text-align: center;\"><a href=\"http:\/\/www.korhanyilmaz.com\/wp-content\/uploads\/2011\/02\/227.jpg\"  class=\"lightview\"><img loading=\"lazy\" decoding=\"async\" class=\"aligncenter size-full wp-image-27923\" src=\"http:\/\/www.korhanyilmaz.com\/wp-content\/uploads\/2011\/02\/227.jpg\" alt=\"\" width=\"307\" height=\"236\" \/><\/a><\/p>\n<p style=\"text-align: justify;\">Ba\u015fbakan Recep Tayyip Erdo\u011fan, KKTC&#8217;de son d\u00f6nemde geli\u015fen T\u00fcrkiye kar\u015f\u0131t\u0131 eylemlerle ilgili olarak, &#8220;Olay Rumlar\u0131n ekme\u011fine ya\u011f s\u00fcrm\u00fc\u015ft\u00fcr&#8221; dedi. Erdo\u011fan bu konuda yapt\u0131\u011f\u0131 a\u00e7\u0131klamalar\u0131 ele\u015ftiren muhalefete de sert \u00e7\u0131kt\u0131; &#8220;Hi\u00e7kimse KKTC \u00fczerinden istismar yapmas\u0131n&#8221; diye konu\u015ftu. Ba\u015fbakan TSK ile ilgili s\u00f6zleri tart\u0131\u015fma yaratan CHP&#8217;li S\u00fcheyl Batum i\u00e7in de &#8220;Her taraf\u0131 anayasa hukuk\u00e7usu olsa ne yazar?&#8221; dedi, savc\u0131lar\u0131 g\u00f6reve \u00e7a\u011f\u0131rd\u0131.<!--more--><\/p>\n<p style=\"text-align: justify;\">Partisinin grup toplant\u0131s\u0131nda konu\u015fan Ba\u015fbakan Erdo\u011fan&#8217;\u0131n a\u00e7\u0131klamalar\u0131ndan \u00f6ne \u00e7\u0131kanlar \u015f\u00f6yle:<\/p>\n<p style=\"text-align: justify;\"><strong>S\u00dcHEYL BATUM&#8217;UN S\u00d6ZLER\u0130:<\/strong><\/p>\n<p style=\"text-align: justify;\">&#8211; \u0130\u015fte ana muhalefet partisinin ge\u00e7mi\u015finden bug\u00fcne darbe \u015fak\u015fak\u00e7\u0131l\u0131\u011f\u0131ndan vazge\u00e7medi, bug\u00fcn de vazge\u00e7miyor. Ve bak\u0131yorsunuz s\u0131fat\u0131 anayasa hukuk\u00e7usu olan biri garip garip \u015feyler s\u00f6yl\u00fcyor. Senin her taraf\u0131n anayasa hukuk\u00e7usu olsa ne yazar. Bu t\u00fcr ki\u015filer akademisyen olamaz. Bu ki\u015filer hukuk\u00e7u da olamaz. Bu ki\u015filer sadece kitab\u0131 ezberlemi\u015ftir.<\/p>\n<p style=\"text-align: justify;\"><strong>&#8220;Su\u00e7 duyurusunu burada ilan ediyorum&#8221; <\/strong><\/p>\n<p style=\"text-align: justify;\">&#8211; Ordumuzu adeta ABD&#8217;nin idaresine vermi\u015f bir havada g\u00f6sterme anlay\u0131\u015f\u0131 bir su\u00e7tur. \u015eu anda Zonguldak bu i\u015fi ba\u015flatt\u0131. Ben bu su\u00e7 duyurusunu burada ilan ediyorum. Gere\u011finin yap\u0131lmas\u0131 laz\u0131md\u0131r. Bu kar\u015f\u0131l\u0131ks\u0131z kald\u0131\u011f\u0131 anda ordumuzla topla oynar gibi oynarlar. Bunun bedeli \u00f6dettirilmelidir. Demokratik s\u00fcre\u00e7le bu olay asla i\u00e7 i\u00e7e olamaz. TSK&#8217;y\u0131 karton kutuya benzetme olay\u0131na asla prim veremeyiz. Bu konuda savc\u0131lar\u0131m\u0131z\u0131n gerekli ad\u0131mlar\u0131 atmas\u0131 gerekiyor.<\/p>\n<p style=\"text-align: justify;\"><strong>KIBRIS PROTESTOLARI:<\/strong><\/p>\n<p style=\"text-align: justify;\">&#8211; KKTC&#8217;de 28 Ocak&#8217;ta yap\u0131lan bir g\u00f6steride sarf edilen s\u00f6zler ve kullan\u0131lan pankartlar nedeniyle ge\u00e7ti\u011fimiz hafta baz\u0131 a\u00e7\u0131klamalar oldu. S\u00f6z konusu g\u00f6steride K\u0131br\u0131s davas\u0131ndan uzak bizzat K\u0131br\u0131s T\u00fcrk Cumhuriyeti&#8217;nin verdi\u011fi m\u00fccadeleyi k\u00fc\u00e7\u00fcmseyen, m\u00fccadele ruhunu zedeleyen bir tav\u0131r sergilendi.<\/p>\n<p style=\"text-align: justify;\">&#8211; A\u00e7\u0131lan pankartlar sadece edep a\u00e7\u0131s\u0131ndan yak\u0131\u015f\u0131ks\u0131z de\u011fildir, ayn\u0131 zamanda K\u0131br\u0131s T\u00fcrk\u00fc&#8217;n\u00fcn menfaatlerine zarar veren ve Rumlar\u0131n ekme\u011fine ya\u011f s\u00fcren bir olayd\u0131r. Biz gereken uyar\u0131lar\u0131 yapt\u0131k ancak muhalefetin her konuyu oldu\u011fu gibi an\u0131nda istismar malzemesine d\u00f6n\u00fc\u015ft\u00fcrd\u00fc\u011f\u00fcn\u00fc g\u00f6r\u00fcyoruz.<\/p>\n<p style=\"text-align: justify;\">&#8211; Kimse K\u0131br\u0131s meselesini kendi k\u00fc\u00e7\u00fck hesaplar\u0131na alet etmesin.<\/p>\n<p style=\"text-align: justify;\">&#8211; Bug\u00fcne kadar K\u0131br\u0131s davas\u0131nda ter d\u00f6kmeyenlerin \u015fimdi \u00e7\u0131k\u0131p KKTC&#8217;yi hat\u0131rlamalar\u0131n\u0131 hem K\u0131br\u0131s T\u00fcrk\u00fc&#8217;n\u00fcn hem de vatanda\u015flar\u0131m\u0131z\u0131n vicdan\u0131na b\u0131rak\u0131yorum.<\/p>\n<p style=\"text-align: justify;\">&#8211; KKTC bizim iktidar\u0131m\u0131z d\u00f6neminde uluslararas\u0131 platformlarda daha g\u00f6r\u00fcn\u00fcr hale gelmi\u015ftir. K\u0131br\u0131s m\u00fccadelesi ve \u00e7\u00f6z\u00fcm iradesi hi\u00e7bir d\u00f6nemde olmad\u0131\u011f\u0131 kadar en kararl\u0131 \u015fekilde bizim iktidar\u0131m\u0131zda ortaya konmu\u015ftur. Hi\u00e7kimse KKTC \u00fczerinden istismar yapmas\u0131n. Bu konuda ne anamuhalefeti ne de muhalefeti bizimle yar\u0131\u015f edemez.<\/p>\n<p style=\"text-align: justify;\">&#8211; K\u0131br\u0131s Rum kesiminin ayak oyunlar\u0131na hizmet eden her t\u00fcrl\u00fc giri\u015fim kar\u015f\u0131s\u0131nda bizi bulacakt\u0131r.<\/p>\n<p style=\"text-align: justify;\">&#8211; T\u00fcrkiye her zaman yavru vatan\u0131n yan\u0131ndad\u0131r, garant\u00f6r \u00fclkedir. Ama hi\u00e7bir spek\u00fclasyona da izin vermeyecektir.<\/p>\n<p style=\"text-align: justify;\"><strong>MISIR&#8217;DAK\u0130 \u0130SYAN:<\/strong><\/p>\n<p style=\"text-align: justify;\">&#8211; Ben ge\u00e7en hafta da ifade ettim, halka ra\u011fmen hi\u00e7bir iktidar ayakta kalamaz. Halk\u0131n hayk\u0131r\u0131\u015f\u0131na kulak verilmelidir. Bu s\u00fcre\u00e7te ABD Ba\u015fkan\u0131 Barack Obama ile 6 g\u00fcn i\u00e7inde iki g\u00f6r\u00fc\u015fmemiz oldu.<\/p>\n<p style=\"text-align: justify;\">&#8211; M\u0131s\u0131r&#8217;da uluslararas\u0131 g\u00f6zlemcilerin kapsam\u0131nda d\u00fczenlenecek evrensel yeni bir h\u00fck\u00fcmete ge\u00e7i\u015f sa\u011flanmal\u0131d\u0131r. Ge\u00e7i\u015f s\u00fcreci derhal ba\u015flamal\u0131 ve k\u0131sa olmal\u0131d\u0131r. Mevcut g\u00f6steriler s\u0131ras\u0131nda \u015fiddete ba\u015fvuranlar adalete sevk edilmelidir. Ge\u00e7i\u015f s\u00fcrecinde yeni bir se\u00e7im yasas\u0131 benimsenmelidir. M\u0131s\u0131r&#8217;\u0131n gelece\u011fi sadece M\u0131s\u0131rl\u0131lar taraf\u0131ndan y\u00f6nlendirilebilir ama se\u00e7im neticesi 1 hafta i\u00e7inde neticelendirilmelidir. M\u0131s\u0131r&#8217;\u0131n gelece\u011fi ad\u0131na acilen bu ad\u0131mlar at\u0131lmal\u0131d\u0131r.<\/p>\n<p style=\"text-align: justify;\">&#8211; M\u0131s\u0131r konusunu i\u00e7 siyasette malzeme olarak kullananlar var. On y\u0131llard\u0131r bu \u00fclkede stat\u00fckoyu elitizmi savunanlar, milleti g\u00f6be\u011fi ka\u015f\u0131yan adam, milletin y\u00fczde 60&#8217;\u0131 aptal diyenler, aynaya bakt\u0131klar\u0131nda kendi m\u00fcbarek y\u00fczlerini g\u00f6r\u00fcrler.<\/p>\n<p style=\"text-align: justify;\"><a href=\"http:\/\/www.cnnturk.com\/2011\/turkiye\/02\/08\/her.tarafin.anayasa.hukukcusu.olsa.ne.yazar\/606071.0\/index.html\" target=\"_blank\"><span style=\"color: #888888;\">CNN T\u00dcRK<\/span><\/a><\/p>\n","protected":false},"excerpt":{"rendered":"<p style=\"text-align: center;\">\n<p style=\"text-align: justify;\">Ba\u015fbakan Recep Tayyip Erdo\u011fan, KKTC&#8217;de son d\u00f6nemde geli\u015fen T\u00fcrkiye kar\u015f\u0131t\u0131 eylemlerle ilgili olarak, &#8220;Olay Rumlar\u0131n ekme\u011fine ya\u011f s\u00fcrm\u00fc\u015ft\u00fcr&#8221; dedi. Erdo\u011fan bu konuda yapt\u0131\u011f\u0131 a\u00e7\u0131klamalar\u0131 ele\u015ftiren muhalefete de sert \u00e7\u0131kt\u0131; &#8220;Hi\u00e7kimse KKTC \u00fczerinden istismar yapmas\u0131n&#8221; diye konu\u015ftu. Ba\u015fbakan TSK ile ilgili s\u00f6zleri tart\u0131\u015fma yaratan CHP&#8217;li S\u00fcheyl Batum i\u00e7in de &#8220;Her taraf\u0131 <\/p>\n","protected":false},"author":1,"featured_media":0,"comment_status":"open","ping_status":"closed","sticky":false,"template":"","format":"standard","meta":{"footnotes":""},"categories":[105],"tags":[],"class_list":["post-27922","post","type-post","status-publish","format-standard","hentry","category-gundem","odd"],"_links":{"self":[{"href":"http:\/\/www.korhanyilmaz.com\/index.php?rest_route=\/wp\/v2\/posts\/27922","targetHints":{"allow":["GET"]}}],"collection":[{"href":"http:\/\/www.korhanyilmaz.com\/index.php?rest_route=\/wp\/v2\/posts"}],"about":[{"href":"http:\/\/www.korhanyilmaz.com\/index.php?rest_route=\/wp\/v2\/types\/post"}],"author":[{"embeddable":true,"href":"http:\/\/www.korhanyilmaz.com\/index.php?rest_route=\/wp\/v2\/users\/1"}],"replies":[{"embeddable":true,"href":"http:\/\/www.korhanyilmaz.com\/index.php?rest_route=%2Fwp%2Fv2%2Fcomments&post=27922"}],"version-history":[{"count":0,"href":"http:\/\/www.korhanyilmaz.com\/index.php?rest_route=\/wp\/v2\/posts\/27922\/revisions"}],"wp:attachment":[{"href":"http:\/\/www.korhanyilmaz.com\/index.php?rest_route=%2Fwp%2Fv2%2Fmedia&parent=27922"}],"wp:term":[{"taxonomy":"category","embeddable":true,"href":"http:\/\/www.korhanyilmaz.com\/index.php?rest_route=%2Fwp%2Fv2%2Fcategories&post=27922"},{"taxonomy":"post_tag","embeddable":true,"href":"http:\/\/www.korhanyilmaz.com\/index.php?rest_route=%2Fwp%2Fv2%2Ftags&post=27922"}],"curies":[{"name":"wp","href":"https:\/\/api.w.org\/{rel}","templated":true}]}}