{"id":27918,"date":"2011-02-08T08:01:27","date_gmt":"2011-02-08T06:01:27","guid":{"rendered":"http:\/\/www.korhanyilmaz.com\/?p=27918"},"modified":"2011-02-08T08:01:27","modified_gmt":"2011-02-08T06:01:27","slug":"%e2%80%98%e2%80%99kagittan-kaplan-krizi","status":"publish","type":"post","link":"http:\/\/www.korhanyilmaz.com\/?p=27918","title":{"rendered":"\u2018\u2019Ka\u011f\u0131ttan kaplan&#8221; krizi"},"content":{"rendered":"<p style=\"text-align: center;\"><a href=\"http:\/\/www.korhanyilmaz.com\/wp-content\/uploads\/2011\/02\/226.jpg\"  class=\"lightview\"><img loading=\"lazy\" decoding=\"async\" class=\"aligncenter size-full wp-image-27919\" src=\"http:\/\/www.korhanyilmaz.com\/wp-content\/uploads\/2011\/02\/226.jpg\" alt=\"\" width=\"448\" height=\"242\" \/><\/a><\/p>\n<p style=\"text-align: justify;\">Daha \u00f6nce \u2018\u2019Ordu emre itaatsizlik etti\u2019\u2019 diyen AKP\u2019li \u00c7elik ile Sezen Aksu\u2019ya \u2018\u2019Sazan\u2019\u2019 diyen CHP\u2019li Batum\u2019un son \u00e7\u0131k\u0131\u015flar\u0131 iki partide yeni sorun yaratt\u0131. Asker her ikisine de cevap verdi. Ko\u015faner\u2019in CHP\u2019yi ziyareti de heyecan yaratt\u0131.<\/p>\n<p style=\"text-align: justify;\">ANKARA- AK Parti Genel Ba\u015fkan Yard\u0131mc\u0131s\u0131 \u00d6mer \u00c7elik&#8217;in &#8221;28 \u015eubat ba\u015far\u0131l\u0131 olsayd\u0131 T\u00fcrkiye bug\u00fcn M\u0131s\u0131r gibi olurdu&#8221; ve CHP\u2019li S\u00fcheyl Batum\u2019un \u201cAsker me\u011fer ka\u011f\u0131ttan kaplanm\u0131\u015f\u2019\u2019 s\u00f6zleri Ankara\u2019da kriz yaratt\u0131. TSK her iki a\u00e7\u0131klamaya da cevap verirken, AKP\u2019li \u00c7elik a\u00e7\u0131klamay\u0131 \u00fczerine almad\u0131 ve kendisini de\u011fil Batum\u2019u hedef ald\u0131\u011f\u0131n\u0131 savundu. <!--more--><\/p>\n<p style=\"text-align: justify;\"><strong>SEZEN SAZAN VE EMRE \u0130TAATS\u0130ZL\u0130K<\/strong><\/p>\n<p style=\"text-align: justify;\">Daha \u00f6nce 29 Ekim resepsiyonuna kat\u0131lmad\u0131klar\u0131 i\u00e7in \u2018\u2019Ordu emre itaatsizlik etti\u2019\u2019 diyen ve ele\u015ftirilen AKP\u2019li \u00c7elik&#8217;in &#8221;28 \u015eubat ba\u015far\u0131l\u0131 olsayd\u0131 T\u00fcrkiye M\u0131s\u0131r gibi olurdu&#8221; s\u00f6zleri ve CHP\u2019li Batum\u2019un \u201cAsker ka\u011f\u0131ttan kaplanm\u0131\u015f\u2019\u2019 a\u00e7\u0131klamas\u0131 iki partide de sorun yaratt\u0131. Batum daha \u00f6nce de Sezen Aksu\u2019nun iktidar yanl\u0131s\u0131 tavr\u0131n\u0131 ele\u015ftirmi\u015f ve \u2018\u2019Sazan\u2019\u2019 demi\u015fti. Aksu\u2019dan CHP lideri K\u0131l\u0131\u00e7daro\u011flu \u00f6z\u00fcr dilemi\u015fti.  Batum\u2019\u0131n, tutuklu buklunan Mustafa Balbay ve Tuccay \u00d6zkan\u2019\u0131 milletvekili aday\u0131 g\u00f6sterecekleri a\u00e7\u0131klamas\u0131 da CHP\u2019yi kar\u0131\u015ft\u0131rm\u0131\u015ft\u0131.<\/p>\n<p style=\"text-align: justify;\"><strong>KO\u015eANER Z\u0130YARET\u0130<\/strong><\/p>\n<p style=\"text-align: justify;\">Son tart\u0131\u015fman\u0131n ard\u0131ndan Genelkurmay Ba\u015fkan\u0131 Orgeneral I\u015f\u0131k Ko\u015faner\u2019in CHP lideri Kemal K\u0131l\u0131\u00e7daro\u011flu\u2019nu ziyareti de heyecan yaratt\u0131. G\u00f6r\u00fc\u015fmenin iade-i ziyaret oldu\u011funu a\u00e7\u0131klayan K\u0131l\u0131\u00e7daro\u011flu g\u00f6r\u00fc\u015fmede Batum\u2019un s\u00f6zlerinin g\u00fcndeme gelmedi\u011fini s\u00f6yledi.<\/p>\n<p style=\"text-align: justify;\">Genelkurmay Ba\u015fkanl\u0131\u011f\u0131, \u2018\u2019\u0130ki b\u00fcy\u00fck siyasi partiye mensup ve y\u00f6netici konumundaki bir k\u0131s\u0131m siyasilerin, TSK hakk\u0131nda baz\u0131 de\u011ferlendirmeleri\u2019\u2019 denilerek hem \u00c7elik hem de Batum\u2019a cevap verdi. A\u00e7\u0131klamada, &#8221;Her vesileyle TSK\u2019n\u0131n siyaset d\u0131\u015f\u0131nda kalmas\u0131 gerekti\u011fini savunan bu siyasilerin, g\u00fcnl\u00fck siyasi tart\u0131\u015fmalar\u0131n i\u00e7erisine \u00e7ekme gayretleri \u00fcz\u00fcnt\u00fcyle izlenmektedir\u2019\u2019 denildi.<\/p>\n<p style=\"text-align: justify;\"><strong>\u00c7EL\u0130K \u00dcZER\u0130NE ALINMADI<\/strong><\/p>\n<p style=\"text-align: justify;\">Batum&#8217;un a\u00e7\u0131klamalar\u0131 CHP i\u00e7inde de tepki g\u00f6r\u00fcrken \u00d6mer \u00c7elik Genelkurmay\u2019\u0131n a\u00e7\u0131klamas\u0131n\u0131 \u00fczerine almad\u0131. \u00c7elik \u2018\u2019Ben \u00e7a\u011fda\u015f demokrasilerde ne olmas\u0131 gerekti\u011fini s\u00f6yledim. 28 \u015eubat t\u00fcr\u00fc olu\u015fumlarla asker siyasete m\u00fcdahale etmemelidir. Batum\u2019a g\u00f6re ise ordunun sayg\u0131nl\u0131\u011f\u0131 ancak darbe yapabilen bir ordu oldu\u011fu zaman g\u00f6z\u00fcnde sayg\u0131n oluyor.  Silahl\u0131 Kuvvetler\u2019i siyasete m\u00fcdahaleye davet etmek ibretlik bir a\u00e7\u0131klamad\u0131r\u2019\u2019 dedi.<\/p>\n<p style=\"text-align: justify;\"><strong>\u0130\u015eLER TERS\u0130NE D\u00d6ND\u00dc<\/strong><\/p>\n<p style=\"text-align: justify;\">Bug\u00fcne kadar CHP s\u00f6zc\u00fclerinin \u2018\u2019AKP T\u00fcrk Silahl\u0131 Kuvvetlerinden elini \u00e7eksin\u2019\u2019 bi\u00e7imindeki a\u00e7\u0131klamalar\u0131, CHP\u2019li S\u00fcheyl Batum\u2019un s\u00f6zleri \u00fczerine tersine de d\u00f6nd\u00fc ve askeri AKP savundu. Grup Ba\u015fkanvekili Bekir Bozda\u011f \u2018\u201928 \u015eubat\u2019a alk\u0131\u015f tutanlar,27 Nisan\u2019\u0131 ayakta alk\u0131\u015flayanlar;  demokrasi i\u00e7inde kal\u0131nca TSK\u2019ya hakarete varan a\u00e7\u0131klamalarda bulunuyorlar\u2019\u2019 dedi.<\/p>\n<p style=\"text-align: justify;\">Devlet Bakan\u0131 Ba\u015fbakan Yard\u0131mc\u0131s\u0131 B\u00fclent Ar\u0131n\u00e7 ise \u2018\u2019Batum\u2019un s\u00f6zleri TSK\u2019ya do\u011frudan hakarettir. Her a\u011fz\u0131n\u0131 a\u00e7t\u0131\u011f\u0131nda hakaretler ya\u011fd\u0131ran agresif bir dil kullan\u0131yor. Sezen Aksu\u2019yu \u2019sazan\u2019 beni de \u2019zerd\u00fc\u015ft\u2019 ilan etmi\u015fti\u2019\u2019 dedi.<\/p>\n<p style=\"text-align: justify;\"><strong>BATUM\u2019UN SAVUNMASI<\/strong><\/p>\n<p style=\"text-align: justify;\">CHP Grup Ba\u015fkanvekili Akif Hamza\u00e7ebi, Batum&#8217;un s\u00f6zlerini ele\u015ftirdi ve &#8221;Amac\u0131n\u0131 a\u015fan bir ifade kulland\u0131&#8221; de\u011ferlendirmesini yapt\u0131. Batum da, \u2018\u2019 Benim s\u00f6zlerim, TSK&#8217;y\u0131 \u00fczerse ben de \u00fcz\u00fcl\u00fcr\u00fcm. Hilmi \u00d6zk\u00f6k, \u2018Ben kasapl\u0131k ete so\u011fan do\u011framam\u2019 dedi. B\u00fcy\u00fckan\u0131t&#8217;\u0131n 27 Nisan a\u00e7\u0131klamas\u0131 \u00fczerine T\u00fcrkiye&#8217;nin kaderi de\u011fi\u015fti. Ben ka\u011f\u0131ttan kaplan derken, TSK&#8217;n\u0131n genelini kastetmedim. Re\u015fadiye&#8217;de bask\u0131n yap\u0131l\u0131rken, Ar\u0131n\u00e7 &#8216;Ordu yapm\u0131\u015ft\u0131r bunu&#8217; dedi. T\u00fcrkiye&#8217;de bu kadar hukuksuzluklar yap\u0131l\u0131rken, ordunun kendisini sorgulamas\u0131 laz\u0131md\u0131r\u2019\u2019 dedi.<\/p>\n<p style=\"text-align: justify;\"><a href=\"http:\/\/www.gazeteport.com.tr\/SIYASET\/NEWS\/GP_849488\" target=\"_blank\"><span style=\"color: #888888;\">Kaynak : GAZETEPORT<\/span><\/a><\/p>\n","protected":false},"excerpt":{"rendered":"<p style=\"text-align: center;\">\n<p style=\"text-align: justify;\">Daha \u00f6nce \u2018\u2019Ordu emre itaatsizlik etti\u2019\u2019 diyen AKP\u2019li \u00c7elik ile Sezen Aksu\u2019ya \u2018\u2019Sazan\u2019\u2019 diyen CHP\u2019li Batum\u2019un son \u00e7\u0131k\u0131\u015flar\u0131 iki partide yeni sorun yaratt\u0131. Asker her ikisine de cevap verdi. Ko\u015faner\u2019in CHP\u2019yi ziyareti de heyecan yaratt\u0131.<\/p>\n<p style=\"text-align: justify;\">ANKARA- AK Parti Genel Ba\u015fkan Yard\u0131mc\u0131s\u0131 \u00d6mer \u00c7elik&#8217;in &#8221;28 \u015eubat ba\u015far\u0131l\u0131 olsayd\u0131 T\u00fcrkiye <\/p>\n","protected":false},"author":1,"featured_media":0,"comment_status":"open","ping_status":"closed","sticky":false,"template":"","format":"standard","meta":{"footnotes":""},"categories":[105],"tags":[],"class_list":["post-27918","post","type-post","status-publish","format-standard","hentry","category-gundem","odd"],"_links":{"self":[{"href":"http:\/\/www.korhanyilmaz.com\/index.php?rest_route=\/wp\/v2\/posts\/27918","targetHints":{"allow":["GET"]}}],"collection":[{"href":"http:\/\/www.korhanyilmaz.com\/index.php?rest_route=\/wp\/v2\/posts"}],"about":[{"href":"http:\/\/www.korhanyilmaz.com\/index.php?rest_route=\/wp\/v2\/types\/post"}],"author":[{"embeddable":true,"href":"http:\/\/www.korhanyilmaz.com\/index.php?rest_route=\/wp\/v2\/users\/1"}],"replies":[{"embeddable":true,"href":"http:\/\/www.korhanyilmaz.com\/index.php?rest_route=%2Fwp%2Fv2%2Fcomments&post=27918"}],"version-history":[{"count":0,"href":"http:\/\/www.korhanyilmaz.com\/index.php?rest_route=\/wp\/v2\/posts\/27918\/revisions"}],"wp:attachment":[{"href":"http:\/\/www.korhanyilmaz.com\/index.php?rest_route=%2Fwp%2Fv2%2Fmedia&parent=27918"}],"wp:term":[{"taxonomy":"category","embeddable":true,"href":"http:\/\/www.korhanyilmaz.com\/index.php?rest_route=%2Fwp%2Fv2%2Fcategories&post=27918"},{"taxonomy":"post_tag","embeddable":true,"href":"http:\/\/www.korhanyilmaz.com\/index.php?rest_route=%2Fwp%2Fv2%2Ftags&post=27918"}],"curies":[{"name":"wp","href":"https:\/\/api.w.org\/{rel}","templated":true}]}}