{"id":27913,"date":"2011-02-08T11:16:49","date_gmt":"2011-02-08T09:16:49","guid":{"rendered":"http:\/\/www.korhanyilmaz.com\/?p=27913"},"modified":"2011-02-08T11:16:49","modified_gmt":"2011-02-08T09:16:49","slug":"jandarma-bulunan-kemikler-teroristlerin","status":"publish","type":"post","link":"http:\/\/www.korhanyilmaz.com\/?p=27913","title":{"rendered":"Jandarma: &#8220;Bulunan kemikler ter\u00f6ristlerin&#8221;"},"content":{"rendered":"<p style=\"text-align: center;\"><a href=\"http:\/\/www.korhanyilmaz.com\/wp-content\/uploads\/2011\/02\/224.jpg\"  class=\"lightview\"><img loading=\"lazy\" decoding=\"async\" class=\"aligncenter size-full wp-image-27914\" src=\"http:\/\/www.korhanyilmaz.com\/wp-content\/uploads\/2011\/02\/224.jpg\" alt=\"\" width=\"413\" height=\"220\" \/><\/a><\/p>\n<p style=\"text-align: justify;\">Jandarma Genel Komutanl\u0131\u011f\u0131 Bitlis\u2019in Mutki il\u00e7esinde yap\u0131lan kaz\u0131da bulunan insan kemiklerinin \u00e7at\u0131\u015fmada \u00f6ld\u00fcr\u00fclen ter\u00f6ristlere ait oldu\u011funu a\u00e7\u0131klad\u0131.<\/p>\n<p style=\"text-align: justify;\"><span style=\"text-decoration: underline;\">Jandarmadan yap\u0131lan a\u00e7\u0131klama \u015f\u00f6yle: <\/span><\/p>\n<p style=\"text-align: justify;\">1.Bitlis-Mutki il\u00e7esinde bulunan kemik par\u00e7alar\u0131 ile ilgili olarak, 06 Ocak-08 \u015eubat 2011 tarihleri aras\u0131nda, baz\u0131 bas\u0131n ve yay\u0131n organlar\u0131nda yer alan haberler ve yorumlar \u00fczerine a\u015fa\u011f\u0131daki a\u00e7\u0131klaman\u0131n yap\u0131lmas\u0131 faydal\u0131 g\u00f6r\u00fclm\u00fc\u015ft\u00fcr.<\/p>\n<p style=\"text-align: justify;\">2. S\u00f6z konusu haberlerde, Mutki C.Ba\u015fsavc\u0131l\u0131\u011f\u0131nca, Mutki-Kavakba\u015f\u0131 yolu Ziyaret mevkiinde farkl\u0131 tarihlerde yap\u0131lan kaz\u0131 \u00e7al\u0131\u015fmalar\u0131nda, (17\u201318) ki\u015fiye ait oldu\u011fu de\u011ferlendirilen kemik par\u00e7alar\u0131n\u0131n bulundu\u011fu ifade edilmektedir. <!--more--><\/p>\n<p style=\"text-align: justify;\"><a href=\"http:\/\/www.korhanyilmaz.com\/wp-content\/uploads\/2011\/02\/225.jpg\"  class=\"lightview\"><img loading=\"lazy\" decoding=\"async\" class=\"alignleft size-full wp-image-27915\" style=\"margin-left: 15px; margin-right: 15px;\" src=\"http:\/\/www.korhanyilmaz.com\/wp-content\/uploads\/2011\/02\/225.jpg\" alt=\"\" width=\"223\" height=\"169\" \/><\/a>3. Konu ile ilgili yap\u0131lan ara\u015ft\u0131rmada tespit edilen hususlar a\u015fa\u011f\u0131ya \u00e7\u0131kar\u0131lm\u0131\u015ft\u0131r:<\/p>\n<p style=\"text-align: justify;\">a.  Mutki il\u00e7esi \u00c7ayge\u00e7it k\u00f6y\u00fcnde, 08-09 Eyl\u00fcl 1999 tarihinde meydana gelen \u00e7at\u0131\u015fmada \u00f6l\u00fc olarak ele ge\u00e7irilen (15) teroristten, (13)\u2019\u00fcn\u00fcn otopsileri Mutki C.Ba\u015fsavc\u0131l\u0131\u011f\u0131nca yap\u0131lm\u0131\u015f ve C.Ba\u015fsavc\u0131l\u0131\u011f\u0131nca defin ruhsat\u0131 d\u00fczenlenerek, Mutki Belediyesince 09 Eyl\u00fcl 1999 tarihinde Bitlis-Mutki il\u00e7esi Kavakba\u015f\u0131 yolu Ziyaret mevkiinde defnedilmi\u015ftir.<\/p>\n<p style=\"text-align: justify;\">b. Mutki \u0130l\u00e7esi Alatoprak k\u00f6y\u00fc Kohan mezras\u0131 mevkiinde, 17 Eyl\u00fcl 1999 tarihinde meydana gelen \u00e7at\u0131\u015fmada \u00f6l\u00fc olarak ele ge\u00e7irilen (2) teroristin de Mutki C.Ba\u015fsavc\u0131l\u0131\u011f\u0131nca otopsileri yap\u0131lm\u0131\u015f ve ayn\u0131 \u015fekilde defin ruhsat\u0131 d\u00fczenlenerek, Mutki Belediyesince 18 Eyl\u00fcl 1999 tarihinde ayn\u0131 yere defnedildikleri tespit edilmi\u015ftir.<\/p>\n<p style=\"text-align: justify;\">c. Bu olaylara ait soru\u015fturma dosyalar\u0131 Mutki C.Ba\u015fsavc\u0131l\u0131\u011f\u0131nca d\u00fczenlenen, Haz\u0131rl\u0131k No:1999\/109, Fezleke No:1999\/15 say\u0131l\u0131 fezleke ile olay tarihi itibar\u0131yla VAN Devlet G\u00fcvenlik Mahkemesi C.Ba\u015fsavc\u0131l\u0131\u011f\u0131na (\u015eimdiki CMK 250\u2019inci maddesi ile g\u00f6revli) g\u00f6nderilmi\u015ftir.<\/p>\n<p style=\"text-align: justify;\">\u00e7. S\u00f6z konusu olaylarda, defnedilen ter\u00f6ristlere ait \u201cfoto\u011fraflar\u201d, \u201cotopsi raporlar\u0131\u201d ve \u201cdefin ruhsatlar\u0131\u201d soru\u015fturma dosyalar\u0131nda, defnedildiklerine dair tutanak ve belgeler Mutki Belediye Ba\u015fkanl\u0131\u011f\u0131nda bulunmaktad\u0131r.<\/p>\n<p style=\"text-align: justify;\">4. Ayr\u0131ca, 06 \u015eubat 2011 tarihli bir bas\u0131n organ\u0131nda, \u201cJandarma Mutki\u2019de korsan kaz\u0131 yapm\u0131\u015f\u201d ba\u015fl\u0131\u011f\u0131yla bir haber yay\u0131mlanm\u0131\u015f olup; haberde, Mutki il\u00e7e J.K.l\u0131\u011f\u0131n\u0131n, savc\u0131ya haber vermeksizin, kendi binas\u0131na ait avlu i\u00e7inde kaz\u0131 yapt\u0131\u011f\u0131, bu esnada \u00e7\u0131kan kemikleri \u00e7\u00f6pe att\u0131\u011f\u0131, s\u00f6z konusu kemiklerin daha \u00f6nceden kay\u0131p olan \u00fc\u00e7 \u015fahsa ait oldu\u011fu ileri s\u00fcr\u00fclm\u00fc\u015ft\u00fcr. Haberde ileri s\u00fcr\u00fclen hususlar ger\u00e7e\u011fi yans\u0131tmamakta olup, do\u011frusu a\u015fa\u011f\u0131da ifade edildi\u011fi gibidir:<\/p>\n<p style=\"text-align: justify;\">Mutki \u0130l\u00e7e J.K.l\u0131\u011f\u0131n\u0131n g\u00fcvenli\u011fini sa\u011flamak maksad\u0131yla daha \u00f6nceden kaz\u0131lm\u0131\u015f bulunan mevzilerin, 29 Ocak 2011 g\u00fcn\u00fc 13.00-16.30 saatleri aras\u0131nda geli\u015ftirme faaliyetleri esnas\u0131nda, baz\u0131 kemiklere rastlanm\u0131\u015f olup, yap\u0131lan bu faaliyetleri yanl\u0131\u015f de\u011ferlendiren vatanda\u015flar\u0131n bu olay\u0131 C.savc\u0131l\u0131\u011f\u0131na bildirmeleri \u00fczerine, \u0130l\u00e7e Jandarma K.l\u0131\u011f\u0131na gelen Mutki C.Savc\u0131lar\u0131 taraf\u0131ndan, s\u00f6z konusu kemikler bizzat mahallinde tutanakla ve g\u00f6r\u00fcnt\u00fclerle tespit edilerek incelenmek \u00fczere al\u0131nm\u0131\u015ft\u0131r. G\u00f6zle yap\u0131lan ilk tespitlerde hayvan kemi\u011fi oldu\u011fu de\u011ferlendirilen bu kemiklere ili\u015fkin niha\u00ee karar, adl\u00ee makamlar\u0131n i\u015flemlerinden sonra verilecektir.\u201d<\/p>\n<p style=\"text-align: justify;\"><a href=\"http:\/\/www.gazeteport.com.tr\/GUNCEL\/NEWS\/GP_849782\" target=\"_blank\"><span style=\"color: #888888;\">Kaynak : GAZETEPORT<\/span><\/a><\/p>\n","protected":false},"excerpt":{"rendered":"<p style=\"text-align: center;\">\n<p style=\"text-align: justify;\">Jandarma Genel Komutanl\u0131\u011f\u0131 Bitlis\u2019in Mutki il\u00e7esinde yap\u0131lan kaz\u0131da bulunan insan kemiklerinin \u00e7at\u0131\u015fmada \u00f6ld\u00fcr\u00fclen ter\u00f6ristlere ait oldu\u011funu a\u00e7\u0131klad\u0131.<\/p>\n<p style=\"text-align: justify;\">Jandarmadan yap\u0131lan a\u00e7\u0131klama \u015f\u00f6yle: <\/p>\n<p style=\"text-align: justify;\">1.Bitlis-Mutki il\u00e7esinde bulunan kemik par\u00e7alar\u0131 ile ilgili olarak, 06 Ocak-08 \u015eubat 2011 tarihleri aras\u0131nda, baz\u0131 bas\u0131n ve yay\u0131n organlar\u0131nda yer alan haberler ve yorumlar <\/p>\n","protected":false},"author":1,"featured_media":0,"comment_status":"open","ping_status":"closed","sticky":false,"template":"","format":"standard","meta":{"footnotes":""},"categories":[105],"tags":[],"class_list":["post-27913","post","type-post","status-publish","format-standard","hentry","category-gundem","odd"],"_links":{"self":[{"href":"http:\/\/www.korhanyilmaz.com\/index.php?rest_route=\/wp\/v2\/posts\/27913","targetHints":{"allow":["GET"]}}],"collection":[{"href":"http:\/\/www.korhanyilmaz.com\/index.php?rest_route=\/wp\/v2\/posts"}],"about":[{"href":"http:\/\/www.korhanyilmaz.com\/index.php?rest_route=\/wp\/v2\/types\/post"}],"author":[{"embeddable":true,"href":"http:\/\/www.korhanyilmaz.com\/index.php?rest_route=\/wp\/v2\/users\/1"}],"replies":[{"embeddable":true,"href":"http:\/\/www.korhanyilmaz.com\/index.php?rest_route=%2Fwp%2Fv2%2Fcomments&post=27913"}],"version-history":[{"count":0,"href":"http:\/\/www.korhanyilmaz.com\/index.php?rest_route=\/wp\/v2\/posts\/27913\/revisions"}],"wp:attachment":[{"href":"http:\/\/www.korhanyilmaz.com\/index.php?rest_route=%2Fwp%2Fv2%2Fmedia&parent=27913"}],"wp:term":[{"taxonomy":"category","embeddable":true,"href":"http:\/\/www.korhanyilmaz.com\/index.php?rest_route=%2Fwp%2Fv2%2Fcategories&post=27913"},{"taxonomy":"post_tag","embeddable":true,"href":"http:\/\/www.korhanyilmaz.com\/index.php?rest_route=%2Fwp%2Fv2%2Ftags&post=27913"}],"curies":[{"name":"wp","href":"https:\/\/api.w.org\/{rel}","templated":true}]}}