{"id":27909,"date":"2011-02-08T12:00:52","date_gmt":"2011-02-08T10:00:52","guid":{"rendered":"http:\/\/www.korhanyilmaz.com\/?p=27909"},"modified":"2011-02-08T12:00:52","modified_gmt":"2011-02-08T10:00:52","slug":"bahceli-erdogan-atesle-oynuyor","status":"publish","type":"post","link":"http:\/\/www.korhanyilmaz.com\/?p=27909","title":{"rendered":"Bah\u00e7eli: Erdo\u011fan ate\u015fle oynuyor"},"content":{"rendered":"<p style=\"text-align: center;\"><a href=\"http:\/\/www.korhanyilmaz.com\/wp-content\/uploads\/2011\/02\/223.jpg\"  class=\"lightview\"><img loading=\"lazy\" decoding=\"async\" class=\"aligncenter size-full wp-image-27910\" src=\"http:\/\/www.korhanyilmaz.com\/wp-content\/uploads\/2011\/02\/223.jpg\" alt=\"\" width=\"413\" height=\"218\" \/><\/a><\/p>\n<p style=\"text-align: justify;\">MHP lideri Devlet Bah\u00e7eli partisinin grup toplant\u0131s\u0131nda, Ba\u015fbakan Erdo\u011fan&#8217;a seslenerek &#8216;Ate\u015fle oynad\u0131\u011f\u0131n\u0131 idrak etmesini gerekir&#8217; dedi. \u0130\u015fte Bah\u00e7eli&#8217;nin a\u00e7\u0131klamalar\u0131:<\/p>\n<p style=\"text-align: justify;\"><strong>&#8220;AKP MISIR&#8217;I YANLI\u015e DE\u011eERLEND\u0130R\u0130YOR&#8221;<\/strong><\/p>\n<p style=\"text-align: justify;\">T\u00fcrkiye\u2019nin yak\u0131n co\u011frafyas\u0131nda \u00f6nemle takip edilmesi gereken olaylar cereyan etmektedir. Y\u0131llarca k\u00fcresel g\u00fc\u00e7 merkezleri taraf\u0131ndan desteklenen otoriter g\u00fc\u00e7 merkezlerinin k\u00f6\u015feye s\u0131k\u0131\u015ft\u0131\u011f\u0131na kamuoyuna yans\u0131yan bilgilerden \u015fahit olunmaktad\u0131r. <!--more--><\/p>\n<p style=\"text-align: justify;\">Yak\u0131n co\u011frafyalardaki halklar\u0131n otoriter y\u00f6netimlerden kurtulay\u0131m derken yeni vesayetlerin alt\u0131na girmemesi de \u00f6nemlidir. Bat\u0131l\u0131 anlay\u0131\u015f\u0131n iki y\u00fczl\u00fcl\u00fc\u011f\u00fcn\u00fc de bu son olaylarda g\u00f6rd\u00fck. M\u00fcsl\u00fcman co\u011frafyas\u0131 de\u011fi\u015fik d\u00f6nemlerde kanl\u0131 \u00e7at\u0131\u015fmalara sahne oldu. Bunlar\u0131n arkas\u0131nda Bat\u0131l\u0131 \u00fclkeleri g\u00f6rmek rastlant\u0131 de\u011fildir.<\/p>\n<p style=\"text-align: justify;\">Tunus\u2019tan M\u0131s\u0131r\u2019a uzanan hareketlerin \u00f6ncelikle i\u015fsizli\u011fe, yoksullu\u011fa ba\u015fkald\u0131r\u0131d\u0131r. Yeni otoriter rejimlerin alt\u0131na girebilme ihtimali yeni gerginliklere neden olacakt\u0131r. Mesele ger\u00e7ekten demokrasi ve \u00f6zg\u00fcrl\u00fcklerin esas anlamda kar\u015f\u0131l\u0131k bulmas\u0131d\u0131r. Yak\u0131n co\u011frafyam\u0131zdaki olaylar\u0131 AKP iktidar\u0131 dikkatle izlemeli. \u00d6zellikle M\u0131s\u0131r\u2019daki geli\u015fmeleri ve AKP iktidar\u0131n\u0131n yanl\u0131\u015f de\u011ferlendirdi\u011fini son vakalara bakarak s\u00f6ylememiz m\u00fcmk\u00fcnd\u00fcr.<\/p>\n<p style=\"text-align: justify;\">M\u0131s\u0131r\u2019daki toplumsal yang\u0131n\u0131 trib\u00fcnden seyretmeyece\u011fiz diyen Ba\u015fbakan Erdo\u011fan, ABD\u2019nin isteklerini yerine getiriyor. Erdo\u011fan kom\u015fusu olan bir \u00fclkeye ilk bak\u0131\u015fta bile binlerce kilometre \u00f6tedeki ABD ile tam olarak ayn\u0131 d\u00fc\u015f\u00fcnd\u00fc\u011f\u00fcn\u00fc s\u00f6ylemesi ibretliktir.<\/p>\n<p style=\"text-align: justify;\"><strong>&#8220;CEVAP BEKLED\u0130\u011e\u0130M\u0130Z SORULAR&#8221;<\/strong><\/p>\n<p style=\"text-align: justify;\">Devletin M\u0131s\u0131r konusunda ABD\u2019den hi\u00e7 mi ayr\u0131 politikas\u0131 yoktur. D\u0131\u015f politikada proaktif davranman\u0131n inand\u0131r\u0131c\u0131l\u0131\u011f\u0131 bundan sonra nas\u0131l ileri s\u00fcr\u00fclecektir.<\/p>\n<p style=\"text-align: justify;\">ABD\u2019nin yakla\u015f\u0131mlar\u0131n\u0131n ayn\u0131s\u0131n\u0131 Erdo\u011fan\u2019\u0131n tekrar etmesi b\u00f6lgenin kim taraf\u0131ndan y\u00f6netildi\u011fini g\u00f6stermektedir.<\/p>\n<p style=\"text-align: justify;\"><strong>&#8220;ERDO\u011eAN\u2019IN SUSKUNLU\u011eU REZALET&#8221;<\/strong><\/p>\n<p style=\"text-align: justify;\">Erdo\u011fan, yabanc\u0131 \u00fclkelerin eline tutu\u015fturdu\u011fu pusula ile yol almaktad\u0131r. Erdo\u011fan \u015fahs\u0131na g\u00f6sterilen ilgiyi istismar etmektedir.<\/p>\n<p style=\"text-align: justify;\">Te\u015frifat\u00e7\u0131l\u0131k yapmak, ge\u00e7ici y\u00f6netimlerin kurulmas\u0131n\u0131 istemek kendi i\u00e7imizde baz\u0131 \u00e7evrelere emsal te\u015fkil edecektir. Ortado\u011fu ate\u015finin alevlerinin s\u0131n\u0131rlar\u0131m\u0131za ge\u00e7ecek eylem ve politikalardan bir an \u00f6nce uzakla\u015f\u0131lmal\u0131d\u0131r.<\/p>\n<p style=\"text-align: justify;\">\u0130mral\u0131 canisi bir yandan AKP ile yapt\u0131\u011f\u0131 pazarl\u0131klara devam ederken di\u011fer yanda Diyarbak\u0131r merkezli olmak \u00fczere M\u0131s\u0131r \u00f6rne\u011fini vererek isyan\u0131 te\u015fvik etmektedir. Ba\u015fbakan Erdo\u011fan\u2019\u0131n ba\u015fka \u00fclkelerin nas\u0131l bir y\u00f6netimle y\u00f6netilmesi gerekti\u011fi ile fikirlerine son vermelidir. \u0130mral\u0131 canisinin s\u00f6zlerine sessiz kalmas\u0131 rezalettir.<\/p>\n<p style=\"text-align: justify;\"><strong>&#8220;ERDO\u011eAN ATE\u015eLE OYNUYOR&#8221;<\/strong><\/p>\n<p style=\"text-align: justify;\">Emperyalizm bir as\u0131r \u00f6ncesi ile ayn\u0131 emperyalizmdir. Akt\u00f6rler de ayn\u0131d\u0131r. ABD taraf\u0131ndan y\u00f6nlendirilen ve y\u00f6netilen Ortado\u011fu \u00fclkeleri, Afrika\u2019n\u0131n kuzey hatt\u0131, Afrika\u2019n\u0131n alt kuzey hatt\u0131, Arap yar\u0131madas\u0131, Asya ve Avrupa\u2019da T\u00fcrkiye\u2019yi y\u00f6netiyor. Daha sonra T\u00fcrkiye bu listeden \u00e7\u0131kar\u0131lm\u0131\u015ft\u0131r.<\/p>\n<p style=\"text-align: justify;\">14 milyon kilometre karesi Arap Birli\u011fi \u00fclkelerindedir. 3 k\u0131tada toplam yakla\u015f\u0131k 18 milyon metrekaredir.<\/p>\n<p style=\"text-align: justify;\">Projenin g\u00f6r\u00fcnen hedefindeki devletlerine y\u00f6nelik kapsaml\u0131 bir d\u00f6n\u00fc\u015f program\u0131 sa\u011flanmas\u0131 planlan\u0131yor. G\u00f6r\u00fcnmeyen a\u015famas\u0131 ise petrol kaynaklar\u0131d\u0131r. Erdo\u011fan oldu\u011fu s\u00fcrece b\u00f6ylesi al\u00e7ak\u00e7a emperyalist taleplere kar\u015f\u0131 durmak ve direnmek m\u00fcmk\u00fcn de\u011fildir. Ate\u015fle oynad\u0131\u011f\u0131n\u0131 idrak etmesi gereken Ba\u015fbakan\u2019\u0131n bekam\u0131z\u0131 tehlikeye atacak her t\u00fcrl\u00fc ad\u0131mdan vazge\u00e7mesi gerekir.<\/p>\n<p style=\"text-align: justify;\"><strong>KKTC \u0130LE \u2018BESLEME\u2019 KR\u0130Z\u0130<\/strong><\/p>\n<p style=\"text-align: justify;\">KKTC ile Erdo\u011fan aras\u0131ndaki uyu\u015fmazl\u0131k ciddi a\u015famaya geldi. KKTC\u2019de yap\u0131lan bir protestoya haddinden fazla sinirlenen Erdo\u011fan, K\u0131br\u0131sl\u0131 karde\u015flerimizi incitmi\u015ftir.<\/p>\n<p style=\"text-align: justify;\">Elbette ki afi\u015flere yaz\u0131lan baz\u0131 ifadeler do\u011fru de\u011fildir. D\u00fcne kadar Ba\u015fbakan\u2019\u0131n koruyucu kanatlar\u0131 alt\u0131nda beslenen Erdo\u011fan\u2019daki baz\u0131 mahfiller ne yaz\u0131k ki bug\u00fcnlerde T\u00fcrkiye\u2019ye \u2018\u00e7ek git\u2019 diyor.<\/p>\n<p style=\"text-align: justify;\">Erdo\u011fan\u2019\u0131n daha \u00f6nce ittifak kurdu\u011fu bu tepkilere g\u00f6sterdi\u011fi tepkiler dan\u0131\u015f\u0131kl\u0131 d\u00f6v\u00fc\u015ft\u00fcr. Erdo\u011fan\u2019\u0131n so\u011fuk kanl\u0131l\u0131\u011f\u0131n\u0131 kaybedercesine hiddetlenmesi as\u0131l niyetini de\u015fifre etmesi bak\u0131m\u0131ndan kayda de\u011ferdir.<\/p>\n<p style=\"text-align: justify;\"><strong>&#8220;ERDO\u011eAN ETRAFINA BAKSIN&#8221;<\/strong><\/p>\n<p style=\"text-align: justify;\">\u2018Besleme\u2019 diyen Erdo\u011fan\u2019\u0131n s\u00f6zlerini \u015fiddetle telin ediyoruz. \u0130lla bir \u2018besleme\u2019 s\u0131fat\u0131 kullanmak istiyorsa \u00e7evresine bakmas\u0131 yeterlidir. Sevsin ya da sevmesin K\u0131br\u0131sl\u0131 soyda\u015flar\u0131m\u0131z\u0131n her biri bizim i\u00e7in \u00f6nemlidir. Onlara y\u00f6nelik k\u00f6t\u00fc s\u00f6z misliyle sahibine ait olacakt\u0131r.<\/p>\n<p style=\"text-align: justify;\"><strong>&#8220;ALDIKLARI YARDIMLAR ANALARININ AK S\u00dcT\u00dc G\u0130B\u0130 HELAL&#8221;<\/strong><\/p>\n<p style=\"text-align: justify;\">AKP\u2019ye ra\u011fmen K\u0131br\u0131s T\u00fcrk\u2019t\u00fcr ve sonuna kadar T\u00fcrk kalacakt\u0131r. K\u0131br\u0131s bizim i\u00e7in milli davad\u0131r. Bunu de\u011fersizle\u015ftirmeye \u00e7al\u0131\u015fanlar kar\u015f\u0131s\u0131nda MHP\u2019yi bulacakt\u0131r.<\/p>\n<p style=\"text-align: justify;\">Ald\u0131klar\u0131 her yard\u0131m analar\u0131n\u0131n ak s\u00fct\u00fc gibi helaldir ve bunu kimse sorgulayamaz. Yunanistan\u2019a gelince \u2018dostum\u2019 diyen, konu K\u0131br\u0131s\u2019a gelince \u2018besleme\u2019 diyen AKP zihniyetinin T\u00fcrkl\u00fc\u011f\u00fcn ate\u015finde yan\u0131p yok olmas\u0131 yak\u0131nd\u0131r.<\/p>\n<p style=\"text-align: justify;\">Rumlara \u015firin g\u00f6z\u00fckmeye \u00e7al\u0131\u015fan  AKP zihniyetinin sonu gelmi\u015ftir. AKP\u2019nin \u2018ver kurtulcu\u2019 politikas\u0131 duvara toslamaya mahkumdur.<\/p>\n<p style=\"text-align: justify;\"><strong>&#8220;BATUM \u015eUURUNU KAYBETM\u0130\u015e B\u0130R S\u0130YASET\u00c7\u0130&#8221;<\/strong><\/p>\n<p style=\"text-align: justify;\">Bah\u00e7eli, partisinin grup toplant\u0131s\u0131nda CHP&#8217;li S\u00fcheyl Batum&#8217;un T\u00fcrk Silahl\u0131 Kuvvetleri&#8217;ni hedef alan s\u00f6zlerine de de\u011finerek \u015funlar\u0131 s\u00f6yledi:<\/p>\n<p style=\"text-align: justify;\">&#8221;AKP&#8217;nin asker \u00fczerinden y\u00fcr\u00fctt\u00fc\u011f\u00fc istismar politikalar\u0131n\u0131n yan\u0131 s\u0131ra CHP de benzeri bir tutum tak\u0131nm\u0131\u015f ve incitici, k\u0131\u015fk\u0131rt\u0131c\u0131 ve tahrik edici bir \u00fcslup benimsemi\u015ftir. Bir tarafta TSK&#8217;y\u0131 hakir g\u00f6ren ve darbeci yaftas\u0131n\u0131 vuran AKP zihniyeti varken, \u00f6b\u00fcr tarafta demokratik s\u00fcrece askeri dahil etmeye \u00e7al\u0131\u015fan ve siyaseti y\u00f6nlendirmesini arzulayan bir ana muhalefet anlay\u0131\u015f\u0131 yer alm\u0131\u015ft\u0131r. T\u00fcrk siyaseti bu iki seviye yoksunu ve istismarc\u0131 partiden yorulmu\u015ftur ve oynanan kar\u015f\u0131l\u0131kl\u0131 oyundan dolay\u0131 tahrip olmu\u015ftur.<\/p>\n<p style=\"text-align: justify;\">Son olarak CHP&#8217;nin bir genel ba\u015fkan yard\u0131mc\u0131s\u0131n\u0131n s\u00f6zleri bu \u00e7er\u00e7evede son \u00f6rne\u011fi te\u015fkil etmi\u015ftir. S\u00f6z konusu CHP y\u00f6neticisinin &#8216;Koca bir askeri y\u0131kt\u0131lar, me\u011fer ka\u011f\u0131ttan kaplanm\u0131\u015f, biz bunu asker zannetmi\u015fiz&#8217; s\u00f6zleri, talihsiz oldu\u011fu kadar, \u015fuurunu kaybeden bir siyaset\u00e7inin hezeyanlar\u0131ndan ba\u015fka bir anlama gelmemektedir. Tavsiyemiz, bu CHP&#8217;li y\u00f6neticinin askerden ne bekledi\u011fini a\u00e7\u0131kl\u0131kla ortaya koymas\u0131; demokrasinin ve sand\u0131\u011f\u0131n erdemine inanm\u0131yorsa bundan sonra siyaset yap\u0131p yapmama konusunda kendisini bir kez daha g\u00f6zden ge\u00e7irmesidir.&#8221;<\/p>\n<p style=\"text-align: justify;\">&#8221;TSK ka\u011f\u0131ttan kaplan de\u011fil, binlerce y\u0131ll\u0131k ge\u00e7mi\u015fiyle T\u00fcrk milletinin en g\u00fc\u00e7l\u00fc kudretlerinden birisidir&#8221; diyen Bah\u00e7eli, &#8221;Bunu anlamayan ve seviyesi yerlerde s\u00fcr\u00fcnen siyasetlerine kald\u0131ra\u00e7 olarak askeri kullanmay\u0131 ama\u00e7layanlar hedeflerine asla ula\u015famayacaklard\u0131r. \u0130zledikleri \u00e7arp\u0131k siyasetleri i\u00e7in askerden medet uman, destek bekleyen ve demokratik siyasi y\u00f6netimlerin vesayet alt\u0131nda olmas\u0131n\u0131 i\u00e7ten i\u00e7e dileyen siyasi zihniyetler, her f\u0131rsatta demokrasinin y\u0131ld\u0131r\u0131mlar\u0131yla \u00e7arp\u0131lacaklard\u0131r. Beklentimiz hem CHP&#8217;nin hem de AKP&#8217;nin elini TSK&#8217;dan bir an \u00f6nce \u00e7ekmeleri ve siyasetin i\u00e7ine sokmaktan vazge\u00e7meleridir&#8221; diye konu\u015ftu.<\/p>\n<p style=\"text-align: justify;\"><strong>&#8220;DEMOKRAS\u0130Y\u0130 HA\u015e\u0130M KILI\u00c7\u2019TAN \u00d6\u011eRENECEK DE\u011e\u0130L\u0130Z&#8221;<\/strong><\/p>\n<p style=\"text-align: justify;\">\u0130ktidar taraf\u0131ndan &#8221;yarg\u0131n\u0131n siyasalla\u015ft\u0131r\u0131lmas\u0131na d\u00f6n\u00fck \u00e7abalar\u0131n h\u0131z\u0131nda bir eksilme ve gerileme olmad\u0131\u011f\u0131n\u0131&#8221; savunan Bah\u00e7eli, Anayasa Mahkemesi Ba\u015fkan\u0131&#8217;n\u0131n &#8221;iktidar zihniyetini aratmayacak yorumlar\u0131n\u0131n kayg\u0131lar\u0131n\u0131 daha da art\u0131rd\u0131\u011f\u0131n\u0131&#8221; ifade etti.<\/p>\n<p style=\"text-align: justify;\">Belirli aral\u0131klarla &#8221;manidar&#8221; a\u00e7\u0131klamalar yapan Mahkeme Ba\u015fkan\u0131&#8217;n\u0131n, &#8221;yarg\u0131n\u0131n yanda\u015f hale getirilmesine y\u00f6nelik d\u00fc\u015f\u00fcnce ve kayg\u0131lar\u0131n dile getirilmesini demokrasi ahlak\u0131yla ba\u011fda\u015ft\u0131rmamas\u0131 ve bunu yarg\u0131 mensuplar\u0131na sayg\u0131s\u0131zl\u0131k olarak g\u00f6rmesi&#8221;nin, &#8221;temelsiz ve i\u00e7i bo\u015f bir itham&#8221; oldu\u011funu s\u00f6yleyen Devlet Bah\u00e7eli, &#8221;Biz demokrasi ahlak\u0131n\u0131n nas\u0131l olaca\u011f\u0131n\u0131 ve i\u00e7eri\u011finin nelerden olu\u015faca\u011f\u0131n\u0131 Anayasa Mahkemesi Ba\u015fkan\u0131&#8217;ndan \u00f6\u011frenecek ve duyacak de\u011filiz. Kald\u0131 ki yetki ve s\u0131n\u0131r\u0131n\u0131 a\u015farak siyasetin alan\u0131na girmesi, ta\u015f\u0131d\u0131\u011f\u0131 sorumlulukla asla uyu\u015fmamaktad\u0131r ve AKP&#8217;nin de\u011firmenine su ta\u015f\u0131yay\u0131m derken adalete darbe vurdu\u011funu g\u00f6rmesi ve anlamas\u0131 laz\u0131md\u0131r&#8221; dedi.<\/p>\n<p style=\"text-align: justify;\">Var olan olumsuzluklarda Mahkeme Ba\u015fkan\u0131&#8217;n\u0131n da pay\u0131 ve sorumlulu\u011fu oldu\u011funu ve &#8221;gerekli nedameti g\u00f6stermesinin ahlaki tutarl\u0131l\u0131k gere\u011fi olaca\u011f\u0131n\u0131&#8221; ifade eden Bah\u00e7eli, &#8221;Anayasa Mahkemesi Ba\u015fkan\u0131&#8217;n\u0131n tarafs\u0131zl\u0131\u011f\u0131nda ve ba\u011f\u0131ms\u0131z duru\u015funda uzun zamand\u0131r gedikler a\u00e7\u0131ld\u0131\u011f\u0131 hepimizin malumudur. Bununla beraber AKP&#8217;nin s\u00f6zde yarg\u0131 reformlar\u0131n\u0131 me\u015frula\u015ft\u0131rmaya \u00e7al\u0131\u015fmak ve bunu \u00f6vmek, Anayasa Mahkemesi Ba\u015fkan\u0131&#8217;na d\u00fc\u015fen bir g\u00f6rev de\u011fildir ve olmamal\u0131d\u0131r&#8221; diye konu\u015ftu.<\/p>\n<p style=\"text-align: justify;\">Bah\u00e7eli, yarg\u0131n\u0131n kapsaml\u0131 bir reforma tabi tutulmas\u0131n\u0131 i\u00e7tenlik ve samimiyetle istediklerini belirterek, &#8221;Hedefimizde tam ba\u011f\u0131ms\u0131z yarg\u0131, etkin ve iyi i\u015fleyen adalet mekanizmas\u0131 bulunmaktad\u0131r&#8221; dedi.<\/p>\n<p style=\"text-align: justify;\"><a href=\"http:\/\/www.gazeteport.com.tr\/SIYASET\/NEWS\/GP_849858\" target=\"_blank\"><span style=\"color: #888888;\">Kaynak : GAZETEPORT<\/span><\/a><\/p>\n","protected":false},"excerpt":{"rendered":"<p style=\"text-align: center;\">\n<p style=\"text-align: justify;\">MHP lideri Devlet Bah\u00e7eli partisinin grup toplant\u0131s\u0131nda, Ba\u015fbakan Erdo\u011fan&#8217;a seslenerek &#8216;Ate\u015fle oynad\u0131\u011f\u0131n\u0131 idrak etmesini gerekir&#8217; dedi. \u0130\u015fte Bah\u00e7eli&#8217;nin a\u00e7\u0131klamalar\u0131:<\/p>\n<p style=\"text-align: justify;\">&#8220;AKP MISIR&#8217;I YANLI\u015e DE\u011eERLEND\u0130R\u0130YOR&#8221;<\/p>\n<p style=\"text-align: justify;\">T\u00fcrkiye\u2019nin yak\u0131n co\u011frafyas\u0131nda \u00f6nemle takip edilmesi gereken olaylar cereyan etmektedir. Y\u0131llarca k\u00fcresel g\u00fc\u00e7 merkezleri taraf\u0131ndan desteklenen otoriter g\u00fc\u00e7 merkezlerinin k\u00f6\u015feye s\u0131k\u0131\u015ft\u0131\u011f\u0131na kamuoyuna yans\u0131yan <\/p>\n","protected":false},"author":1,"featured_media":0,"comment_status":"open","ping_status":"closed","sticky":false,"template":"","format":"standard","meta":{"footnotes":""},"categories":[105],"tags":[],"class_list":["post-27909","post","type-post","status-publish","format-standard","hentry","category-gundem","odd"],"_links":{"self":[{"href":"http:\/\/www.korhanyilmaz.com\/index.php?rest_route=\/wp\/v2\/posts\/27909","targetHints":{"allow":["GET"]}}],"collection":[{"href":"http:\/\/www.korhanyilmaz.com\/index.php?rest_route=\/wp\/v2\/posts"}],"about":[{"href":"http:\/\/www.korhanyilmaz.com\/index.php?rest_route=\/wp\/v2\/types\/post"}],"author":[{"embeddable":true,"href":"http:\/\/www.korhanyilmaz.com\/index.php?rest_route=\/wp\/v2\/users\/1"}],"replies":[{"embeddable":true,"href":"http:\/\/www.korhanyilmaz.com\/index.php?rest_route=%2Fwp%2Fv2%2Fcomments&post=27909"}],"version-history":[{"count":0,"href":"http:\/\/www.korhanyilmaz.com\/index.php?rest_route=\/wp\/v2\/posts\/27909\/revisions"}],"wp:attachment":[{"href":"http:\/\/www.korhanyilmaz.com\/index.php?rest_route=%2Fwp%2Fv2%2Fmedia&parent=27909"}],"wp:term":[{"taxonomy":"category","embeddable":true,"href":"http:\/\/www.korhanyilmaz.com\/index.php?rest_route=%2Fwp%2Fv2%2Fcategories&post=27909"},{"taxonomy":"post_tag","embeddable":true,"href":"http:\/\/www.korhanyilmaz.com\/index.php?rest_route=%2Fwp%2Fv2%2Ftags&post=27909"}],"curies":[{"name":"wp","href":"https:\/\/api.w.org\/{rel}","templated":true}]}}