{"id":27905,"date":"2011-02-07T20:25:54","date_gmt":"2011-02-07T18:25:54","guid":{"rendered":"http:\/\/www.korhanyilmaz.com\/?p=27905"},"modified":"2011-02-07T20:25:54","modified_gmt":"2011-02-07T18:25:54","slug":"akp-kktcnin-aciklamasini-ciliz-buldu","status":"publish","type":"post","link":"http:\/\/www.korhanyilmaz.com\/?p=27905","title":{"rendered":"AKP, KKTC&#8217;nin a\u00e7\u0131klamas\u0131n\u0131 &#8220;c\u0131l\u0131z&#8221; buldu"},"content":{"rendered":"<p style=\"text-align: justify;\"><a href=\"http:\/\/www.korhanyilmaz.com\/wp-content\/uploads\/2011\/02\/222.jpg\"  class=\"lightview\"><img loading=\"lazy\" decoding=\"async\" class=\"aligncenter size-full wp-image-27906\" src=\"http:\/\/www.korhanyilmaz.com\/wp-content\/uploads\/2011\/02\/222.jpg\" alt=\"\" width=\"300\" height=\"194\" \/><\/a><\/p>\n<p style=\"text-align: justify;\">AK Parti Genel Ba\u015fkan Yard\u0131mc\u0131s\u0131 H\u00fcseyin \u00c7elik, KKTC Cumhurba\u015fkan\u0131 Dervi\u015f Ero\u011flu&#8217;nun, KKTC&#8217;de T\u00fcrkiye&#8217;ye y\u00f6nelik yap\u0131lan eylem konusunda yapt\u0131\u011f\u0131 a\u00e7\u0131klamalarla ilgili olarak, &#8216;Say\u0131n Ero\u011flu&#8217;nun, ben \u015fahsen, o \u00e7irkin tav\u0131rlar\u0131 ve o \u00e7irkin tablolar\u0131 k\u0131namas\u0131n\u0131 beklerdim. Bu tepki \u00e7ok c\u0131l\u0131z bir tepki olmu\u015ftur. Tatmin eden bir tepki olmam\u0131\u015ft\u0131r&#8221; dedi.<!--more--><\/p>\n<p style=\"text-align: justify;\">ANKARA- \u00c7elik, Merkez Y\u00fcr\u00fctme Kurulu (MYK) toplant\u0131s\u0131 devam ederken bas\u0131n mensuplar\u0131na a\u00e7\u0131klamalarda bulundu.<\/p>\n<p style=\"text-align: justify;\">Toplant\u0131da i\u00e7 ve d\u0131\u015f siyasi, sosyal ve ekonomik geli\u015fmelerin ele al\u0131nd\u0131\u011f\u0131n\u0131 kaydeden H\u00fcseyin \u00c7elik, Te\u015fkilat Ba\u015fkanl\u0131\u011f\u0131n\u0131n se\u00e7im s\u00fcreci nedeniyle istifa eden il ve il\u00e7e ba\u015fkanlar\u0131 ile te\u015fkilat mensuplar\u0131n\u0131n yerine atanacak ki\u015filerle ilgili yap\u0131lacaklar konusunda bilgi verdi\u011fini s\u00f6yledi.<\/p>\n<p style=\"text-align: justify;\">Toplant\u0131da M\u0131s\u0131r&#8217;daki geli\u015fmelerin ele al\u0131nd\u0131\u011f\u0131n\u0131 bildiren \u00c7elik, \u015f\u00f6yle konu\u015ftu:<\/p>\n<p style=\"text-align: justify;\">&#8221;Biz karde\u015f M\u0131s\u0131r halk\u0131n\u0131n demokratikle\u015fme ve kendi \u00e7a\u011fda\u015f y\u00f6netimini talep etme hakk\u0131na sayg\u0131 duyuyoruz ve bu hakk\u0131 destekliyoruz. Biz M\u0131s\u0131r&#8217;\u0131n i\u00e7 i\u015flerine, di\u011fer \u00fclkelerin i\u00e7 i\u015flerine kar\u0131\u015fm\u0131yoruz. Bu \u00fclkelerin i\u00e7 i\u015flerine kar\u0131\u015fmak gibi bir tavr\u0131m\u0131z, niyetimiz, e\u011filimimiz hi\u00e7bir zaman olmad\u0131. Bundan sonra da olmayacakt\u0131r. Ama bir \u00fclkenin halk\u0131yla dayan\u0131\u015fma i\u00e7erisinde olmak, karde\u015f bir \u00fclkenin insan\u0131n\u0131n refah ve mutlulu\u011funu istemek ve bu y\u00f6nde \u00e7aba i\u00e7erisinde de olmak herhalde dostlu\u011fun ve karde\u015fli\u011fin gere\u011fidir ve T\u00fcrkiye bunu yapmaktad\u0131r. \u015eiddetin, tahribat\u0131n olmad\u0131\u011f\u0131, tamamen demokratik taleplerin ve medeni insanlar\u0131n taleplerini ifade etti\u011fi bir g\u00f6r\u00fcn\u00fcm M\u0131s\u0131r&#8217;a yakla\u015fan bir g\u00f6r\u00fcn\u00fcmd\u00fcr. Biz bunu istiyoruz.&#8221;<\/p>\n<p style=\"text-align: justify;\"><strong>&#8221;BA\u015eBAKAN ERDO\u011eAN&#8217;IN TAVRI KUZEY KIBRIS T\u00dcRK HALKINA Y\u00d6NEL\u0130K DE\u011e\u0130L&#8221;<\/strong><\/p>\n<p style=\"text-align: justify;\">Kuzey K\u0131br\u0131s T\u00fcrk Cumhuriyeti&#8217;nde (KKTC) ger\u00e7ekle\u015fen T\u00fcrkiye&#8217;ye y\u00f6nelik protesto g\u00f6sterisine de de\u011finen \u00c7elik, \u015funlar\u0131 s\u00f6yledi:<\/p>\n<p style=\"text-align: justify;\">&#8221;K\u0131br\u0131s davas\u0131 T\u00fcrkiye&#8217;nin vazge\u00e7emeyece\u011fi bir davad\u0131r. K\u0131br\u0131s, T\u00fcrkiye i\u00e7in \u00f6nemli stratejik bir yerdir. Oradaki insanlar bizim bir par\u00e7am\u0131zd\u0131r. Kuzey K\u0131br\u0131s T\u00fcrk kesimindeki insanlar bizim karde\u015flerimizdir. Onlara farkl\u0131 g\u00f6zle bakmam\u0131z, onlar\u0131 farkl\u0131 de\u011ferlendirmelere tabi tutmam\u0131z \u015f\u00fcphesiz ki m\u00fcmk\u00fcn de\u011fildir. Ancak her yerde oldu\u011fu gibi iyi niyetli olmayan baz\u0131 unsurlar her zaman vard\u0131r. Bunlar marjinal gruplar\u0131n s\u00f6ylediklerini ve yapt\u0131klar\u0131n\u0131 bizim KKTC&#8217;deki b\u00fct\u00fcn insanlara te\u015fmil etmemiz, onlar\u0131n hepsi taraf\u0131ndan yap\u0131lm\u0131\u015f bir \u015feymi\u015f gibi g\u00f6rmemiz m\u00fcmk\u00fcn de\u011fildir, b\u00f6yle bir tavr\u0131m\u0131z da yoktur.<\/p>\n<p style=\"text-align: justify;\">Say\u0131n Ba\u015fbakan\u0131m\u0131z\u0131n g\u00f6stermi\u015f oldu\u011fu tepki ve s\u00f6ylemi\u015f oldu\u011fu s\u00f6zler de esasen bu tavr\u0131 ortaya koyan marjinal gruplara, belki onlara da \u00e7anak tutan dar bir kesime y\u00f6neliktir. Kuzey K\u0131br\u0131s T\u00fcrk halk\u0131na kesinlikle y\u00f6nelik de\u011fildir. Bunun bilinmesi gerekiyor.<\/p>\n<p style=\"text-align: justify;\">KKTC&#8217;de bir g\u00f6steri yap\u0131l\u0131yor. Orada T\u00fcrk bayra\u011f\u0131, KKTC bayra\u011f\u0131 yok. Orada G\u00fcney K\u0131br\u0131s Rum Kesimi&#8217;nin bayra\u011f\u0131 var. \u00c7ok affedersiniz, k\u00fcf\u00fcr dolu ifadeler var. A\u011fza al\u0131nmayacak, hakaretamiz, k\u00fcf\u00fcrl\u00fc pankartlar var. Bunun savunulmas\u0131, buna do\u011fru denmesi m\u00fcmk\u00fcn de\u011fildir.&#8221;<\/p>\n<p style=\"text-align: justify;\"><strong>&#8221;YAPILAN BU EYLEM RUMLARI SEV\u0130ND\u0130RM\u0130\u015eT\u0130R&#8221;<\/strong><\/p>\n<p style=\"text-align: justify;\">KKTC halk\u0131yla dayan\u0131\u015fman\u0131n devam edece\u011fini belirten \u00c7elik, K\u0131br\u0131s davas\u0131nda bug\u00fcne kadar oldu\u011fu gibi bundan sonra meseleye sahip \u00e7\u0131kacaklar\u0131n\u0131 dile getirdi.<\/p>\n<p style=\"text-align: justify;\">T\u00fcrkiye&#8217;nin KKTC&#8217;de uluslararas\u0131 anla\u015fmalardan kaynaklanan bir garant\u00f6rl\u00fck hakk\u0131n\u0131n bulundu\u011funu hat\u0131rlatan H\u00fcseyin \u00c7elik, \u00fclkeler aras\u0131nda destek ve yard\u0131mlar\u0131n elbette olaca\u011f\u0131n\u0131 ifade etti. T\u00fcrkiye&#8217;nin KKTC ile ilgisinin bu d\u00fczeyin de \u00f6tesinde bir g\u00f6n\u00fcl ba\u011f\u0131 \u015feklinde oldu\u011funu s\u00f6yledi.<\/p>\n<p style=\"text-align: justify;\">KKTC&#8217;de b\u00fct\u00fcn bu olup bitenlerden sonra Cumhurba\u015fkan\u0131 Dervi\u015f Ero\u011flu&#8217;nun bug\u00fcn bir a\u00e7\u0131klama yapt\u0131\u011f\u0131na de\u011finen \u00c7elik, Ero\u011flu&#8217;nun olup bitenlerden b\u00fcy\u00fck \u00fcz\u00fcnt\u00fc duydu\u011funu belirterek, \u015funlar\u0131 kaydetti:<\/p>\n<p style=\"text-align: justify;\">&#8221;Say\u0131n Ero\u011flu, insanlar\u0131n daha dikkatli olmas\u0131 gerekti\u011fini s\u00f6yl\u00fcyor. \u0130ki \u00fclke aras\u0131ndaki ili\u015fkilere zarar verilmemesi gerekti\u011fini s\u00f6yl\u00fcyor. Ancak a\u00e7\u0131k\u00e7a \u015funu ifade etmek isterim. Say\u0131n Ero\u011flu&#8217;nun, ben \u015fahsen, o \u00e7irkin tav\u0131rlar\u0131 ve o \u00e7irkin tablolar\u0131 k\u0131namas\u0131n\u0131 beklerdim. Bu tepki \u00e7ok c\u0131l\u0131z bir tepki olmu\u015ftur. Tatmin eden bir tepki olmam\u0131\u015ft\u0131r.<\/p>\n<p style=\"text-align: justify;\">Eminim ki bu olup bitenler KKTC&#8217;li karde\u015flerimizin de ho\u015funa gitmemi\u015ftir. Say\u0131n Cumhurba\u015fkan\u0131n\u0131n, Say\u0131n Ba\u015fbakan\u0131n, Say\u0131n Meclis Ba\u015fkan\u0131n\u0131n bu konuda daha aktif ve ger\u00e7ekten daha sa\u011fduyuyu hakim k\u0131lacak a\u00e7\u0131klamalar yapmalar\u0131n\u0131 bekliyoruz.<\/p>\n<p style=\"text-align: justify;\">D\u00fcnyan\u0131n her taraf\u0131nda insanlar demokratik tepkilerini ortaya koyarlar ama yap\u0131lan bu eylem Rumlar\u0131 sevindirmi\u015ftir. E\u011fer KKTC&#8217;de yap\u0131lan bir eylem Rumlar\u0131 sevindiriyorsa herkesin \u015fapkas\u0131n\u0131 \u00f6n\u00fcne al\u0131p bir kere de\u011fil on kere daha d\u00fc\u015f\u00fcnmesi gerekiyor.&#8221;<\/p>\n<p style=\"text-align: justify;\"><strong>GENELKURMAY BA\u015eKANLI\u011eININ A\u00c7IKLAMASI<\/strong><\/p>\n<p style=\"text-align: justify;\">\u00c7elik, yapt\u0131\u011f\u0131 a\u00e7\u0131klamada, TBMM&#8217;nin olas\u0131 g\u00fcndemi ile ilgili bilgi verdi. TBMM&#8217;nin se\u00e7ime kadar g\u00fcndeminin yo\u011fun oldu\u011funu kaydeden \u00c7elik, y\u00fcksek yarg\u0131 reformu ile ilgili d\u00fczenlemeler, ombudsmanl\u0131kla ilgili d\u00fczenlemeler i\u00e7eren yasan\u0131n, RT\u00dcK Yasas\u0131&#8217;n\u0131n, \u00d6SYM ile ilgili yeni bir d\u00fczenlemenin TBMM Genel Kurulunda ele al\u0131naca\u011f\u0131n\u0131 ifade etti.<\/p>\n<p style=\"text-align: justify;\">TBMM&#8217;nin milletvekili adayl\u0131klar\u0131 belli olduktan sonra da bir s\u00fcre \u00e7al\u0131\u015faca\u011f\u0131n\u0131 tahmin ettiklerini belirten \u00c7elik, CHP Genel Ba\u015fkan Yard\u0131mc\u0131s\u0131 S\u00fcheyl Batum&#8217;un T\u00fcrk Silahl\u0131 Kuvvetleri konusunda yapt\u0131\u011f\u0131 a\u00e7\u0131klamaya de\u011findi.<\/p>\n<p style=\"text-align: justify;\"><strong>H\u00fcseyin \u00c7elik, \u015f\u00f6yle konu\u015ftu<\/strong>:<\/p>\n<p style=\"text-align: justify;\">&#8221;Bu s\u00f6ylemi, bu itham\u0131 \u00e7ok \u00e7irkin buldu\u011fumuzu, bir siyasiye yak\u0131\u015fmad\u0131\u011f\u0131n\u0131, bir anayasa profes\u00f6r\u00fcne bunun yak\u0131\u015fmad\u0131\u011f\u0131n\u0131 ifade etmek isterim. Bizim bir kere ordumuzun ABD taraf\u0131ndan \u015fekillendirildi\u011fini ifade ediyor. ABD&#8217;nin bizim ordumuzun i\u00e7ini bo\u015faltt\u0131\u011f\u0131n\u0131 s\u00f6yl\u00fcyor, i\u00e7ini oydu\u011funu s\u00f6yl\u00fcyor. Kim bizim ordumuzu y\u0131km\u0131\u015f, nas\u0131l y\u0131km\u0131\u015f, nas\u0131l ka\u011f\u0131ttan bir kaplanm\u0131\u015f bunu kamuoyuna ferasetini havale ediyorum. Bu s\u00f6ylem kabul edilebilecek bir s\u00f6ylem de\u011fildir.<\/p>\n<p style=\"text-align: justify;\">Peki bunu ni\u00e7in s\u00f6yl\u00fcyor? Asl\u0131nda Say\u0131n Batum&#8217;un s\u00f6zleri CHP&#8217;nin tarihi misyonunun bir d\u0131\u015favurumudur. E\u011fer ordu topluma ve siyasete vesayet ederse, e\u011fer ordu muht\u0131ra verirse, e\u011fer ordu darbe yaparsa veya darbeye te\u015febb\u00fcs ederse Say\u0131n S\u00fcheyl Batum ve onun gibi d\u00fc\u015f\u00fcnenler bu orduyu sevecekler, TSK&#8217;y\u0131 sevecekler. O zaman TSK&#8217;n\u0131n mensuplar\u0131n\u0131 kahramanlar olarak g\u00f6recekler. Ama ordu kendi g\u00f6revine \u00e7ekilirse, TSK&#8217;n\u0131n yay\u0131nlad\u0131\u011f\u0131 bas\u0131n bildirisinde de ifade edildi\u011fi gibi &#8216;sadece g\u00fcvenlik alan\u0131ndaki g\u00f6revlerini en iyi \u015fekilde yerine getirme gayreti i\u00e7inde olan TSK&#8217;n\u0131n siyasi tart\u0131\u015fmalara konu edilmesi ne \u00fclkemize ne de herhangi bir siyasi g\u00f6r\u00fc\u015fe fayda sa\u011flayacakt\u0131r&#8217; \u015feklinde TSK&#8217;n\u0131n bir tepkisi var.<\/p>\n<p style=\"text-align: justify;\">Sadece g\u00fcvenlik g\u00f6revi \u00fcstlenen, bizim s\u0131n\u0131rlar\u0131m\u0131z\u0131 koruyan, g\u00f6rev verildi\u011fi zaman i\u00e7erde g\u00fcvenli\u011fi sa\u011flamaya destek ve yard\u0131mc\u0131 olan TSK&#8217;y\u0131 ille de siyasetin i\u00e7ine \u00e7ekmek, ona siyasi vesayet g\u00f6revi y\u00fcklemek ve ge\u00e7mi\u015fteki baz\u0131 maalesef yanl\u0131\u015flar\u0131 ve al\u0131\u015fkanl\u0131klar\u0131 tekrar TSK i\u00e7inde g\u00f6rmek arzusu ne yaz\u0131k ki CHP&#8217;nin tarihi misyonuna uyan bir anlay\u0131\u015ft\u0131r. Say\u0131n S\u00fcheyl Batum da bunu dile getirmi\u015ftir.&#8221;<\/p>\n<p style=\"text-align: justify;\"><strong>&#8221;K\u0130MSEN\u0130N K\u0130MSEY\u0130 YIKTI\u011eI YOK&#8221;<\/strong><\/p>\n<p style=\"text-align: justify;\">S\u00fcheyl Batum&#8217;a, CHP Genel Ba\u015fkan\u0131 Kemal K\u0131l\u0131\u00e7daro\u011flu ve di\u011fer partililerden \u00e7ok daha farkl\u0131 tepkilerin gelmesini bekledi\u011fini ve olmas\u0131 gerekenin de bu oldu\u011funu belirten \u00c7elik, ancak bu konuda parti i\u00e7inden bir tepki g\u00f6sterilmedi\u011fini ifade etti.<\/p>\n<p style=\"text-align: justify;\"><strong>H\u00fcseyin \u00c7elik, \u015f\u00f6yle devam etti: <\/strong><\/p>\n<p style=\"text-align: justify;\">&#8221;Bu tepki g\u00f6sterilmedi\u011fine g\u00f6re veya g\u00f6sterilemedi\u011fine g\u00f6re o zaman CHP kurumsal olarak bu g\u00f6r\u00fc\u015fleri benimsemi\u015ftir. TSK&#8217;n\u0131n bas\u0131n a\u00e7\u0131klamas\u0131nda iki siyasi partinin mensuplar\u0131n\u0131n yapt\u0131\u011f\u0131 a\u00e7\u0131klamalardan bahsediyor. Bir siyasi parti, ki bu CHP&#8217;dir.<\/p>\n<p style=\"text-align: justify;\">Kimsenin kimseyi y\u0131kt\u0131\u011f\u0131 yok. Demokratik bir \u00fclkede TSK da polis te\u015fkilat\u0131 da istihbarat g\u00fc\u00e7leri de b\u00fct\u00fcn silahl\u0131 g\u00fc\u00e7ler millet ad\u0131na siyasi iradenin emrindedir. Halk\u0131n\u0131n emrindedir. Halk\u0131n\u0131n ona y\u00fckledi\u011fi g\u00f6revleri yerine getirir. Siyasi irade, siyasi iktidarlar halktan ald\u0131klar\u0131 yetkiyi kulland\u0131klar\u0131 zaman ancak me\u015fru olurlar. Ancak siyasi irade bu me\u015fruiyeti \u00fczerinde ta\u015f\u0131d\u0131\u011f\u0131 s\u00fcrece TSK ve polise talimat verir ve halk ad\u0131na bu g\u00f6revlerini yapmalar\u0131n\u0131 sa\u011flar. Onlara da yasalarla, Anayasa ile bi\u00e7ilmi\u015f olan g\u00f6revler vard\u0131r. Kendi g\u00f6revlerinin bilincinde olan d\u00fcnyan\u0131n b\u00fct\u00fcn \u00e7a\u011fda\u015f ordular\u0131 bu s\u0131n\u0131rda kal\u0131rlar. CHP bu durumdan ho\u015flanm\u0131yor bunu benimsemiyor.<\/p>\n<p style=\"text-align: justify;\">AK Partili arkada\u015flar\u0131m\u0131z\u0131n yapt\u0131\u011f\u0131 a\u00e7\u0131klamalarda, CHP&#8217;nin bu tavr\u0131 k\u0131nan\u0131yor. Yap\u0131lan bas\u0131n a\u00e7\u0131klamas\u0131nda sanki iki t\u00fcrl\u00fc a\u00e7\u0131klama yap\u0131lm\u0131\u015f da siyasete alet edilmi\u015f gibi bir ifade vard\u0131r. Bu ifadeleri de do\u011fru bulmad\u0131\u011f\u0131m\u0131z\u0131 ifade etmek isterim. Burada adeta bir denge politikas\u0131 yap\u0131lm\u0131\u015f. Bir taraftan bir CHP&#8217;linin s\u00f6yledi\u011fi ipe sapa gelmez ifadelere tepki g\u00f6sterirken, bu ipe sapa gelmez ifadelere tepki g\u00f6steren AK Partililerin de bu kapsama dahil edilmi\u015f olmas\u0131n\u0131 do\u011fru bulmad\u0131\u011f\u0131m\u0131z\u0131 ifade etmek istiyorum.&#8221;<\/p>\n<p style=\"text-align: justify;\"><strong>ERDO\u011eAN-TALAT G\u00d6R\u00dc\u015eMES\u0130<\/strong><\/p>\n<p style=\"text-align: justify;\">H\u00fcseyin \u00c7elik, CHP&#8217;nin kurumsal olarak bu s\u00f6zlerin arkas\u0131nda olmad\u0131\u011f\u0131n\u0131, bu s\u00f6zleri k\u0131nad\u0131\u011f\u0131n\u0131 ve bu s\u00f6zleri tasvip etmedi\u011fini s\u00f6ylemedi\u011fi s\u00fcrece kurumsal olarak bunu \u00fcstlenmek gibi bir ithamla kar\u015f\u0131 kar\u015f\u0131ya kalaca\u011f\u0131n\u0131 ifade etti.<\/p>\n<p style=\"text-align: justify;\">H\u00fcseyin \u00c7elik, yapt\u0131\u011f\u0131 a\u00e7\u0131klaman\u0131n ard\u0131ndan gazetecilerin sorular\u0131n\u0131 yan\u0131tlad\u0131.<\/p>\n<p style=\"text-align: justify;\">\u00c7elik, Ba\u015fbakan Erdo\u011fan&#8217;\u0131n KKTC 2. Cumhurba\u015fkan\u0131 Mehmet Ali Talat ile yapt\u0131\u011f\u0131 g\u00f6r\u00fc\u015fme ile ilgili sorulan soruya, &#8221;Say\u0131n Talat, malum eski cumhurba\u015fkan\u0131d\u0131r. Bir siyasi hareketin \u00e7ok \u00f6nemli bir \u015fahsiyetidir. Say\u0131n Ba\u015fbakan bu olup bitenleri elbette Say\u0131n Talat&#8217;la da payla\u015fm\u0131\u015ft\u0131r. Bu konudaki ho\u015fnutsuzlu\u011fu kendisiyle de elbette payla\u015fm\u0131\u015ft\u0131r. \u00dcmit ederim ki budan sonra naho\u015f g\u00f6r\u00fcnt\u00fclerle kar\u015f\u0131la\u015fmay\u0131z&#8221; yan\u0131t\u0131n\u0131 verdi.<\/p>\n<p style=\"text-align: justify;\"><strong>&#8221;MISIR&#8217;DAK\u0130 \u0130NSANLAR KEND\u0130 CHP&#8217;S\u0130 \u0130LE HESAPLA\u015eIYOR&#8221;<\/strong><\/p>\n<p style=\"text-align: justify;\">H\u00fcseyin \u00c7elik, se\u00e7menlerin bak\u0131\u015f a\u00e7\u0131s\u0131 ile ilgili anket konusunda sorulan bir soru \u00fczerine \u015f\u00f6yle konu\u015ftu:<\/p>\n<p style=\"text-align: justify;\">&#8221;Bizim \u00fclkemizde hi\u00e7bir insan\u0131n hayat tarz\u0131na m\u00fcdahale edilmedi\u011fi gibi hi\u00e7bir insana da ya\u015fam bi\u00e7imi ve hayat tarz\u0131 dayatm\u0131yoruz.  Buras\u0131 demokratik, laik bir \u00fclkedir. \u0130nsanlar kendi hayat tarzlar\u0131n\u0131 kendileri benimserler. \u0130nsanlar kendi dinini kendisi se\u00e7er, mezhebini kendisi se\u00e7er. \u0130steyen ibadetini yapar, isteyen yapmaz. \u0130steyen \u00f6yle giyinir, isteyen b\u00f6yle giyinir. \u0130steyen \u00f6yle e\u011flenir, isteyen b\u00f6yle e\u011flenir.<\/p>\n<p style=\"text-align: justify;\">T\u00fcrkiye&#8217;de hepimizin de kar\u015f\u0131la\u015ft\u0131\u011f\u0131, g\u00f6rd\u00fc\u011f\u00fc, \u015fahit oldu\u011fu gibi bu konuda bir s\u0131k\u0131nt\u0131 bir k\u0131s\u0131tlama s\u00f6z konusu de\u011fildir. Nitekim ankette y\u00fczde 86 insan\u0131n da &#8216;benim hayat tarz\u0131ma b\u00f6yle bir m\u00fcdahale yoktur&#8217; diye beyanda bulunmas\u0131 da bunun bir g\u00f6stergesidir. Ama b\u00fct\u00fcn toplumlarda insanlar\u0131n \u00f6yle veya b\u00f6yle endi\u015feleri olabilir. Laiklikle ilgili, ya\u015fam tarz\u0131yla ilgili endi\u015feleri olanlar olabildi\u011fi gibi, din ve vicdan \u00f6zg\u00fcrl\u00fc\u011f\u00fc ile ilgili endi\u015feleri olan vatanda\u015flar\u0131m\u0131z da var. \u015eu veya bu meseleyle ilgili insanlar\u0131n endi\u015feleri olabilir. \u0130nsanlar\u0131n endi\u015felerini medeni \u00f6l\u00e7\u00fcler i\u00e7erisinde demokratik yollarla kendilerini y\u00f6neten insanlara bence ifade etmeliler.<\/p>\n<p style=\"text-align: justify;\">8 y\u0131ldan beri AKP&#8217;nin ortaya koydu\u011fu performans ve icraatlar da g\u00f6stermi\u015ftir ki T\u00fcrkiye&#8217;de demokratik bir y\u00f6netim vard\u0131r ama demokrasimizin eksiklikleri vard\u0131r. Bu eksiklikleri tamamlamak gibi hepimizin bir gayreti olmas\u0131 gerekiyor. M\u0131s\u0131r&#8217;da, Tunus&#8217;ta b\u00fct\u00fcn Ortado\u011fu&#8217;da herkes T\u00fcrkiye&#8217;yi \u00f6rnek g\u00f6steriyor, T\u00fcrkiye&#8217;yi \u00f6rnek al\u0131yor. T\u00fcrkiye&#8217;de olup bitenler etraf\u0131m\u0131zdaki insanlar i\u00e7in ilham kayna\u011f\u0131 oluyor. Baz\u0131 kerameti kendinden menkul k\u00f6\u015fe yazarlar\u0131 ayn\u0131 \u015feylerin T\u00fcrkiye&#8217;de de olabilece\u011fi imas\u0131nda bulunuyorlar. Esasen oralarda olan \u015feyler jakoben, dayatmac\u0131 devlet anlay\u0131\u015f\u0131na kar\u015f\u0131 halk\u0131n isyan\u0131d\u0131r, halk\u0131n ba\u015f kald\u0131rmas\u0131d\u0131r. Yani M\u0131s\u0131r&#8217;daki insanlar kendi CHP&#8217;si ile hesapla\u015f\u0131yor, kendi dayatmac\u0131 ideolojik dayatma i\u00e7inde olan devleti ile hesapla\u015f\u0131yor. T\u00fcrkiye bunu demokratik yollarla yap\u0131yor.&#8221;<\/p>\n<p style=\"text-align: justify;\">\u00c7elik, Genelkurmay Ba\u015fkan\u0131 Orgeneral I\u015f\u0131k Ko\u015faner&#8217;in CHP&#8217;ye yapt\u0131\u011f\u0131 ziyaret konusunda sorulan bir soru \u00fczerine, &#8221;Bildi\u011fim kadar\u0131yla bu bir son dakika ziyareti de\u011fil, \u00f6nceden tasarlanm\u0131\u015f bir iade-i ziyarettir. Bunu normal kar\u015f\u0131l\u0131yoruz. Bunda bir anormallik yok. Nitekim yap\u0131lan a\u00e7\u0131klamalar da bu y\u00f6ndedir&#8221; dedi.<\/p>\n<p style=\"text-align: justify;\"><a href=\"http:\/\/www.gazeteport.com.tr\/SIYASET\/NEWS\/GP_849581\" target=\"_blank\"><span style=\"color: #888888;\">Kaynak : GAZETEPORT<\/span><\/a><\/p>\n","protected":false},"excerpt":{"rendered":"<p style=\"text-align: justify;\">\n<p style=\"text-align: justify;\">AK Parti Genel Ba\u015fkan Yard\u0131mc\u0131s\u0131 H\u00fcseyin \u00c7elik, KKTC Cumhurba\u015fkan\u0131 Dervi\u015f Ero\u011flu&#8217;nun, KKTC&#8217;de T\u00fcrkiye&#8217;ye y\u00f6nelik yap\u0131lan eylem konusunda yapt\u0131\u011f\u0131 a\u00e7\u0131klamalarla ilgili olarak, &#8216;Say\u0131n Ero\u011flu&#8217;nun, ben \u015fahsen, o \u00e7irkin tav\u0131rlar\u0131 ve o \u00e7irkin tablolar\u0131 k\u0131namas\u0131n\u0131 beklerdim. Bu tepki \u00e7ok c\u0131l\u0131z bir tepki olmu\u015ftur. Tatmin eden bir tepki olmam\u0131\u015ft\u0131r&#8221; dedi.<\/p>\n","protected":false},"author":1,"featured_media":0,"comment_status":"open","ping_status":"closed","sticky":false,"template":"","format":"standard","meta":{"footnotes":""},"categories":[105],"tags":[],"class_list":["post-27905","post","type-post","status-publish","format-standard","hentry","category-gundem","odd"],"_links":{"self":[{"href":"http:\/\/www.korhanyilmaz.com\/index.php?rest_route=\/wp\/v2\/posts\/27905","targetHints":{"allow":["GET"]}}],"collection":[{"href":"http:\/\/www.korhanyilmaz.com\/index.php?rest_route=\/wp\/v2\/posts"}],"about":[{"href":"http:\/\/www.korhanyilmaz.com\/index.php?rest_route=\/wp\/v2\/types\/post"}],"author":[{"embeddable":true,"href":"http:\/\/www.korhanyilmaz.com\/index.php?rest_route=\/wp\/v2\/users\/1"}],"replies":[{"embeddable":true,"href":"http:\/\/www.korhanyilmaz.com\/index.php?rest_route=%2Fwp%2Fv2%2Fcomments&post=27905"}],"version-history":[{"count":0,"href":"http:\/\/www.korhanyilmaz.com\/index.php?rest_route=\/wp\/v2\/posts\/27905\/revisions"}],"wp:attachment":[{"href":"http:\/\/www.korhanyilmaz.com\/index.php?rest_route=%2Fwp%2Fv2%2Fmedia&parent=27905"}],"wp:term":[{"taxonomy":"category","embeddable":true,"href":"http:\/\/www.korhanyilmaz.com\/index.php?rest_route=%2Fwp%2Fv2%2Fcategories&post=27905"},{"taxonomy":"post_tag","embeddable":true,"href":"http:\/\/www.korhanyilmaz.com\/index.php?rest_route=%2Fwp%2Fv2%2Ftags&post=27905"}],"curies":[{"name":"wp","href":"https:\/\/api.w.org\/{rel}","templated":true}]}}