{"id":27901,"date":"2011-02-07T21:02:24","date_gmt":"2011-02-07T19:02:24","guid":{"rendered":"http:\/\/www.korhanyilmaz.com\/?p=27901"},"modified":"2011-02-07T21:02:24","modified_gmt":"2011-02-07T19:02:24","slug":"batuma-jet-inceleme","status":"publish","type":"post","link":"http:\/\/www.korhanyilmaz.com\/?p=27901","title":{"rendered":"Batum&#8217;a jet inceleme"},"content":{"rendered":"<p><a href=\"http:\/\/www.korhanyilmaz.com\/wp-content\/uploads\/2011\/02\/221.jpg\"  class=\"lightview\"><img loading=\"lazy\" decoding=\"async\" class=\"aligncenter size-full wp-image-27902\" src=\"http:\/\/www.korhanyilmaz.com\/wp-content\/uploads\/2011\/02\/221.jpg\" alt=\"\" width=\"272\" height=\"204\" \/><\/a><\/p>\n<p style=\"text-align: justify;\">Zonguldak&#8217;ta, asker i\u00e7in &#8221;ka\u011f\u0131ttan kaplanm\u0131\u015f&#8221; ifadesini kullanan CHP Genel Ba\u015fkan Yard\u0131mc\u0131s\u0131 S\u00fcheyl Batum hakk\u0131nda Cumhuriyet Ba\u015fsavc\u0131l\u0131\u011f\u0131nca inceleme ba\u015flat\u0131ld\u0131.<!--more--><\/p>\n<p style=\"text-align: justify;\">ZONGULDAK-Al\u0131nan bilgiye g\u00f6re, 2 g\u00fcn \u00f6nce Atat\u00fcrk\u00e7\u00fc D\u00fc\u015f\u00fcnce Derne\u011fi (ADD) Zonguldak \u015eubesini ziyaret eden Batum&#8217;un &#8221;Koca bir askeri y\u0131kt\u0131lar, me\u011fer ka\u011f\u0131ttan kaplanm\u0131\u015f, biz bunu asker zannedermi\u015fiz, me\u011fer ABD i\u00e7ini oymu\u015f. O koca a\u011fac\u0131 hop diye y\u0131kt\u0131lar. Ancak CHP&#8217;yi y\u0131kamad\u0131lar&#8221; \u015feklindeki s\u00f6zlerinin kamuoyuna yans\u0131mas\u0131n\u0131n ard\u0131ndan savc\u0131l\u0131k\u00e7a bug\u00fcn inceleme ba\u015flat\u0131lmas\u0131 kararla\u015ft\u0131r\u0131ld\u0131.<\/p>\n<p style=\"text-align: justify;\">Cumhuriyet Ba\u015fsavc\u0131s\u0131 H\u00fcseyin \u00d6zbak\u0131r, Batum&#8217;un askerle ilgili s\u00f6zleri nedeniyle hakk\u0131nda inceleme ba\u015flat\u0131ld\u0131\u011f\u0131n\u0131 belirterek, &#8221;\u0130nceleyece\u011fiz, Batum&#8217;un konu\u015fmalar\u0131n\u0131 de\u011ferlendirece\u011fiz. Su\u00e7 unsuru bulunursa soru\u015fturma ba\u015flat\u0131labilir&#8221; dedi.<\/p>\n<p style=\"text-align: justify;\"><a href=\"http:\/\/www.gazeteport.com.tr\/GUNCEL\/NEWS\/GP_849589\" target=\"_blank\"><span style=\"color: #888888;\">Kaynak : GAZETEPORT<\/span><\/a><\/p>\n","protected":false},"excerpt":{"rendered":"<\/p>\n<p style=\"text-align: justify;\">Zonguldak&#8217;ta, asker i\u00e7in &#8221;ka\u011f\u0131ttan kaplanm\u0131\u015f&#8221; ifadesini kullanan CHP Genel Ba\u015fkan Yard\u0131mc\u0131s\u0131 S\u00fcheyl Batum hakk\u0131nda Cumhuriyet Ba\u015fsavc\u0131l\u0131\u011f\u0131nca inceleme ba\u015flat\u0131ld\u0131.<\/p>\n","protected":false},"author":1,"featured_media":0,"comment_status":"open","ping_status":"closed","sticky":false,"template":"","format":"standard","meta":{"footnotes":""},"categories":[105],"tags":[],"class_list":["post-27901","post","type-post","status-publish","format-standard","hentry","category-gundem","odd"],"_links":{"self":[{"href":"http:\/\/www.korhanyilmaz.com\/index.php?rest_route=\/wp\/v2\/posts\/27901","targetHints":{"allow":["GET"]}}],"collection":[{"href":"http:\/\/www.korhanyilmaz.com\/index.php?rest_route=\/wp\/v2\/posts"}],"about":[{"href":"http:\/\/www.korhanyilmaz.com\/index.php?rest_route=\/wp\/v2\/types\/post"}],"author":[{"embeddable":true,"href":"http:\/\/www.korhanyilmaz.com\/index.php?rest_route=\/wp\/v2\/users\/1"}],"replies":[{"embeddable":true,"href":"http:\/\/www.korhanyilmaz.com\/index.php?rest_route=%2Fwp%2Fv2%2Fcomments&post=27901"}],"version-history":[{"count":0,"href":"http:\/\/www.korhanyilmaz.com\/index.php?rest_route=\/wp\/v2\/posts\/27901\/revisions"}],"wp:attachment":[{"href":"http:\/\/www.korhanyilmaz.com\/index.php?rest_route=%2Fwp%2Fv2%2Fmedia&parent=27901"}],"wp:term":[{"taxonomy":"category","embeddable":true,"href":"http:\/\/www.korhanyilmaz.com\/index.php?rest_route=%2Fwp%2Fv2%2Fcategories&post=27901"},{"taxonomy":"post_tag","embeddable":true,"href":"http:\/\/www.korhanyilmaz.com\/index.php?rest_route=%2Fwp%2Fv2%2Ftags&post=27901"}],"curies":[{"name":"wp","href":"https:\/\/api.w.org\/{rel}","templated":true}]}}