{"id":27898,"date":"2011-02-06T19:41:18","date_gmt":"2011-02-06T17:41:18","guid":{"rendered":"http:\/\/www.korhanyilmaz.com\/?p=27898"},"modified":"2011-02-06T19:41:18","modified_gmt":"2011-02-06T17:41:18","slug":"chpli-batumdan-tartisilacak-sozler","status":"publish","type":"post","link":"http:\/\/www.korhanyilmaz.com\/?p=27898","title":{"rendered":"CHP&#8217;li Batum&#8217;dan tart\u0131\u015f\u0131lacak s\u00f6zler"},"content":{"rendered":"<p style=\"text-align: justify;\"><a href=\"http:\/\/www.korhanyilmaz.com\/wp-content\/uploads\/2011\/02\/21.jpg\"  class=\"lightview\"><img loading=\"lazy\" decoding=\"async\" class=\"aligncenter size-full wp-image-27899\" src=\"http:\/\/www.korhanyilmaz.com\/wp-content\/uploads\/2011\/02\/21.jpg\" alt=\"\" width=\"292\" height=\"278\" \/><\/a><\/p>\n<p style=\"text-align: justify;\">CHP Genel Ba\u015fkan Yard\u0131mc\u0131s\u0131 S\u00fcheyl Batum, Ergenekon san\u0131klar\u0131n\u0131n tutukluluk haline tepki g\u00f6sterdi. Tepkisini dile getirirken, Genelkurmay&#8217;\u0131 da \u00e7arp\u0131c\u0131 s\u00f6zlerle ele\u015ftiren Batum &#8220;koca bir askeri y\u0131kt\u0131lar. Koca bir asker derken me\u011fer ka\u011f\u0131ttan kaplanm\u0131\u015f o da. Biz bunu asker zannedermi\u015fiz&#8221; dedi.<\/p>\n<p style=\"text-align: justify;\">D\u00fcn, Zonguldak&#8217;ta bir dizi ziyaretlerde bulunan S\u00fcheyl Batum, ak\u015fam saatlerinde ADD Zonguldak \u015eubesi&#8217;ne ger\u00e7ekle\u015ftirdi\u011fi ziyarette ilgin\u00e7 a\u00e7\u0131klamalarda bulundu. <!--more--><\/p>\n<p style=\"text-align: justify;\">Batum, ciddi bir m\u00fccadelenin i\u00e7inde olduklar\u0131n\u0131, o y\u00fczden b\u00fct\u00fcn derneklerin, kul\u00fcplerin birbirini k\u00fcst\u00fcrmeden el ele vermesi gerekti\u011fini s\u00f6yledi.<\/p>\n<p style=\"text-align: justify;\">Son d\u00f6nemde Faz\u0131l Say&#8217;a yap\u0131lan lin\u00e7 hareketinin ayn\u0131s\u0131n\u0131n \u015fimdi ayn\u0131 ki\u015filer taraf\u0131ndan, ayn\u0131 \u015fekilde, ayn\u0131 y\u00f6ntemle M\u00fcjdat Gezen&#8217;e yap\u0131ld\u0131\u011f\u0131n\u0131 belirten Batum, &#8220;Bunlar\u0131n hi\u00e7biri bo\u015f de\u011fil. Kendi \u015feylerini tehlikeye d\u00fc\u015f\u00fcrece\u011fine inand\u0131klar\u0131 b\u00fct\u00fcn hareketlere, ki\u015filere kar\u015f\u0131 ayn\u0131 sald\u0131r\u0131y\u0131 yap\u0131yorlar. Zaman\u0131nda Cumhuriyet mitinglerine ayn\u0131 \u015fekilde sald\u0131rm\u0131\u015flard\u0131&#8221; dedi.<\/p>\n<p style=\"text-align: justify;\">&#8220;30 ki\u015fi ayr\u0131 ayr\u0131 farkl\u0131 yerlerde \u0131sl\u0131k \u00e7alarsa yat\u0131r\u0131p d\u00f6verler. Ama Galatasaray Stad\u0131&#8217;nda oldu\u011fu gibi 30 bin ki\u015fi \u0131sl\u0131klamaya ba\u015flarsa p\u0131l\u0131n\u0131 p\u0131rt\u0131s\u0131n\u0131 toplay\u0131p ka\u00e7arlar&#8221; diyen Batum, &#8220;\u015eimdi 30 bin ki\u015fiyle beraber oldu\u011fumuzu g\u00f6stermeliyiz. Bu da derneklere, kul\u00fcplere d\u00fc\u015f\u00fcyor. O y\u00fczden birbirimizi k\u00fcst\u00fcrmeyece\u011fiz. Siz bizi k\u00fcst\u00fcrmeyeceksiniz, biz sizi k\u00fcst\u00fcrmeyece\u011fiz, el ele verip T\u00fcrkiye&#8217;ye giydirilen g\u00f6mle\u011fi y\u0131rt\u0131p ataca\u011f\u0131z&#8221; diye konu\u015ftu.<\/p>\n<p style=\"text-align: justify;\">T\u00fcrkiye&#8217;de bir yalan d\u00fcnyas\u0131 yarat\u0131ld\u0131\u011f\u0131n\u0131 savunan Batum, &#8220;3 y\u0131ld\u0131r adam yat\u0131yor orada. 4 tane s\u00f6z\u00fcm ona liberal ayd\u0131n\u0131n ad\u0131n\u0131 \u015fimdi sayar\u0131m. &#8216;Bunlar usul, bo\u015fver&#8217; diyor. \u015eimdi \u00e7\u0131k\u0131p, &#8216;Ne oluyor, 3 y\u0131l i\u00e7eride yatar m\u0131 adam? B\u00f6yle rezillik mi olur?&#8217; dedi\u011fimizde, hemen projekt\u00f6rleri sana \u00e7eviriyor ve &#8216;Sen Ergenekoncu musun?&#8217; diyor. Cumhuriyet mitinglerine kat\u0131lanlara bile &#8216;k\u00f6t\u00fc kad\u0131n&#8217; dediler. Ask\u0131l\u0131 bluz giymi\u015f, afedersiniz bilmem ne dediler. Ya\u015fad\u0131k bunlar\u0131. \u015eimdi ayn\u0131 \u015feyi CHP&#8217;ye yap\u0131yorlar. Koca bir askeri y\u0131kt\u0131lar. Koca bir asker derken, me\u011fer ka\u011f\u0131ttan kaplanm\u0131\u015f o da. Biz bunu asker zannedermi\u015fiz. Me\u011fer ABD i\u00e7ini oymu\u015f oymu\u015f o koca a\u011fac\u0131 y\u0131kt\u0131lar. \u015eimdi CHP&#8217;yi y\u0131kamad\u0131lar bir tek. Y\u0131kmak istiyorlar&#8221; dedi.<\/p>\n<p style=\"text-align: justify;\"><a href=\"http:\/\/www.cnnturk.com\/2011\/turkiye\/02\/06\/chpli.batumdan.tartisilacak.sozler\/605884.0\/index.html\" target=\"_blank\"><span style=\"color: #888888;\">CNN T\u00dcRK<\/span><\/a><\/p>\n","protected":false},"excerpt":{"rendered":"<p style=\"text-align: justify;\">\n<p style=\"text-align: justify;\">CHP Genel Ba\u015fkan Yard\u0131mc\u0131s\u0131 S\u00fcheyl Batum, Ergenekon san\u0131klar\u0131n\u0131n tutukluluk haline tepki g\u00f6sterdi. Tepkisini dile getirirken, Genelkurmay&#8217;\u0131 da \u00e7arp\u0131c\u0131 s\u00f6zlerle ele\u015ftiren Batum &#8220;koca bir askeri y\u0131kt\u0131lar. Koca bir asker derken me\u011fer ka\u011f\u0131ttan kaplanm\u0131\u015f o da. Biz bunu asker zannedermi\u015fiz&#8221; dedi.<\/p>\n<p style=\"text-align: justify;\">D\u00fcn, Zonguldak&#8217;ta bir dizi ziyaretlerde bulunan S\u00fcheyl Batum, ak\u015fam <\/p>\n","protected":false},"author":1,"featured_media":0,"comment_status":"open","ping_status":"closed","sticky":false,"template":"","format":"standard","meta":{"footnotes":""},"categories":[105],"tags":[],"class_list":["post-27898","post","type-post","status-publish","format-standard","hentry","category-gundem","odd"],"_links":{"self":[{"href":"http:\/\/www.korhanyilmaz.com\/index.php?rest_route=\/wp\/v2\/posts\/27898","targetHints":{"allow":["GET"]}}],"collection":[{"href":"http:\/\/www.korhanyilmaz.com\/index.php?rest_route=\/wp\/v2\/posts"}],"about":[{"href":"http:\/\/www.korhanyilmaz.com\/index.php?rest_route=\/wp\/v2\/types\/post"}],"author":[{"embeddable":true,"href":"http:\/\/www.korhanyilmaz.com\/index.php?rest_route=\/wp\/v2\/users\/1"}],"replies":[{"embeddable":true,"href":"http:\/\/www.korhanyilmaz.com\/index.php?rest_route=%2Fwp%2Fv2%2Fcomments&post=27898"}],"version-history":[{"count":0,"href":"http:\/\/www.korhanyilmaz.com\/index.php?rest_route=\/wp\/v2\/posts\/27898\/revisions"}],"wp:attachment":[{"href":"http:\/\/www.korhanyilmaz.com\/index.php?rest_route=%2Fwp%2Fv2%2Fmedia&parent=27898"}],"wp:term":[{"taxonomy":"category","embeddable":true,"href":"http:\/\/www.korhanyilmaz.com\/index.php?rest_route=%2Fwp%2Fv2%2Fcategories&post=27898"},{"taxonomy":"post_tag","embeddable":true,"href":"http:\/\/www.korhanyilmaz.com\/index.php?rest_route=%2Fwp%2Fv2%2Ftags&post=27898"}],"curies":[{"name":"wp","href":"https:\/\/api.w.org\/{rel}","templated":true}]}}