{"id":27893,"date":"2011-02-07T13:01:16","date_gmt":"2011-02-07T11:01:16","guid":{"rendered":"http:\/\/www.korhanyilmaz.com\/?p=27893"},"modified":"2011-02-07T13:01:16","modified_gmt":"2011-02-07T11:01:16","slug":"torbadan-memura-yilda-1-700-lira-gelir-cikti","status":"publish","type":"post","link":"http:\/\/www.korhanyilmaz.com\/?p=27893","title":{"rendered":"&#8216;Torba&#8217;dan memura y\u0131lda 1.700 lira gelir \u00e7\u0131kt\u0131"},"content":{"rendered":"<p style=\"text-align: center;\"><a href=\"http:\/\/www.korhanyilmaz.com\/wp-content\/uploads\/2011\/02\/219.jpg\"  class=\"lightview\"><img loading=\"lazy\" decoding=\"async\" class=\"size-full wp-image-27894 aligncenter\" src=\"http:\/\/www.korhanyilmaz.com\/wp-content\/uploads\/2011\/02\/219.jpg\" alt=\"\" width=\"455\" height=\"174\" \/><\/a><\/p>\n<p style=\"text-align: justify;\">Meclis&#8217;te g\u00f6r\u00fc\u015f\u00fclen &#8216;torba tasar\u0131&#8217;n\u0131n yasala\u015fmas\u0131 halinde s\u00f6zle\u015fmeli memurlar, ayda 113 TL aile yard\u0131m\u0131 almaya hak kazanacak. S\u00f6zle\u015fmelilere de sendika yolu a\u00e7\u0131l\u0131rken, \u00fc\u00e7 ayda bir 45 liral\u0131k toplu g\u00f6r\u00fc\u015fme primi \u00f6denecek. Ayr\u0131ca 400 bin s\u00f6zle\u015fmeli kamu \u00e7al\u0131\u015fan\u0131ndan her y\u0131l al\u0131nan 150 liral\u0131k Damga Vergisi kald\u0131r\u0131lacak. Sa\u011fl\u0131k \u00e7al\u0131\u015fanlar\u0131n\u0131n d\u00f6ner sermaye pay\u0131na da 420 TL&#8217;lik taban s\u0131n\u0131r\u0131 getirilecek. <!--more--><\/p>\n<p style=\"text-align: justify;\">Baz\u0131 sendikalarla muhalefet partilerinin &#8216;i\u015f g\u00fcvencesini yok edecek&#8217; iddias\u0131yla ele\u015ftirdi\u011fi &#8216;torba tasar\u0131&#8217;, \u00e7al\u0131\u015fanlara \u00f6nemli mal\u00ee kazan\u0131mlar getiriyor. D\u00fczenlemenin yasala\u015fmas\u0131 halinde yakla\u015f\u0131k 400 bin s\u00f6zle\u015fmeli personel, hizmet s\u00f6zle\u015fmesi i\u00e7in y\u0131lda \u00f6dedi\u011fi 150 liral\u0131k Damga Vergisi&#8217;nden muaf tutulacak. Bu para memurun cebinde kalacak. Yine torba yasa ile ilk kez e\u015fi \u00e7al\u0131\u015fmayan s\u00f6zle\u015fmeli memura ayl\u0131k 113 TL aile yard\u0131m\u0131 \u00f6denecek. Temmuzda bu rakam 117 liraya \u00e7\u0131kacak. S\u00f6zle\u015fmeli kamu \u00e7al\u0131\u015fanlar\u0131na da sendikalara \u00fcye olma hakk\u0131 tan\u0131n\u0131rken, 1,1 milyon sendikal\u0131 memura da \u00fc\u00e7 ayda bir 45 liral\u0131k toplu g\u00f6r\u00fc\u015fme primi \u00f6denecek. Torba yasa ile toplamda memurun cebine y\u0131ll\u0131k ortalama 1.700 lira ek para girecek. Ayr\u0131ca sa\u011fl\u0131k \u00e7al\u0131\u015fanlar\u0131n\u0131n d\u00f6ner sermayesine de 420 liral\u0131k alt s\u0131n\u0131r gelecek.<\/p>\n<div id=\"attachment_27895\" style=\"width: 451px\" class=\"wp-caption aligncenter\"><a href=\"http:\/\/www.korhanyilmaz.com\/wp-content\/uploads\/2011\/02\/220.jpg\"  class=\"lightview\"><img loading=\"lazy\" decoding=\"async\" aria-describedby=\"caption-attachment-27895\" class=\"size-full wp-image-27895\" src=\"http:\/\/www.korhanyilmaz.com\/wp-content\/uploads\/2011\/02\/220.jpg\" alt=\"\" width=\"441\" height=\"245\" \/><\/a><p id=\"caption-attachment-27895\" class=\"wp-caption-text\">Kamuoyunda &#39;torba yasa&#39; olarak bilinen d\u00fczenlemeye D\u0130SK ve KESK ba\u015fta olmak \u00fczere baz\u0131 sendikalarla bir k\u0131s\u0131m meslek \u00f6rg\u00fctleri muhalefet ediyor. Bu ama\u00e7la d\u00fczenlenen protesto g\u00f6sterilerinde eylemciler polisle \u00e7at\u0131\u015fm\u0131\u015ft\u0131. foto\u011fraf: aa, KENAN \u00c7\u0130MEN<\/p><\/div>\n<p style=\"text-align: justify;\">Devletin alacaklar\u0131n\u0131n yeniden yap\u0131land\u0131r\u0131lmas\u0131 ba\u015fta olmak \u00fczere \u00e7al\u0131\u015fma hayat\u0131 ve memurlara ili\u015fkin \u00e7ok say\u0131da \u00f6nemli d\u00fczenlemeyi i\u00e7eren &#8216;torba tasar\u0131&#8217;n\u0131n Meclis&#8217;te yasala\u015fma s\u00fcreci devam ediyor. Tasar\u0131n\u0131n hafta sonuna kadar yasala\u015fmas\u0131 bekleniyor. Bu ama\u00e7la gerekirse Meclis cuma g\u00fcn\u00fc de \u00e7al\u0131\u015facak. Ancak tasar\u0131 ile ilgili tart\u0131\u015fmalar da s\u00fcr\u00fcyor. Kimi sendikalar d\u00fczenlemenin \u00e7al\u0131\u015fanlar i\u00e7in hak kayb\u0131 getirece\u011fini ileri s\u00fcr\u00fcyor. Ancak Meclis Genel Kurulu&#8217;nda kabul edilen k\u0131s\u0131mlar\u0131 itibar\u0131yla s\u00f6zle\u015fmeli kamu \u00e7al\u0131\u015fanlar\u0131 ile sa\u011fl\u0131k personeli ciddi kazan\u0131mlar elde etti. Torba yasa y\u00fcr\u00fcrl\u00fc\u011fe girdi\u011finde sa\u011fl\u0131k \u00e7al\u0131\u015fanlar\u0131 y\u0131ll\u0131k izin ve raporlu d\u00f6nemlerde de ek \u00f6deme alacak. S\u00f6zle\u015fmeli personelin imzalad\u0131\u011f\u0131 hizmet s\u00f6zle\u015fmesi i\u00e7in \u00f6dedi\u011fi 150 TL&#8217;lik Damga Vergisi de kalkacak. Sendikal\u0131 kamu \u00e7al\u0131\u015fanlar\u0131 45 TL toplu s\u00f6zle\u015fme primi alacak. D\u00fczenleme ile e\u015fi \u00e7al\u0131\u015fmayan s\u00f6zle\u015fmeli personel 113 TL olan aile yard\u0131m\u0131n\u0131 her ay almaya hak kazanacak. Bu rakam Temmuz 2011&#8217;de 117 liraya \u00e7\u0131kacak. \u00dc\u00e7 ayda bir 45 TL toplu s\u00f6zle\u015fme primi ise b\u00fct\u00fcn sendikal\u0131 memurlar alacak. Bunlar topland\u0131\u011f\u0131nda s\u00f6zle\u015fmeli memur, 2011 y\u0131l\u0131nda yakla\u015f\u0131k 1.700 TL ek gelire kavu\u015facak. Torba yasa ile ayr\u0131ca sa\u011fl\u0131k \u00e7al\u0131\u015fanlar\u0131n\u0131n ald\u0131\u011f\u0131 d\u00f6ner sermaye ek \u00f6demelerine de taban s\u0131n\u0131r\u0131 getiriliyor. D\u00fczenleme ile kurumun d\u00f6ner sermaye gelirleri yetersiz kalsa da sa\u011fl\u0131k \u00e7al\u0131\u015fan\u0131na 420 TL&#8217;nin alt\u0131nda ek \u00f6deme yap\u0131lamayacak. B\u00f6ylece sa\u011fl\u0131k \u00e7al\u0131\u015fan\u0131, her ay 420 liray\u0131 garanti ediyor. Ayr\u0131ca y\u0131ll\u0131k izin ve raporlu d\u00f6nemlerinde sa\u011fl\u0131k \u00e7al\u0131\u015fan\u0131na d\u00f6ner sermayesi hakk\u0131 verilecek. Daha \u00f6nce izin ve rapor durumunda d\u00f6ner sermaye kesiliyordu. B\u00f6ylece yakla\u015f\u0131k 250 bin sa\u011fl\u0131k \u00e7al\u0131\u015fan\u0131 y\u0131ll\u0131k 420 TL daha fazla ek \u00f6deme imk\u00e2n\u0131na kavu\u015ftu.<\/p>\n<p style=\"text-align: justify;\">Sa\u011fl\u0131k-Sen Genel Ba\u015fkan\u0131 Mahmut Ka\u00e7ar, &#8220;G\u00f6revi ba\u015f\u0131nda ge\u00e7irdi\u011fi kaza sebebiyle rapor ald\u0131\u011f\u0131 i\u00e7in d\u00f6ner sermayesi kesilen sa\u011fl\u0131k \u00e7al\u0131\u015fan\u0131, ek \u00f6deme ile d\u00f6ner sermaye sisteminin adaletsizli\u011finden belli \u00f6l\u00e7\u00fcde korunmu\u015f olacak.&#8221; diye konu\u015ftu. Meclis&#8217;te kabul edilen &#8216;torba tasar\u0131&#8217; ile memura, do\u011fumdan sonraki 1 y\u0131l s\u00fcreyle gece n\u00f6beti ve gece vardiyas\u0131 yaz\u0131lamayacak. Kanser, verem ve ak\u0131l hastal\u0131\u011f\u0131 gibi uzun s\u00fcreli bir tedaviye ihtiya\u00e7 g\u00f6steren hastal\u0131\u011f\u0131 olan memura ise 18 aya kadar izin verilecek. Engelli memurlara da iste\u011fi d\u0131\u015f\u0131nda gece n\u00f6beti ve vardiyas\u0131 yapt\u0131r\u0131lmayacak. E\u015fi do\u011fum yapan memura, isterse 24 aya kadar ayl\u0131ks\u0131z izin verilecek. 5 y\u0131l\u0131n\u0131 tamamlayan memura, en fazla 2 defada kullan\u0131lmak \u00fczere, toplam 1 y\u0131la kadar ayl\u0131ks\u0131z izin kulland\u0131r\u0131labilecek.<\/p>\n<p style=\"text-align: justify;\"><a href=\"http:\/\/www.zaman.com.tr\/haber.do?haberno=1090059&amp;title=torbadan-memura-yilda-1700-lira-gelir-cikti\" target=\"_blank\"><span style=\"color: #888888;\">Kaynak : ZAMAN<\/span><\/a><\/p>\n","protected":false},"excerpt":{"rendered":"<p style=\"text-align: center;\">\n<p style=\"text-align: justify;\">Meclis&#8217;te g\u00f6r\u00fc\u015f\u00fclen &#8216;torba tasar\u0131&#8217;n\u0131n yasala\u015fmas\u0131 halinde s\u00f6zle\u015fmeli memurlar, ayda 113 TL aile yard\u0131m\u0131 almaya hak kazanacak. S\u00f6zle\u015fmelilere de sendika yolu a\u00e7\u0131l\u0131rken, \u00fc\u00e7 ayda bir 45 liral\u0131k toplu g\u00f6r\u00fc\u015fme primi \u00f6denecek. Ayr\u0131ca 400 bin s\u00f6zle\u015fmeli kamu \u00e7al\u0131\u015fan\u0131ndan her y\u0131l al\u0131nan 150 liral\u0131k Damga Vergisi kald\u0131r\u0131lacak. Sa\u011fl\u0131k \u00e7al\u0131\u015fanlar\u0131n\u0131n d\u00f6ner sermaye pay\u0131na da <\/p>\n","protected":false},"author":1,"featured_media":0,"comment_status":"open","ping_status":"closed","sticky":false,"template":"","format":"standard","meta":{"footnotes":""},"categories":[7],"tags":[],"class_list":["post-27893","post","type-post","status-publish","format-standard","hentry","category-ekonomi","odd"],"_links":{"self":[{"href":"http:\/\/www.korhanyilmaz.com\/index.php?rest_route=\/wp\/v2\/posts\/27893","targetHints":{"allow":["GET"]}}],"collection":[{"href":"http:\/\/www.korhanyilmaz.com\/index.php?rest_route=\/wp\/v2\/posts"}],"about":[{"href":"http:\/\/www.korhanyilmaz.com\/index.php?rest_route=\/wp\/v2\/types\/post"}],"author":[{"embeddable":true,"href":"http:\/\/www.korhanyilmaz.com\/index.php?rest_route=\/wp\/v2\/users\/1"}],"replies":[{"embeddable":true,"href":"http:\/\/www.korhanyilmaz.com\/index.php?rest_route=%2Fwp%2Fv2%2Fcomments&post=27893"}],"version-history":[{"count":0,"href":"http:\/\/www.korhanyilmaz.com\/index.php?rest_route=\/wp\/v2\/posts\/27893\/revisions"}],"wp:attachment":[{"href":"http:\/\/www.korhanyilmaz.com\/index.php?rest_route=%2Fwp%2Fv2%2Fmedia&parent=27893"}],"wp:term":[{"taxonomy":"category","embeddable":true,"href":"http:\/\/www.korhanyilmaz.com\/index.php?rest_route=%2Fwp%2Fv2%2Fcategories&post=27893"},{"taxonomy":"post_tag","embeddable":true,"href":"http:\/\/www.korhanyilmaz.com\/index.php?rest_route=%2Fwp%2Fv2%2Ftags&post=27893"}],"curies":[{"name":"wp","href":"https:\/\/api.w.org\/{rel}","templated":true}]}}