{"id":27888,"date":"2011-02-07T11:13:53","date_gmt":"2011-02-07T09:13:53","guid":{"rendered":"http:\/\/www.korhanyilmaz.com\/?p=27888"},"modified":"2011-02-07T11:13:53","modified_gmt":"2011-02-07T09:13:53","slug":"erzurumda-islikli-protesto","status":"publish","type":"post","link":"http:\/\/www.korhanyilmaz.com\/?p=27888","title":{"rendered":"Erzurum&#8217;da \u0131sl\u0131kl\u0131 protesto"},"content":{"rendered":"<p style=\"text-align: center;\"><a href=\"http:\/\/www.korhanyilmaz.com\/wp-content\/uploads\/2011\/02\/217.jpg\"  class=\"lightview\"><img loading=\"lazy\" decoding=\"async\" class=\"aligncenter size-full wp-image-27889\" src=\"http:\/\/www.korhanyilmaz.com\/wp-content\/uploads\/2011\/02\/217.jpg\" alt=\"\" width=\"413\" height=\"184\" \/><\/a><\/p>\n<p style=\"text-align: justify;\">Erzurum, d\u00fcnyan\u0131n en prestijli k\u0131\u015f oyunlar\u0131 organizasyonunu y\u00fcz\u00fcn\u00fcn ak\u0131yla tamamlad\u0131. Kapan\u0131\u015f t\u00f6reninde konu\u015fma yapan AKP&#8217;li Erzurum B\u00fcy\u00fck\u015fehir Belediye Ba\u015fkan\u0131 K\u00fc\u00e7\u00fckler, trib\u00fcnlerin protestolar\u0131na maruz kald\u0131.<!--more--><\/p>\n<p style=\"text-align: justify;\">25. D\u00fcnya \u00dcniversiteler K\u0131\u015f Oyunlar\u0131, resmi kapan\u0131\u015f t\u00f6reniyle sona erdi. Cemal G\u00fcrsel Stad\u0131\u2019nda d\u00fczenlenen t\u00f6reni, spordan sorumlu Devlet Bakan\u0131 Faruk Naf\u0131z \u00d6zak, Sa\u011fl\u0131k Bakan\u0131 Recep Akda\u011f, K\u00fclt\u00fcr ve Turizm Bakan\u0131 Ertu\u011frul G\u00fcnay, milletvekilleri, yetkililer, sanat ve spor d\u00fcnyas\u0131ndan \u00fcnl\u00fcler ve vatanda\u015flar izledi.<\/p>\n<p style=\"text-align: justify;\"><strong>FISU Bayra\u011f\u0131 Slovenya\u2019ya&#8230; <\/strong><\/p>\n<p style=\"text-align: justify;\">Atl\u0131 k\u0131zakla k\u00fcrs\u00fcye gelen Bakan \u00d6zak, \u201c25. D\u00fcnya \u00dcniversiteler K\u0131\u015f Oyunlar\u0131\u2019n\u0131 ba\u015far\u0131yla tamamlaman\u0131n gururunu ya\u015f\u0131yoruz. 11 g\u00fcn boyunca t\u00fcm g\u00fczellikleri birarada, Anadolu\u2019nun zirvesinde ya\u015fad\u0131k\u201d dedi. Erzurum Valisi Sebahattin \u00d6zt\u00fcrk de, FISU bayra\u011f\u0131n\u0131n hakk\u0131yla 26. oyunlara ev sahibi olacak Slovenya\u2019n\u0131n Maribor kentine teslim edildi\u011fini s\u00f6yledi.<\/p>\n<p style=\"text-align: justify;\"><strong>BA\u015eKAN K\u00dc\u00c7\u00dcKLER\u2019E ISLIKLI \u015eOK\u2019 TEPK\u0130 <\/strong><\/p>\n<p style=\"text-align: justify;\"><a href=\"http:\/\/www.korhanyilmaz.com\/wp-content\/uploads\/2011\/02\/218.jpg\"  class=\"lightview\"><img loading=\"lazy\" decoding=\"async\" class=\"alignleft size-full wp-image-27890\" style=\"margin-left: 10px; margin-right: 10px;\" src=\"http:\/\/www.korhanyilmaz.com\/wp-content\/uploads\/2011\/02\/218.jpg\" alt=\"\" width=\"243\" height=\"221\" \/><\/a>Oyunlar\u0131n kapan\u0131\u015f t\u00f6reninde ev sahibi olarak k\u00fcrs\u00fcye gelen B\u00fcy\u00fck\u015fehir Belediye Ba\u015fkan\u0131 Ak Partili Ahmet K\u00fc\u00e7\u00fckler, stadyumu dolduranlar\u0131n \u015fok tepkisiyle kar\u015f\u0131la\u015ft\u0131. Konu\u015fmas\u0131na \u0131sl\u0131k ve \u2019yuh\u2019 sesleri alt\u0131nda ba\u015flayan K\u00fc\u00e7\u00fckler, tepkiyi bast\u0131rmak i\u00e7in sesini y\u00fckseltti. Erzurum\u2019un tarihi g\u00fcnler ya\u015fad\u0131\u011f\u0131na dikkat \u00e7eken K\u00fc\u00e7\u00fckler, sporun bar\u0131\u015f ve karde\u015flik oldu\u011funu belirtti.<\/p>\n<p style=\"text-align: justify;\">Konu\u015fmalardan sonra Devlet Bakan\u0131 Faruk Nafiz \u00d6zak ve T\u00fcrkiye \u00dcniversite Sporlar\u0131 Federasyonu Ba\u015fkan\u0131 Prof.Dr. Kemal Tamer, FISU bayra\u011f\u0131n\u0131 FISU Ba\u015fkan\u0131 George Killian\u2019a teslim etti. Killian, 26\u2019nc\u0131 \u00dcniversite K\u0131\u015f oyunlar\u0131n\u0131 organize edecek Slovanya\u2019n\u0131n Maribor kentinden gelen temsilciye bayra\u011f\u0131 verdi. Konu\u015fmalar\u0131n\u0131 tamamlayanlar yine atl\u0131 k\u0131zaklarla protokol trib\u00fcn\u00fc \u00f6n\u00fcne kadar ta\u015f\u0131nd\u0131. Protestonun, yerel y\u00f6netim hizmetlerinin yetersiz olmas\u0131ndan kaynakland\u0131\u011f\u0131 iddia edildi.<\/p>\n<p style=\"text-align: justify;\"><strong>3-5 L\u0130RAYA \u0130ZLED\u0130LER<\/strong><\/p>\n<p style=\"text-align: justify;\">Erzurumlular \u00e7ok yo\u011fun ilgi g\u00f6sterdi. A\u00e7\u0131l\u0131\u015f ve kapan\u0131\u015f t\u00f6renlerini de katarak s\u00f6ylersek yakla\u015f\u0131k 170 bin seyirci oyunlar\u0131 izledi. Kapal\u0131 alanlardaki oyunlar; buz hokeyi ve buz pateni m\u00fcsabakalar\u0131n\u0131n bilet fiyatlar\u0131 5 lira, a\u00e7\u0131k alanlardaki oyunlar; alp disiplini yar\u0131\u015flar\u0131, snowboard, serbest stil kayak, kayakla atlamay\u0131 izlemek ise 3 lirayd\u0131. Halk\u0131m\u0131z en \u00e7ok Curling ve Kayakla Atlama\u2019ya ola\u011fan\u00fcst\u00fc ilgi g\u00f6sterdi. Kayakla Atlama pistleri \u015fehrin i\u00e7inde. \u0130nsanlar evlerine giderken bile izleyebildi. Kanada\u2019n\u0131n Vancouver kentinde yap\u0131lan yar\u0131\u015flarda kayakla atlamay\u0131 izlemek i\u00e7in iki saat yolculuk yap\u0131l\u0131yor. Pistin \u015fehrin merkezinde olmas\u0131 b\u00fcy\u00fck bir \u015fanst\u0131, Erzurumlular da bunu de\u011ferlendirdi.<\/p>\n<p style=\"text-align: justify;\"><a href=\"http:\/\/www.gazeteport.com.tr\/SPOR\/NEWS\/GP_849286\" target=\"_blank\"><span style=\"color: #888888;\">Kaynak : GAZETEPORT<\/span><\/a><\/p>\n","protected":false},"excerpt":{"rendered":"<p style=\"text-align: center;\">\n<p style=\"text-align: justify;\">Erzurum, d\u00fcnyan\u0131n en prestijli k\u0131\u015f oyunlar\u0131 organizasyonunu y\u00fcz\u00fcn\u00fcn ak\u0131yla tamamlad\u0131. Kapan\u0131\u015f t\u00f6reninde konu\u015fma yapan AKP&#8217;li Erzurum B\u00fcy\u00fck\u015fehir Belediye Ba\u015fkan\u0131 K\u00fc\u00e7\u00fckler, trib\u00fcnlerin protestolar\u0131na maruz kald\u0131.<\/p>\n","protected":false},"author":1,"featured_media":0,"comment_status":"open","ping_status":"closed","sticky":false,"template":"","format":"standard","meta":{"footnotes":""},"categories":[105],"tags":[],"class_list":["post-27888","post","type-post","status-publish","format-standard","hentry","category-gundem","odd"],"_links":{"self":[{"href":"http:\/\/www.korhanyilmaz.com\/index.php?rest_route=\/wp\/v2\/posts\/27888","targetHints":{"allow":["GET"]}}],"collection":[{"href":"http:\/\/www.korhanyilmaz.com\/index.php?rest_route=\/wp\/v2\/posts"}],"about":[{"href":"http:\/\/www.korhanyilmaz.com\/index.php?rest_route=\/wp\/v2\/types\/post"}],"author":[{"embeddable":true,"href":"http:\/\/www.korhanyilmaz.com\/index.php?rest_route=\/wp\/v2\/users\/1"}],"replies":[{"embeddable":true,"href":"http:\/\/www.korhanyilmaz.com\/index.php?rest_route=%2Fwp%2Fv2%2Fcomments&post=27888"}],"version-history":[{"count":0,"href":"http:\/\/www.korhanyilmaz.com\/index.php?rest_route=\/wp\/v2\/posts\/27888\/revisions"}],"wp:attachment":[{"href":"http:\/\/www.korhanyilmaz.com\/index.php?rest_route=%2Fwp%2Fv2%2Fmedia&parent=27888"}],"wp:term":[{"taxonomy":"category","embeddable":true,"href":"http:\/\/www.korhanyilmaz.com\/index.php?rest_route=%2Fwp%2Fv2%2Fcategories&post=27888"},{"taxonomy":"post_tag","embeddable":true,"href":"http:\/\/www.korhanyilmaz.com\/index.php?rest_route=%2Fwp%2Fv2%2Ftags&post=27888"}],"curies":[{"name":"wp","href":"https:\/\/api.w.org\/{rel}","templated":true}]}}