{"id":27880,"date":"2011-02-07T13:15:31","date_gmt":"2011-02-07T11:15:31","guid":{"rendered":"http:\/\/www.korhanyilmaz.com\/?p=27880"},"modified":"2011-02-07T13:15:31","modified_gmt":"2011-02-07T11:15:31","slug":"guler-ve-cerraha-sorusturma","status":"publish","type":"post","link":"http:\/\/www.korhanyilmaz.com\/?p=27880","title":{"rendered":"G\u00fcler ve Cerrah&#8217;a soru\u015fturma"},"content":{"rendered":"<p style=\"text-align: center;\"><a href=\"http:\/\/www.korhanyilmaz.com\/wp-content\/uploads\/2011\/02\/213.jpg\"  class=\"lightview\"><img loading=\"lazy\" decoding=\"async\" class=\"aligncenter size-full wp-image-27881\" src=\"http:\/\/www.korhanyilmaz.com\/wp-content\/uploads\/2011\/02\/213.jpg\" alt=\"\" width=\"465\" height=\"205\" \/><\/a><\/p>\n<p style=\"text-align: justify;\">Dink ailesinin avukat\u0131 Fethiye \u00c7etin, A\u0130HM karar\u0131n\u0131n gere\u011fi olarak cinayette ihmali oldu\u011fu \u00f6ne s\u00fcr\u00fclen d\u00f6nemin \u0130stanbul Valisi Muammer G\u00fcler, Emniyet M\u00fcd\u00fcr\u00fc Celalettin Cerrah ve Trabzon Emniyet M\u00fcd\u00fcr\u00fc Razaman Aky\u00fcrek&#8217;in de aralar\u0131nda bulundu\u011fu yakla\u015f\u0131k 30 ki\u015fi hakk\u0131nda soru\u015fturma a\u00e7\u0131ld\u0131\u011f\u0131n\u0131 belirtti. <!--more--><\/p>\n<p style=\"text-align: justify;\">Dink ailesinin avukat\u0131 Bahri Belen&#8217;in t\u00fcm davalar\u0131n birle\u015ftirilmesi talebine, tutuklu san\u0131k Erhan Tuncel&#8217;in avukat\u0131 da destek verdi. Tuncel&#8217;in avukat\u0131, &#8221;M\u00fcvekkilim soru\u015fturmada ger\u00e7e\u011fin ortaya \u00e7\u0131kmas\u0131n\u0131n engellenmesi i\u00e7in se\u00e7ilmi\u015f bir kurband\u0131r&#8221; dedi.<\/p>\n<p style=\"text-align: justify;\">Talepleri reddeden mahkeme heyeti, dava dosyas\u0131n\u0131n esas hakk\u0131ndaki g\u00f6r\u00fc\u015f\u00fcn\u00fc bildirmesi i\u00e7in cumhuriyet savc\u0131s\u0131na g\u00f6nderilmesine karar verdi ve duru\u015fmay\u0131 28 Mart tarihine erteledi.<\/p>\n<div id=\"attachment_27882\" style=\"width: 490px\" class=\"wp-caption aligncenter\"><a href=\"http:\/\/www.korhanyilmaz.com\/wp-content\/uploads\/2011\/02\/214.jpg\"  class=\"lightview\"><img loading=\"lazy\" decoding=\"async\" aria-describedby=\"caption-attachment-27882\" class=\"size-full wp-image-27882\" src=\"http:\/\/www.korhanyilmaz.com\/wp-content\/uploads\/2011\/02\/214.jpg\" alt=\"\" width=\"480\" height=\"200\" \/><\/a><p id=\"caption-attachment-27882\" class=\"wp-caption-text\">San\u0131klar Erhan Tuncel ve Yasin Hayal duru\u015fmada haz\u0131r bulundu.<\/p><\/div>\n<p style=\"text-align: justify;\">\u0130STANBUL &#8211; Agos Gazetesi Genel Yay\u0131n Y\u00f6netmeni iken \u00f6ld\u00fcr\u00fclen Hrant Dink&#8217;le ilgili, 2&#8217;si tutuklu 19 san\u0131k hakk\u0131nda a\u00e7\u0131lan davan\u0131n 16. duru\u015fmas\u0131 ba\u015flad\u0131. \u0130stanbul 14. A\u011f\u0131r Ceza Mahkemesindeki duru\u015fmaya, tutuklu san\u0131klardan Erhan Tuncel ve Yasin Hayal ile tutuksuz san\u0131k Salih Hac\u0131 Saliho\u011flu kat\u0131ld\u0131. Duru\u015fmada, Dink ailesinin \u00fcyeleri ile avukatlar\u0131 da haz\u0131r bulundu.<\/p>\n<p style=\"text-align: center;\"><a href=\"http:\/\/www.korhanyilmaz.com\/wp-content\/uploads\/2011\/02\/215.jpg\"  class=\"lightview\"><img loading=\"lazy\" decoding=\"async\" class=\"aligncenter size-full wp-image-27884\" src=\"http:\/\/www.korhanyilmaz.com\/wp-content\/uploads\/2011\/02\/215.jpg\" alt=\"\" width=\"385\" height=\"232\" \/><\/a><\/p>\n<p style=\"text-align: justify;\">Duru\u015fmay\u0131 \u00d6DP Genel Ba\u015fkan\u0131 Alper Ta\u015f, CHP Genel Ba\u015fkan Yard\u0131mc\u0131s\u0131 Sezgin Tanr\u0131kulu, BDP \u0130stanbul Milletvekili Ufuk Uras ve e\u015fi, gazeteciler Oral \u00c7al\u0131\u015flar, Ali Bayramo\u011flu ve Y\u0131ld\u0131r\u0131m T\u00fcrker ile Paris ve Br\u00fcksel barolar\u0131ndan avukatlar da izliyor. Duru\u015fma, Mahkeme Heyeti Ba\u015fkan\u0131 R\u00fcstem Ery\u0131lmaz&#8217;\u0131n dosyaya konulmas\u0131 i\u00e7in g\u00f6nderilen yaz\u0131lar\u0131 okumas\u0131yla devam ediyor.<\/p>\n<p style=\"text-align: justify;\">Tutuklu yarg\u0131lanan Og\u00fcn Samast&#8217;\u0131n dosyas\u0131 ge\u00e7en celse, 6008 say\u0131l\u0131 Ter\u00f6rle M\u00fccadele Kanunu ile Baz\u0131 Kanunlarda De\u011fi\u015fiklik Yap\u0131lmas\u0131na Dair Kanun gere\u011fince ayr\u0131larak, g\u00f6revsizlik karar\u0131yla \u00c7ocuk A\u011f\u0131r Ceza Mahkemesine g\u00f6nderilmi\u015fti.<\/p>\n<p style=\"text-align: center;\"><a href=\"http:\/\/www.korhanyilmaz.com\/wp-content\/uploads\/2011\/02\/216.jpg\"  class=\"lightview\"><img loading=\"lazy\" decoding=\"async\" class=\"aligncenter size-full wp-image-27883\" src=\"http:\/\/www.korhanyilmaz.com\/wp-content\/uploads\/2011\/02\/216.jpg\" alt=\"\" width=\"449\" height=\"231\" \/><\/a><\/p>\n<p style=\"text-align: justify;\"><strong>30 K\u0130\u015e\u0130 HAKKINDA SORU\u015eTURMA<\/strong><\/p>\n<p style=\"text-align: justify;\">Hrant Dink&#8217;in ailesinin avukat\u0131 Fethiye \u00c7etin, Dink cinayetine ili\u015fkin A\u0130HM karar\u0131 gere\u011fi cinayette ihmali olan \u0130stanbul Valisi Muammer G\u00fcler, Cerrah ve Aky\u00fcrek, Ali \u00d6z yakla\u015f\u0131k 30 kamu g\u00f6revlisi hakk\u0131nda soru\u015fturma a\u00e7\u0131lmas\u0131 talep ettiklerini belirterek, bu taleplerinin savc\u0131l\u0131k\u00e7a kabul edildi\u011fini ve yeni bir esas numaras\u0131 verilerek dosya a\u00e7\u0131ld\u0131\u011f\u0131n\u0131 kaydetti.<\/p>\n<p style=\"text-align: justify;\">Duru\u015fma sonras\u0131 gazetecilere a\u00e7\u0131klamada bulunan \u00c7etin, A\u0130HM karar\u0131n\u0131n kesinle\u015fmesinden sonra Be\u015fikta\u015f&#8217;taki \u0130stanbul Adliyesinde bulunan ve Hrant Dink cinayeti soru\u015fturmas\u0131n\u0131 ger\u00e7ekle\u015ftiren \u00f6zel yetkili \u0130stanbul Cumhuriyet Ba\u015fsavc\u0131l\u0131\u011f\u0131na bir dilek\u00e7e verdiklerini hat\u0131rlatt\u0131.<\/p>\n<p style=\"text-align: justify;\">\u00c7etin \u015funlar\u0131 s\u00f6yledi: &#8221;O dilek\u00e7ede dedik ki, &#8216;A\u0130HM karar\u0131 gere\u011fince dilek\u00e7emizde yaz\u0131l\u0131 kamu g\u00f6revlileri hakk\u0131nda yeni soru\u015fturma a\u00e7\u0131lmas\u0131 laz\u0131m. Ve g\u00f6revsizlik karar\u0131 vermeyin. Bu soru\u015fturmalar\u0131 4483 say\u0131l\u0131 yasaya g\u00f6re yapmay\u0131n. \u00c7\u00fcnk\u00fc A\u0130HM bu konudaki engeli ortadan kald\u0131rm\u0131\u015ft\u0131r ve bu ki\u015filerin su\u00e7lar\u0131 esasen sizin g\u00f6revinize girmektedir. Yani \u00f6zel yetkili a\u011f\u0131r ceza mahkemesinin g\u00f6revine girmektedir, bu dosyayla ili\u015fkilidir. O nedenle bu soru\u015fturmay\u0131 siz y\u00fcr\u00fct\u00fcn.&#8217; Savc\u0131l\u0131k bu a\u015famada her zaman yapt\u0131\u011f\u0131n\u0131n aksine g\u00f6revsizlik karar\u0131 verip dosyay\u0131 g\u00f6ndermeyip, burada ayr\u0131 bir soru\u015fturma dosyas\u0131yla, bu soru\u015fturmay\u0131 y\u00fcr\u00fct\u00fcyor. \u015eu andaki yeni geli\u015fme budur. Yani aralar\u0131nda Celalettin Cerrah&#8217;\u0131n da, Ali \u00d6z&#8217;\u00fcn de, Ramazan Aky\u00fcrek&#8217;in de bulundu\u011fu toplam 30 civar\u0131nda kamu g\u00f6revlisi hakk\u0131nda soru\u015fturma savc\u0131l\u0131k\u00e7a y\u00fcr\u00fct\u00fcl\u00fcyor. Bunun i\u00e7in de Muammer G\u00fcler de var, Ergun G\u00fcng\u00f6r de var&#8221;<\/p>\n<p style=\"text-align: justify;\">Bir gazetecinin, &#8221;Siz bekliyor muydunuz bu soru\u015fturmay\u0131?&#8221; sorusu \u00fczerine \u00c7etin, &#8221;Biz bekliyorduk. O y\u00fczden de dilek\u00e7emizi savc\u0131l\u0131\u011fa sunmu\u015ftuk. Ve sadece &#8216;A\u0130HM karar\u0131 uygulans\u0131n&#8217; dedi\u011fimiz i\u00e7in bu konuda umutluyduk ve ger\u00e7ekten savc\u0131l\u0131k bu soru\u015fturmay\u0131 ba\u015flatm\u0131\u015f&#8221; dedi.<\/p>\n<p style=\"text-align: justify;\">\u00c7etin &#8221;Bug\u00fcn duru\u015fmada m\u0131 \u00f6\u011frendiniz soru\u015fturmay\u0131?&#8221; \u015feklindeki sorusuna da, &#8221;Evet \u015fu anda ayr\u0131 bir soru\u015fturma dosyas\u0131yla bu soru\u015fturma y\u00fcr\u00fct\u00fcl\u00fcyor. Bug\u00fcnk\u00fc taleplerimiz aras\u0131nda yine kamu g\u00f6revlilerini ilgilendiren taleplerimiz vard\u0131. Savc\u0131 bey bu taleplerimizi de, kamu g\u00f6revlilerini ilgilendiren talepleri de o dosyaya iletilmesi gerekti\u011fi konusundaki g\u00f6r\u00fc\u015f\u00fcn\u00fc bildirdi. Bu son derece iyi, olumlu bir geli\u015fmedir. Umar\u0131m bunun sonucu gelecek&#8221; diye cevap verdi.<\/p>\n<p style=\"text-align: justify;\"><strong>DURU\u015eMA, 28 MART 2011&#8217;E ERTELEND\u0130<\/strong><\/p>\n<p style=\"text-align: justify;\">Agos Gazetesi Genel Yay\u0131n Y\u00f6netmeni iken \u00f6ld\u00fcr\u00fclen Hrant Dink&#8217;le ilgili, 2&#8217;si tutuklu 19 san\u0131k hakk\u0131nda a\u00e7\u0131lan davan\u0131n dosyas\u0131n\u0131n, esas hakk\u0131ndaki g\u00f6r\u00fc\u015f\u00fcn\u00fc bildirmesi i\u00e7in cumhuriyet savc\u0131s\u0131na g\u00f6nderilmesine karar verildi.<\/p>\n<p style=\"text-align: justify;\">\u0130stanbul 14. A\u011f\u0131r Ceza Mahkemesindeki duru\u015fmada, tutuklu san\u0131klardan Erhan Tuncel&#8217;in talebi gere\u011fi telefon g\u00f6r\u00fc\u015fmeleriyle ilgili HTS raporlar\u0131n\u0131n Telekom\u00fcnikasyon \u0130leti\u015fim Ba\u015fkanl\u0131\u011f\u0131ndan (T\u0130B) mahkemeye g\u00f6nderildi\u011fi tutana\u011fa ge\u00e7irildi.<\/p>\n<p style=\"text-align: justify;\">Hakk\u0131nda duru\u015fmaya zorla getirilme karar\u0131 verilen tan\u0131k Mesut Kadri&#8217;nin Yunanistan&#8217;da oldu\u011funun tespit edildi\u011fi, T\u00fcrkiye&#8217;ye giri\u015f yasa\u011f\u0131 olmas\u0131 nedeniyle mahkemeye \u00e7\u0131kar\u0131lmad\u0131\u011f\u0131 da tutana\u011fa ge\u00e7irildi.<\/p>\n<p style=\"text-align: justify;\">Duru\u015fmada s\u00f6z alan Dink ailesinin avukatlar\u0131ndan Fethiye \u00c7etin, cinayetle ilgili olarak gazeteci Nedim \u015eener&#8217;in &#8221;K\u0131rm\u0131z\u0131 Cuma&#8221; ve Adem Yavuz Arslan&#8217;\u0131n &#8221;Bir Ermeni Var&#8221; adl\u0131 kitaplardan al\u0131nan baz\u0131 b\u00f6l\u00fcmleri, dava dosyas\u0131nda bulunmad\u0131\u011f\u0131 ve ara\u015ft\u0131r\u0131lmad\u0131\u011f\u0131 gerek\u00e7esiyle ara\u015ft\u0131r\u0131lmas\u0131 i\u00e7in mahkemeye sundu.<\/p>\n<p style=\"text-align: justify;\">Hrant Dink suikast\u0131 soru\u015fturmas\u0131na 2007\/972 no&#8217;lu soru\u015fturma dosyas\u0131yla devam edildi\u011fini ve cinayetle ilgili yeni bulgular\u0131n bu dosya \u00fczerinden ara\u015ft\u0131r\u0131ld\u0131\u011f\u0131n\u0131 belirten \u00c7etin, 25 Ekim 2010 tarihli duru\u015fma sonras\u0131nda ya\u015fanan geli\u015fmeler, kimi yay\u0131nlar ve iddialarla delil say\u0131labilecek yeni bulgular\u0131n ortaya \u00e7\u0131kmas\u0131 nedeniyle ara\u015ft\u0131rma yap\u0131lmak \u00fczere \u0130stanbul Cumhuriyet Savc\u0131l\u0131\u011f\u0131na bu yeni bulgular\u0131n iletilmesini ve savc\u0131l\u0131k soru\u015fturmas\u0131n\u0131n ak\u0131betinin sorulmas\u0131n\u0131 talep etti.<\/p>\n<p style=\"text-align: justify;\">\u00c7etin, soru\u015fturman\u0131n haz\u0131rl\u0131k s\u00fcrecinde ad\u0131 ge\u00e7en &#8221;Ergenekon&#8221; davas\u0131 tutuklu san\u0131\u011f\u0131 Kemal Kerin\u00e7siz&#8217;e ait iki telefon kayd\u0131n\u0131n bu davayla ilgisi olabilece\u011fi ku\u015fkusunun y\u00fcksek olmas\u0131 nedeniyle &#8221;Ergenekon&#8221; davas\u0131na bakan \u0130stanbul 13. A\u011f\u0131r Ceza Mahkemesinden istenerek g\u00f6r\u00fc\u015fme yo\u011funluklar\u0131n\u0131n ara\u015ft\u0131r\u0131lmas\u0131n\u0131 talep etti.<\/p>\n<p style=\"text-align: justify;\">\u00c7etin, &#8221;Ergenekon&#8221; davas\u0131 san\u0131klar\u0131ndan Hur\u015fit Tolon&#8217;da bulundu\u011fu iddia edilen T\u00fcrkiye&#8217;de ya\u015fayan az\u0131nl\u0131klar ve vak\u0131flar\u0131na ili\u015fkin &#8221;gizli&#8221; ibareli dok\u00fcmanlar ile &#8221;misyonerlik&#8221; isimli slayt sunumlar\u0131n\u0131n da bu davayla ilgisi olabilece\u011fini belirterek, ayn\u0131 mahkemeden istenilmesini, i\u00e7eri\u011finin ara\u015ft\u0131r\u0131lmas\u0131n\u0131 istedi.<\/p>\n<p style=\"text-align: justify;\">Hrant Dink cinayeti s\u0131ras\u0131nda \u0130stanbul Emniyet M\u00fcd\u00fcrl\u00fc\u011f\u00fc Ter\u00f6rle M\u00fccadele \u015eube M\u00fcd\u00fcr\u00fc olarak g\u00f6rev yapan ve suikast soru\u015fturmas\u0131n\u0131 y\u00fcr\u00fcten Selim Kutkan&#8217;\u0131n herhangi bir su\u00e7 kapsam\u0131nda herhangi bir \u00f6rg\u00fctle ilgili teknik takibe tak\u0131l\u0131p tak\u0131lmad\u0131\u011f\u0131n\u0131n, tak\u0131lm\u0131\u015fsa bu bilgi ve g\u00f6r\u00fc\u015fmelerin detay\u0131n\u0131n, g\u00f6revinden al\u0131n\u0131p al\u0131nmad\u0131\u011f\u0131n\u0131n, al\u0131nm\u0131\u015fsa nedeninin ara\u015ft\u0131r\u0131lmas\u0131na, g\u00f6rev y\u00fcr\u00fctt\u00fc\u011f\u00fc s\u0131rada Ba\u015fbakanl\u0131k Tefti\u015f Kurulu m\u00fcfetti\u015flerinin g\u00f6revlerini yapmalar\u0131na zorluk ve engel \u00e7\u0131kar\u0131p \u00e7\u0131karmad\u0131\u011f\u0131n\u0131n tespitine karar verilmesini talep eden \u00c7etin, bu hususlar\u0131n ara\u015ft\u0131r\u0131lmak ve soru\u015fturulmak \u00fczere \u0130stanbul Cumhuriyet Savc\u0131l\u0131\u011f\u0131n\u0131n devam eden soru\u015fturma dosyas\u0131na eklenmesini istedi.<\/p>\n<p style=\"text-align: justify;\">Avukat \u00c7etin, Genelkurmay Ba\u015fkanl\u0131\u011f\u0131na yaz\u0131 yaz\u0131larak, istihbarat\u00e7\u0131 olarak g\u00f6rev yapan Erbay \u00c7olako\u011flu&#8217;nun 2006 y\u0131l\u0131nda Trabzon&#8217;da misyonerlik, Pontusculuk ve az\u0131nl\u0131klar konusunda y\u00fcr\u00fctt\u00fc\u011f\u00fc \u00e7al\u0131\u015fmalar\u0131n hangi kapsamda ve hangi g\u00f6rev tan\u0131m\u0131na ba\u011fl\u0131 olarak y\u00fcr\u00fct\u00fcld\u00fc\u011f\u00fcn\u00fcn ve M\u0130T M\u00fcste\u015farl\u0131\u011f\u0131na da san\u0131klar\u0131n ifadelerinde ad\u0131 ge\u00e7en \u0130hsan Kasap&#8217;\u0131n ge\u00e7mi\u015fte veya halen M\u0130T i\u00e7in \u00e7al\u0131\u015fan bir muhbir olup olmad\u0131\u011f\u0131n\u0131n, Dink cinayeti s\u0131ras\u0131nda g\u00f6revde olan M\u0130T Trabzon B\u00f6lge Ba\u015fkan\u0131&#8217;n\u0131n hangi tarihte ve hangi gerek\u00e7eyle g\u00f6revden al\u0131nd\u0131\u011f\u0131n\u0131n sorulmas\u0131n\u0131 da talep etti.<\/p>\n<p style=\"text-align: justify;\"><strong>A\u0130HM KARARININ UYGULANMASI VE DAVALARI B\u0130RLE\u015eT\u0130RME TALEPLER\u0130<\/strong><\/p>\n<p style=\"text-align: justify;\">Avukat Arzu Becerik de 14 Aral\u0131k 2010&#8217;da verilen ya\u015fam hakk\u0131n\u0131n ihlali ve cinayet \u00f6nleminin al\u0131nmamas\u0131 ile kamu g\u00f6revlilerine a\u00e7\u0131k sorumluluklar\u0131n atfedildi\u011fi A\u0130HM karar\u0131n\u0131n T\u00fcrkiye&#8217;nin itirazda bulunmamas\u0131 nedeniyle kesinle\u015fti\u011fini ve bu nedenle Avrupa Konseyi t\u00fcz\u00fc\u011f\u00fc, anayasan\u0131n 90. maddesi ve uluslararas\u0131 s\u00f6zle\u015fmeler gere\u011fi bu karar\u0131n uygulanmas\u0131 gerekti\u011fini s\u00f6yledi.<\/p>\n<p style=\"text-align: justify;\">Daha \u00f6nce kamu g\u00f6revlileriyle ilgili \u00e7ok defa ba\u015fvuruda bulunduklar\u0131n\u0131 ve her seferinde bu taleplerinin reddedildi\u011fini belirten Becerik, \u015fimdi ellerinde mahkeme karar\u0131 oldu\u011funu ve bu karara mahkemenin, siyasi iradenin ve gerekirse meclisin uymak zorunda oldu\u011funu savundu.<\/p>\n<p style=\"text-align: justify;\">Dink ailesinin avukatlar\u0131ndan Bahri Belen de s\u00f6z konusu A\u0130HM karar\u0131n\u0131n t\u00fcm san\u0131klar\u0131n tek davada yarg\u0131lanmas\u0131 gerekti\u011fine i\u015faret etti\u011fini ve bu tek dosyada yarg\u0131laman\u0131n da davan\u0131n ayd\u0131nlamas\u0131n\u0131 sa\u011flayaca\u011f\u0131n\u0131 belirterek, d\u00f6nemin Trabzon \u0130l Jandarma Alay Komutan\u0131 Ali \u00d6z ile ilgili Trabzon 2. Sulh Ceza Mahkemesi ve Trabzon 1. A\u011f\u0131r Ceza Mahkemesinde a\u00e7\u0131lan davalar\u0131n bu dava dosyas\u0131yla birle\u015ftirilmesini talep etti. Belen, b\u00f6ylece daha do\u011fru sonuca ula\u015f\u0131laca\u011f\u0131n\u0131 \u00f6ne s\u00fcrd\u00fc.<\/p>\n<p style=\"text-align: justify;\"><strong>TUNCEL&#8217;\u0130N AVUKATI<\/strong><\/p>\n<p style=\"text-align: justify;\">Tutuklu san\u0131klardan Erhan Tuncel&#8217;in avukat\u0131 Erdo\u011fan Soruklu ise m\u00fcdahil avukatlar\u0131n\u0131n davalar\u0131n birle\u015ftirilmesi ve soru\u015fturman\u0131n geni\u015fletilmesi talebinin kabul edilmesi gerekti\u011fini belirterek, b\u00f6ylece m\u00fcvekkili Erhan Tuncel&#8217;in su\u00e7suz oldu\u011funun ortaya \u00e7\u0131kaca\u011f\u0131n\u0131 savundu.<\/p>\n<p style=\"text-align: justify;\">Tuncel&#8217;in bas\u0131n y\u00f6nlendirmesi ve kamuoyu bask\u0131s\u0131 sonucu azmettirici olarak g\u00f6sterilmesi nedeniyle tutukland\u0131\u011f\u0131n\u0131, cinayetin i\u015flenmesinde rol\u00fc \u00e7ok daha \u00fcst\u00fcn olan di\u011fer san\u0131klar tahliye edilmesine ra\u011fmen Tuncel&#8217;in kamuoyu bask\u0131s\u0131 nedeniyle tahliye edilmedi\u011fini ve tutuklu olarak olarak 4 y\u0131l\u0131n\u0131 tamamlad\u0131\u011f\u0131n\u0131 belirten Soruklu, Tuncel&#8217;in tahliye edilmesini istedi.<\/p>\n<p style=\"text-align: justify;\">&#8221;Erhan Tuncel soru\u015fturmada ger\u00e7e\u011fin ortaya \u00e7\u0131kmas\u0131n\u0131n engellenmesi i\u00e7in se\u00e7ilmi\u015f bir kurband\u0131r&#8221; diyen Soruklu, cezaevinde can g\u00fcvenli\u011finden endi\u015felenen Tuncel&#8217;in tutukluluk ko\u015fullar\u0131n\u0131n d\u00fczeltilmesini talep etti. San\u0131k Erhan Tuncel de Mahkeme Ba\u015fkan\u0131 R\u00fcstem Ery\u0131lmaz&#8217;a y\u00f6nelik &#8221;G\u00f6reviniz hay\u0131rl\u0131 olsun&#8221; c\u00fcmlesiyle ba\u015flad\u0131\u011f\u0131 konu\u015fmas\u0131nda, avukat\u0131n\u0131n savunmas\u0131na kat\u0131ld\u0131\u011f\u0131n\u0131 ve avukat\u0131yla birlikte Devlet Denetleme Kurulu&#8217;yla ilgili dilek\u00e7eyi mahkemeye sunacaklar\u0131n\u0131 s\u00f6yledi. S\u00f6yleyecekleri sorulan tutuklu san\u0131k Yasin Hayal de talebi olmad\u0131\u011f\u0131n\u0131 kaydetti.<\/p>\n<p style=\"text-align: justify;\"><strong>MAHKEMEN\u0130N ARA KARARI<\/strong><\/p>\n<p style=\"text-align: justify;\">Taleplerle ilgili g\u00f6r\u00fc\u015f\u00fc sorulan Cumhuriyet Savc\u0131s\u0131 Mustafa \u00c7avu\u015fo\u011flu, Dink ailesi m\u00fcdahil avukatlar\u0131n\u0131n davalar\u0131n birle\u015ftirilmesi y\u00f6n\u00fcnde talepleriyle ilgili takdirin mahkemeye ait oldu\u011funu belirtti.<\/p>\n<p style=\"text-align: justify;\">Yeni soru\u015fturma a\u00e7\u0131lmas\u0131 y\u00f6n\u00fcnde taleplerle ilgili de g\u00f6r\u00fc\u015f\u00fcn\u00fc a\u00e7\u0131klayan ve Dink cinayetinde ihmali oldu\u011fu iddia edilen kamu g\u00f6revlileriyle ilgili 2010\/192 numarayla yeni soru\u015fturma dosyas\u0131 a\u00e7\u0131ld\u0131\u011f\u0131n\u0131 belirten \u00c7avu\u015fo\u011flu, kamu g\u00f6revlilerine ili\u015fkin bilgi ve belgelerin bu dosyada de\u011ferlendirilmesine karar verilmesini talep etti.<\/p>\n<p style=\"text-align: justify;\">Mahkeme heyeti, tutuklu san\u0131klar Erhan Tuncel ve Yasin Hayal&#8217;in ka\u00e7ma \u015f\u00fcphesinin devam etmesi, kuvvetli su\u00e7 \u015f\u00fcphesini g\u00f6steren olgu kriterinin mevcut dosyada devam etmesi ve koruma tedbirlerinin yeterli olmayaca\u011f\u0131 kan\u0131s\u0131 nedeniyle tutukluluk hallerinin devam\u0131na karar verdi.<\/p>\n<p style=\"text-align: justify;\">Heyet, Dink cinayetiyle ilgili olarak A\u0130HM&#8217;in verdi\u011fi karar\u0131n uygulanmas\u0131n\u0131n zorunlulu\u011fundan bahseden ve bir k\u0131s\u0131m kamu g\u00f6revlileri hakk\u0131nda Trabzon 2. Sulh Ceza Mahkemesi ile Trabzon 1. A\u011f\u0131r Ceza Mahkemesinde devam eden dava dosyalar\u0131n\u0131n bu dava dosyas\u0131yla birle\u015ftirilmesi taleplerini &#8221;dosyan\u0131n ge\u00e7irdi\u011fi safahat, geldi\u011fi a\u015fama, birle\u015ftirmenin dosyaya \u00f6nemli yenilik getirmeyece\u011fi, yarg\u0131laman\u0131n uzamas\u0131na sebebiyet verebilecek olmas\u0131 ve bir k\u0131s\u0131m g\u00f6revlilerle ilgili ba\u015flat\u0131lan soru\u015fturma da g\u00f6z \u00f6n\u00fcnde bulundurularak&#8221; reddine karar verdi.<\/p>\n<p style=\"text-align: justify;\">Hrant Dink soru\u015fturmas\u0131n\u0131n devam\u0131 niteli\u011finde bulunan \u0130stanbul Cumhuriyet Ba\u015fsavc\u0131l\u0131\u011f\u0131n\u0131n 2007\/972 ve 2007\/890 say\u0131l\u0131 soru\u015fturmalar\u0131n\u0131n geldi\u011fi a\u015famadan mahkemeye bilgi verilmesi i\u00e7in yaz\u0131 yaz\u0131lmas\u0131na h\u00fckmeden heyet, T\u00fcrkiye&#8217;ye giri\u015fi yasaklanan Yunanistan&#8217;daki tan\u0131k Mesut Kadri&#8217;nin dinlenilmesinden vazge\u00e7ilmesine h\u00fckmetti.<\/p>\n<p style=\"text-align: justify;\">Tutuklu san\u0131k Erhan Tuncel&#8217;in adliye nezarethanesinde bulundu\u011fu yerde b\u0131\u00e7ak bulunmas\u0131yla ilgili olarak cumhuriyet ba\u015fsavc\u0131l\u0131\u011f\u0131nca ne t\u00fcr i\u015flem yap\u0131ld\u0131\u011f\u0131n\u0131n sorulmas\u0131n\u0131 ve soru\u015fturman\u0131n geni\u015fletilmesi talebi olmad\u0131\u011f\u0131 takdirde esas hakk\u0131nda m\u00fctalaas\u0131n\u0131 yazmas\u0131 i\u00e7in dosyan\u0131n cumhuriyet savc\u0131s\u0131na g\u00f6nderilmesini kararla\u015ft\u0131ran mahkeme heyeti, duru\u015fmay\u0131 28 Mart 2011&#8217;e erteledi.<\/p>\n<p style=\"text-align: justify;\"><a href=\"http:\/\/www.gazeteport.com.tr\/GUNCEL\/NEWS\/GP_849378\" target=\"_blank\"><span style=\"color: #888888;\">Kaynak : GAZETEPORT<\/span><\/a><\/p>\n","protected":false},"excerpt":{"rendered":"<p style=\"text-align: center;\">\n<p style=\"text-align: justify;\">Dink ailesinin avukat\u0131 Fethiye \u00c7etin, A\u0130HM karar\u0131n\u0131n gere\u011fi olarak cinayette ihmali oldu\u011fu \u00f6ne s\u00fcr\u00fclen d\u00f6nemin \u0130stanbul Valisi Muammer G\u00fcler, Emniyet M\u00fcd\u00fcr\u00fc Celalettin Cerrah ve Trabzon Emniyet M\u00fcd\u00fcr\u00fc Razaman Aky\u00fcrek&#8217;in de aralar\u0131nda bulundu\u011fu yakla\u015f\u0131k 30 ki\u015fi hakk\u0131nda soru\u015fturma a\u00e7\u0131ld\u0131\u011f\u0131n\u0131 belirtti. <\/p>\n","protected":false},"author":1,"featured_media":0,"comment_status":"open","ping_status":"closed","sticky":false,"template":"","format":"standard","meta":{"footnotes":""},"categories":[105],"tags":[],"class_list":["post-27880","post","type-post","status-publish","format-standard","hentry","category-gundem","odd"],"_links":{"self":[{"href":"http:\/\/www.korhanyilmaz.com\/index.php?rest_route=\/wp\/v2\/posts\/27880","targetHints":{"allow":["GET"]}}],"collection":[{"href":"http:\/\/www.korhanyilmaz.com\/index.php?rest_route=\/wp\/v2\/posts"}],"about":[{"href":"http:\/\/www.korhanyilmaz.com\/index.php?rest_route=\/wp\/v2\/types\/post"}],"author":[{"embeddable":true,"href":"http:\/\/www.korhanyilmaz.com\/index.php?rest_route=\/wp\/v2\/users\/1"}],"replies":[{"embeddable":true,"href":"http:\/\/www.korhanyilmaz.com\/index.php?rest_route=%2Fwp%2Fv2%2Fcomments&post=27880"}],"version-history":[{"count":0,"href":"http:\/\/www.korhanyilmaz.com\/index.php?rest_route=\/wp\/v2\/posts\/27880\/revisions"}],"wp:attachment":[{"href":"http:\/\/www.korhanyilmaz.com\/index.php?rest_route=%2Fwp%2Fv2%2Fmedia&parent=27880"}],"wp:term":[{"taxonomy":"category","embeddable":true,"href":"http:\/\/www.korhanyilmaz.com\/index.php?rest_route=%2Fwp%2Fv2%2Fcategories&post=27880"},{"taxonomy":"post_tag","embeddable":true,"href":"http:\/\/www.korhanyilmaz.com\/index.php?rest_route=%2Fwp%2Fv2%2Ftags&post=27880"}],"curies":[{"name":"wp","href":"https:\/\/api.w.org\/{rel}","templated":true}]}}