{"id":27875,"date":"2011-02-07T18:40:25","date_gmt":"2011-02-07T16:40:25","guid":{"rendered":"http:\/\/www.korhanyilmaz.com\/?p=27875"},"modified":"2011-02-07T18:40:25","modified_gmt":"2011-02-07T16:40:25","slug":"sendikalardan-erdogana-one-minute","status":"publish","type":"post","link":"http:\/\/www.korhanyilmaz.com\/?p=27875","title":{"rendered":"Sendikalardan Erdo\u011fan&#8217;a &#8220;one minute&#8221;"},"content":{"rendered":"<p style=\"text-align: center;\"><a href=\"http:\/\/www.korhanyilmaz.com\/wp-content\/uploads\/2011\/02\/212.jpg\"  class=\"lightview\"><img loading=\"lazy\" decoding=\"async\" class=\"aligncenter size-full wp-image-27876\" src=\"http:\/\/www.korhanyilmaz.com\/wp-content\/uploads\/2011\/02\/212.jpg\" alt=\"\" width=\"414\" height=\"218\" \/><\/a><\/p>\n<p style=\"text-align: justify;\">KKTC&#8217;de Sendikal Platform&#8217;u temsilen bir gurup, Ba\u015fbakan Recep Tayyip Erdo\u011fan&#8217;\u0131n KKTC&#8217;yle ilgili son a\u00e7\u0131klamalar\u0131n\u0131 protesto etmek amac\u0131yla, Erdo\u011fan&#8217;a iletilmek \u00fczere haz\u0131rlad\u0131\u011f\u0131 mektubu, T\u00fcrkiye&#8217;nin Lefko\u015fa B\u00fcy\u00fckel\u00e7ili\u011fi yetkililerine vermek amac\u0131yla b\u00fcy\u00fckel\u00e7ilik binas\u0131na gitti. <!--more--><\/p>\n<p style=\"text-align: justify;\">Kamu-Sen&#8217;de Erdo\u011fan&#8217;\u0131 protesto etmek amac\u0131yla sendijka binas\u0131na &#8221;One minute Say\u0131n Erdo\u011fan&#8221; yaz\u0131l\u0131 pankart ast\u0131.<\/p>\n<p style=\"text-align: justify;\">LEFKO\u015eA- Sendikal Platform&#8217;u temsilen bir gurup, Ba\u015fbakan Recep Tayyip Erdo\u011fan&#8217;\u0131n KKTC&#8217;yle ilgili son a\u00e7\u0131klamalar\u0131n\u0131 protesto etmek amac\u0131yla, Erdo\u011fan&#8217;a iletilmek \u00fczere haz\u0131rlad\u0131\u011f\u0131 mektubu, T\u00fcrkiye&#8217;nin Lefko\u015fa B\u00fcy\u00fckel\u00e7ili\u011fi yetkililerine vermek amac\u0131yla b\u00fcy\u00fckel\u00e7ilik binas\u0131na gitti.<\/p>\n<p style=\"text-align: justify;\">Polis, Sendikal Platform temsilcilerinin daha \u00f6nce yapacaklar\u0131n\u0131 a\u00e7\u0131klad\u0131klar\u0131 eylem dolay\u0131s\u0131yla, B\u00fcy\u00fckel\u00e7ilik \u00f6n\u00fcnde geni\u015f g\u00fcvenlik \u00f6nlemleri ald\u0131. Sendikac\u0131lar, B\u00fcy\u00fckel\u00e7ilik yak\u0131nlar\u0131nda sadece mektup ileteceklerini ve eylem yapmayacaklar\u0131n\u0131 s\u00f6ylediler. Polisin sendikac\u0131lara B\u00fcy\u00fckel\u00e7ili\u011fe giri\u015f izni vermemesi \u00fczerine, sendikac\u0131lar Ba\u015fbakan\u0131 Erdo\u011fan&#8217;a g\u00f6nderilmek \u00fczere haz\u0131rlanan mektubu el\u00e7ilikten bir yetkilinin gelip almas\u0131n\u0131 istedi. Platform temsilcileri, bu isteklerine yan\u0131t alamad\u0131klar\u0131n\u0131, dolay\u0131s\u0131yla mektubu iletemediklerini belirtti.<\/p>\n<p style=\"text-align: justify;\">K\u0131br\u0131s T\u00fcrk \u00d6\u011fretmenler Sendikas\u0131 (KT\u00d6S) Genel Sekreteri \u015eener Elcil, burada yapt\u0131\u011f\u0131 a\u00e7\u0131klamada, B\u00fcy\u00fckel\u00e7ilik&#8217;ten, &#8221;mektubu postayla g\u00f6ndermeleri&#8221; cevab\u0131 ald\u0131klar\u0131n\u0131 iddia etti. Elcil, yap\u0131lan mitingin, &#8221;a\u00e7\u0131lan pankart i\u015fine \u00e7ekilmesinin ve Rumlardan para al\u0131nd\u0131\u011f\u0131 s\u00f6ylemlerinin yap\u0131lmas\u0131n\u0131n art niyetli oldu\u011funu&#8221; savundu.<\/p>\n<p style=\"text-align: justify;\">\u015eener Elcil, &#8220;emir komuta ili\u015fkisine&#8221; kar\u015f\u0131 olduklar\u0131n\u0131 belirterek, K\u0131br\u0131s konusunda g\u00f6r\u00fc\u015fmek i\u00e7inse Cumhurba\u015fkan\u0131 Dervi\u015f Ero\u011flu&#8217;ndan randevu istediklerini, ancak hen\u00fcz alamad\u0131klar\u0131n\u0131, K\u0131br\u0131s Rum y\u00f6netimi lideri Dimitris Hristofyas&#8217;\u0131n ise randevu verdi\u011fini ve g\u00f6r\u00fc\u015ft\u00fcklerini bildirdi.<\/p>\n<p style=\"text-align: justify;\">Elcil, g\u00f6r\u00fc\u015fmelerin i\u00e7eri\u011fini Cumhurba\u015fkan\u0131 Ero\u011flu ile de g\u00f6r\u00fc\u015ft\u00fckten sonra a\u00e7\u0131klamay\u0131 uygun bulduklar\u0131n\u0131 dile getirdi.<\/p>\n<p style=\"text-align: justify;\">K\u0131br\u0131s T\u00fcrk Amme Memurlar\u0131 Sendikas\u0131 (KTAMS) Ba\u015fkan\u0131 Ahmet Kaptan, &#8221;\u00f6nceden yapt\u0131klar\u0131 g\u00f6r\u00fc\u015fmelerde, bug\u00fcn B\u00fcy\u00fckel\u00e7ilik \u00f6n\u00fcnde herhangi bir eylem yapmayacaklar\u0131n\u0131, sadece Ba\u015fbakan Erdo\u011fan&#8217;a bir mektup ileteceklerini s\u00f6ylemelerine ra\u011fmen b\u00f6lgeye \u00e7ok say\u0131da polisin getirilmesini&#8221; ele\u015ftirdi.<\/p>\n<p style=\"text-align: justify;\">&#8221;K\u0131br\u0131s T\u00fcrk halk\u0131n\u0131n sendikalar \u00fczerinden d\u00f6v\u00fclmeye \u00e7al\u0131\u015f\u0131ld\u0131\u011f\u0131n\u0131&#8221; iddia eden Kaptan, &#8221;buna izin vermeyeceklerini&#8221; s\u00f6yledi.<\/p>\n<p style=\"text-align: justify;\">Dev-\u0130\u015f Genel Ba\u015fkan\u0131 Mehmet Seyis de, mektup vermek i\u00e7in geldiklerini  belirterek, B\u00fcy\u00fckel\u00e7ilik ve Meclis \u00f6n\u00fcnde bulunan polislere tepki g\u00f6sterdi. Seyis, &#8221;eylem yapmad\u0131klar\u0131 halde b\u00f6lgeye bu kadar \u00e7ok polis getirilmesini, saatlerce ayakta bekletilmelerini ve trafi\u011fin kesilmesini&#8221; ele\u015ftirdi.<\/p>\n<p style=\"text-align: justify;\">G\u00fcmr\u00fck \u00c7al\u0131\u015fanlar\u0131 Sendikas\u0131 (G\u00fc\u00e7-Sen) Ba\u015fkan\u0131 Memduh \u00c7eto da, \u00e7al\u0131\u015fanlar\u0131n ve kendilerinin, ald\u0131\u011f\u0131 paray\u0131 \u00e7al\u0131\u015farak hak etti\u011fini belirterek, &#8221;herkesin paras\u0131n\u0131 istedi\u011fi gibi \u00e7at\u0131r \u00e7at\u0131r yiyebilece\u011fini&#8221; kaydetti.<\/p>\n<p style=\"text-align: justify;\">Sendikal Platform \u00fcyeleri, yap\u0131lan konu\u015fmalar\u0131n ard\u0131ndan, Ba\u015fbakan Recep Tayyip Erdo\u011fan&#8217;a yazd\u0131klar\u0131 mektubu bas\u0131na a\u00e7\u0131klad\u0131.<\/p>\n<p style=\"text-align: justify;\">Sendikalar\u0131n B\u00fcy\u00fckel\u00e7ilik \u00f6n\u00fcne gidi\u015fini Rum bas\u0131n\u0131 da izleyerek, sendikac\u0131larla r\u00f6portajlar yapt\u0131.<\/p>\n<p style=\"text-align: justify;\"><strong>KAMU-SEN&#8217;DEN PANKARTLI PROTESTO<\/strong><\/p>\n<p style=\"text-align: justify;\">KKTC Kamu \u00c7al\u0131\u015fanlar\u0131 Sendikas\u0131 da (Kamu-Sen), Ba\u015fbakan Erdo\u011fan&#8217;\u0131n   a\u00e7\u0131klamalar\u0131n\u0131 protesto etmek amac\u0131yla sendika genel merkez binas\u0131na &#8221;One minute Say\u0131n Erdo\u011fan&#8221; yaz\u0131l\u0131 pankart asarak, bas\u0131n a\u00e7\u0131klamas\u0131 yapt\u0131.<\/p>\n<p style=\"text-align: justify;\">Kamu-Sen Genel Ba\u015fkan\u0131 Mehmet \u00d6zkarda\u015f, okudu\u011fu bas\u0131n bildirisinde, &#8221;AK Parti taraf\u0131ndan bize dayat\u0131lan ve uygulanmas\u0131yla, bizi yoksulla\u015ft\u0131racak, i\u015fsiz b\u0131rakarak g\u00f6\u00e7e zorlayacak dayatma paketlerini reddediyoruz&#8221; dedi.<\/p>\n<p style=\"text-align: justify;\">&#8221;Miting meydan\u0131nda a\u00e7\u0131lan ve alt\u0131nda a\u00e7anlar\u0131n isminin de bulundu\u011fu pankartlar\u0131 platform ve halka mal etmek isteyenlerin, mitinge g\u00f6lge d\u00fc\u015f\u00fcrmek isteyenler oldu\u011funu&#8221; kaydeden \u00d6zkarda\u015f a\u00e7\u0131klamas\u0131nda \u015f\u00f6yle dedi:<\/p>\n<p style=\"text-align: justify;\">&#8221;Kim ne yaparsa yaps\u0131n, bask\u0131lar kimden ve nereden gelirse gelsin, kimli\u011fimizin ve varl\u0131\u011f\u0131m\u0131z\u0131n s\u00fcrd\u00fcr\u00fclmesi m\u00fccadelesinden asla geri ad\u0131m atmayaca\u011f\u0131z. Bu ba\u011flamda mitingde a\u00e7\u0131lan birka\u00e7 pankart\u0131n arkas\u0131na saklanarak bizleri T\u00fcrkiye kar\u015f\u0131t\u0131 gibi g\u00f6stermek isteyenlere ve &#8216;besleme&#8217; diyenlere de &#8216;one minute&#8217; diyoruz&#8217; dedi.<\/p>\n<p style=\"text-align: justify;\">\u00d6te yandan KKTC&#8217;de Sendikal Platform&#8217;un, h\u00fck\u00fcmetin ald\u0131\u011f\u0131 ekonomik tedbirlere kar\u015f\u0131 ba\u015flatt\u0131\u011f\u0131 s\u00fcresiz grev ve eylemler, geni\u015fletilerek devam ediyor.<\/p>\n<p style=\"text-align: justify;\">Platformun kararlar\u0131 do\u011frultusunda halen Lefko\u015fa&#8217;da Tapu Dairesi, Mahkemeler ve N\u00fcfus Kay\u0131t Dairesi&#8217;nde devam eden s\u00fcresiz greve bug\u00fcn Girne ve Gazima\u011fusa&#8217;daki mahkemeler de eklendi.<\/p>\n<p style=\"text-align: justify;\">Sendikalar\u0131n, Girne ve Gazima\u011fusa limanlar\u0131nda mesai saatleri d\u0131\u015f\u0131nda hizmet verilmemesi eylemi de devam ediyor.<\/p>\n<p style=\"text-align: justify;\"><a href=\"http:\/\/www.gazeteport.com.tr\/DUNYA\/NEWS\/GP_849546\" target=\"_blank\"><span style=\"color: #888888;\">Kaynak : GAZETEPORT<\/span><\/a><\/p>\n","protected":false},"excerpt":{"rendered":"<p style=\"text-align: center;\">\n<p style=\"text-align: justify;\">KKTC&#8217;de Sendikal Platform&#8217;u temsilen bir gurup, Ba\u015fbakan Recep Tayyip Erdo\u011fan&#8217;\u0131n KKTC&#8217;yle ilgili son a\u00e7\u0131klamalar\u0131n\u0131 protesto etmek amac\u0131yla, Erdo\u011fan&#8217;a iletilmek \u00fczere haz\u0131rlad\u0131\u011f\u0131 mektubu, T\u00fcrkiye&#8217;nin Lefko\u015fa B\u00fcy\u00fckel\u00e7ili\u011fi yetkililerine vermek amac\u0131yla b\u00fcy\u00fckel\u00e7ilik binas\u0131na gitti. <\/p>\n","protected":false},"author":1,"featured_media":0,"comment_status":"open","ping_status":"closed","sticky":false,"template":"","format":"standard","meta":{"footnotes":""},"categories":[105],"tags":[],"class_list":["post-27875","post","type-post","status-publish","format-standard","hentry","category-gundem","odd"],"_links":{"self":[{"href":"http:\/\/www.korhanyilmaz.com\/index.php?rest_route=\/wp\/v2\/posts\/27875","targetHints":{"allow":["GET"]}}],"collection":[{"href":"http:\/\/www.korhanyilmaz.com\/index.php?rest_route=\/wp\/v2\/posts"}],"about":[{"href":"http:\/\/www.korhanyilmaz.com\/index.php?rest_route=\/wp\/v2\/types\/post"}],"author":[{"embeddable":true,"href":"http:\/\/www.korhanyilmaz.com\/index.php?rest_route=\/wp\/v2\/users\/1"}],"replies":[{"embeddable":true,"href":"http:\/\/www.korhanyilmaz.com\/index.php?rest_route=%2Fwp%2Fv2%2Fcomments&post=27875"}],"version-history":[{"count":0,"href":"http:\/\/www.korhanyilmaz.com\/index.php?rest_route=\/wp\/v2\/posts\/27875\/revisions"}],"wp:attachment":[{"href":"http:\/\/www.korhanyilmaz.com\/index.php?rest_route=%2Fwp%2Fv2%2Fmedia&parent=27875"}],"wp:term":[{"taxonomy":"category","embeddable":true,"href":"http:\/\/www.korhanyilmaz.com\/index.php?rest_route=%2Fwp%2Fv2%2Fcategories&post=27875"},{"taxonomy":"post_tag","embeddable":true,"href":"http:\/\/www.korhanyilmaz.com\/index.php?rest_route=%2Fwp%2Fv2%2Ftags&post=27875"}],"curies":[{"name":"wp","href":"https:\/\/api.w.org\/{rel}","templated":true}]}}