{"id":27871,"date":"2011-02-07T12:20:48","date_gmt":"2011-02-07T10:20:48","guid":{"rendered":"http:\/\/www.korhanyilmaz.com\/?p=27871"},"modified":"2011-02-07T12:20:48","modified_gmt":"2011-02-07T10:20:48","slug":"o-dernegin-2-numarali-ismi-gozaltinda","status":"publish","type":"post","link":"http:\/\/www.korhanyilmaz.com\/?p=27871","title":{"rendered":"O derne\u011fin 2 numaral\u0131 ismi g\u00f6zalt\u0131nda"},"content":{"rendered":"<p style=\"text-align: center;\"><a href=\"http:\/\/www.korhanyilmaz.com\/wp-content\/uploads\/2011\/02\/211.jpg\"  class=\"lightview\"><img loading=\"lazy\" decoding=\"async\" class=\"aligncenter size-full wp-image-27872\" src=\"http:\/\/www.korhanyilmaz.com\/wp-content\/uploads\/2011\/02\/211.jpg\" alt=\"\" width=\"414\" height=\"219\" \/><\/a><\/p>\n<p style=\"text-align: justify;\">Aralar\u0131nda ter\u00f6r \u00f6rg\u00fct\u00fc Hizbullah san\u0131klar\u0131ndan Cemal Tutar&#8217;\u0131n karde\u015fi \u0130rfan Tutar, Edip G\u00fcm\u00fc\u015f&#8217;\u00fcn eni\u015ftesi Halef Y\u0131lmaz ve CHP lideri K\u0131l\u0131\u00e7daro\u011flu&#8217;nun AK Parti-Hizbullah ili\u015fkisine kan\u0131t olarak g\u00f6sterdi\u011fi Mustazaf-Der Genel Ba\u015fkan Yard\u0131mc\u0131s\u0131 Alaattin Tonka&#8217;n\u0131n da aralar\u0131nda bulundu\u011fu24&#8217;ten fazla ki\u015fi g\u00f6zalt\u0131na al\u0131nd\u0131.<!--more--><\/p>\n<p style=\"text-align: justify;\">\u0130STANBUL- Mustazaf-Der Genel Ba\u015fkan\u0131 H\u00fcseyin Y\u0131lmaz, yapt\u0131\u011f\u0131 a\u00e7\u0131klamada, Ankara, Diyarbak\u0131r, Mardin, Batman, Bitlis ve \u015eanl\u0131urfa&#8217;da Mustazaf-Der ve Peygamber Sevdal\u0131lar\u0131 Platformuna \u00fcye sivil toplum kurulu\u015flar\u0131na e\u015f zamanl\u0131 operasyonlar d\u00fczenlendi\u011fini s\u00f6yledi.<\/p>\n<p style=\"text-align: justify;\">Operasyonlarda, CMK&#8217;n\u0131n 102. maddesi kapsam\u0131nda tahliye edilen Cemal Tutar&#8217;\u0131n Ankara&#8217;da ikamet eden karde\u015fi \u0130rfan Tutar&#8217;\u0131n da g\u00f6zalt\u0131na al\u0131narak Diyarbak\u0131r&#8217;a getirildi\u011fini ifade eden Y\u0131lmaz, \u015f\u00f6yle konu\u015ftu: &#8221;\u015eu ana kadar ald\u0131\u011f\u0131m\u0131z bilgilere g\u00f6re, Edip G\u00fcm\u00fc\u015f&#8217;\u00fcn eni\u015ftesi Halef Y\u0131lmaz, Mustazaf-Der Genel Ba\u015fkan Yard\u0131mc\u0131s\u0131 Alaattin Tonka ve Peygamber Sevdal\u0131lar\u0131 Platformuna \u00fcye derneklerin ba\u015fkan y\u00f6netici ve \u00fcyelerinin de aralar\u0131nda bulundu\u011fu 24&#8217;\u00fcn \u00fczerinde ki\u015fi g\u00f6zalt\u0131na al\u0131nd\u0131.<\/p>\n<p style=\"text-align: justify;\">Bu ki\u015filerin g\u00f6zalt\u0131na al\u0131nmas\u0131n\u0131n amac\u0131, Kutlu Do\u011fum Haftas\u0131 \u00f6ncesi \u00e7al\u0131\u015fmalar\u0131n engellenmesi, akredite olan baz\u0131 sivil toplum kurulu\u015flar\u0131n\u0131n \u00f6n\u00fcn\u00fcn a\u00e7\u0131lmas\u0131 ve di\u011fer sivil toplum kurulu\u015flar\u0131n\u0131n \u00e7al\u0131\u015fmalar\u0131n\u0131n engellenmesi, halk nezdinde onlara olan tevecc\u00fch\u00fcn k\u0131r\u0131lmas\u0131d\u0131r.<\/p>\n<p style=\"text-align: justify;\">Bunu, bizim gibi sivil toplum kurulu\u015flar\u0131n\u0131 ter\u00f6rist gibi g\u00f6sterme \u00e7abalar\u0131 olarak g\u00f6r\u00fcyoruz. G\u00f6zalt\u0131na al\u0131nma gerek\u00e7eleri aras\u0131nda \u00f6rg\u00fct\u00fcn amac\u0131 do\u011frultusunda \u00e7al\u0131\u015fmalar yapmak, telefon dinlemeleri, hatta Mavi Marmara gemisine yap\u0131lan sald\u0131r\u0131y\u0131 k\u0131nama mitingleri bile var. Derneklerimiz bir komployla kar\u015f\u0131 kar\u015f\u0131ya. Komplolar d\u00fczenlenmezse cevab\u0131n\u0131 veremeyece\u011fimiz soru yok.&#8221;<\/p>\n<p style=\"text-align: justify;\"><strong>\u015eANLIURFA&#8217;DA 5 G\u00d6ZALTI<\/strong><\/p>\n<p style=\"text-align: justify;\">Al\u0131nan bilgiye g\u00f6re, \u015eanl\u0131urfa Emniyet M\u00fcd\u00fcrl\u00fc\u011f\u00fc Ter\u00f6rle M\u00fccadele \u015eubesi ekiplerince y\u00fcr\u00fct\u00fclen soru\u015fturma kapsam\u0131nda, ter\u00f6r \u00f6rg\u00fct\u00fc Hizbullah \u00fcyesi oldu\u011fu iddia edilen ki\u015filere y\u00f6nelik olarak kent merkezi ve il\u00e7elerde operasyon d\u00fczenlendi. Kent merkezindeki Ha\u015fimiye Meydan\u0131&#8217;nda bir i\u015f yerinde S.A. ile Siverek il\u00e7esinde \u0130kra Sosyal Yard\u0131mla\u015fma ve Dayan\u0131\u015fma Derne\u011fi (\u0130kra-Der) Ba\u015fkan\u0131 M\u00fchiddin Akay evinde g\u00f6zalt\u0131na al\u0131nd\u0131. M.A, M.S. ve N.E&#8217;nin de farkl\u0131 yerlerde g\u00f6zalt\u0131na al\u0131nd\u0131\u011f\u0131 \u00f6\u011frenildi.<\/p>\n<p style=\"text-align: justify;\"><strong>BATMAN&#8217;DA 4 K\u0130\u015e\u0130 G\u00d6ZALTINA ALINDI<\/strong><\/p>\n<p style=\"text-align: justify;\">Batman Emniyet M\u00fcd\u00fcrl\u00fc\u011f\u00fc Ter\u00f6rle M\u00fccadele \u015eube M\u00fcd\u00fcrl\u00fc\u011f\u00fc ekipleri, kent merkezinde operasyon d\u00fczenlendi.  Operasyonda, aralar\u0131nda daha \u00f6nce ter\u00f6r \u00f6rg\u00fct\u00fc Hizbullah davas\u0131nda yarg\u0131land\u0131\u011f\u0131 belirtilen 2 ki\u015finin de bulundu\u011fu 4 ki\u015fi g\u00f6zalt\u0131na al\u0131nd\u0131.<\/p>\n<p style=\"text-align: justify;\"><strong>KOCAEL\u0130&#8217;DE 15 K\u0130\u015e\u0130 G\u00d6Z ALTINA ALINDI<\/strong><\/p>\n<p style=\"text-align: justify;\">Kocaeli Emniyet M\u00fcd\u00fcrl\u00fc\u011f\u00fc Ter\u00f6rle M\u00fccadele \u015eube ekiplerince yap\u0131lan istihbarat \u00e7al\u0131\u015fmalar\u0131nda ter\u00f6r \u00f6rg\u00fct\u00fc Hizbullah \u00fcyesi oldu\u011fu \u00f6ne s\u00fcr\u00fclen baz\u0131 ki\u015filer tespit edildi.<\/p>\n<p style=\"text-align: justify;\">Yakla\u015f\u0131k 1 y\u0131l devam eden teknik ve fiziki takibin ard\u0131ndan \u00c7ay\u0131rova, Dar\u0131ca, \u0130zmit ve Ba\u015fiskele&#8217;de \u00e7ok say\u0131da adrese ger\u00e7ekle\u015ftirilen e\u015f zamanl\u0131 operasyonda T.\u00d6, S.A, \u00dc.K, A.Y, M.\u00d6, C.K, A.Y, E.I, F.I, I.K, D.T, A.O, M.P, H.O. ve F.B. g\u00f6zalt\u0131na al\u0131nd\u0131. Ev ve i\u015f yerlerinde yap\u0131lan aramada, 1 pompal\u0131 t\u00fcfek, 1 kurus\u0131k\u0131 tabanca ile \u00e7ok say\u0131da \u00f6rg\u00fctsel dok\u00fcman ele ge\u00e7irildi.<\/p>\n<p style=\"text-align: justify;\">Zanl\u0131lar\u0131n Ceza Muhakemesi Kanunu&#8217;nun (CMK) 102. maddesi uyar\u0131nca tahliye edilen ter\u00f6r \u00f6rg\u00fct\u00fc Hizbullah&#8217;\u0131n \u00fcst d\u00fczey sorumlular\u0131n\u0131 cezaevi \u00e7\u0131k\u0131\u015f\u0131nda co\u015fkuyla kar\u015f\u0131layanlar aras\u0131nda olduklar\u0131 \u00f6\u011frenildi.<\/p>\n<p style=\"text-align: justify;\"><a href=\"http:\/\/www.gazeteport.com.tr\/GUNCEL\/NEWS\/GP_849350\" target=\"_blank\"><span style=\"color: #888888;\">Kaynak : GAZETEPORT<\/span><\/a><\/p>\n","protected":false},"excerpt":{"rendered":"<p style=\"text-align: center;\">\n<p style=\"text-align: justify;\">Aralar\u0131nda ter\u00f6r \u00f6rg\u00fct\u00fc Hizbullah san\u0131klar\u0131ndan Cemal Tutar&#8217;\u0131n karde\u015fi \u0130rfan Tutar, Edip G\u00fcm\u00fc\u015f&#8217;\u00fcn eni\u015ftesi Halef Y\u0131lmaz ve CHP lideri K\u0131l\u0131\u00e7daro\u011flu&#8217;nun AK Parti-Hizbullah ili\u015fkisine kan\u0131t olarak g\u00f6sterdi\u011fi Mustazaf-Der Genel Ba\u015fkan Yard\u0131mc\u0131s\u0131 Alaattin Tonka&#8217;n\u0131n da aralar\u0131nda bulundu\u011fu24&#8217;ten fazla ki\u015fi g\u00f6zalt\u0131na al\u0131nd\u0131.<\/p>\n","protected":false},"author":1,"featured_media":0,"comment_status":"open","ping_status":"closed","sticky":false,"template":"","format":"standard","meta":{"footnotes":""},"categories":[105],"tags":[],"class_list":["post-27871","post","type-post","status-publish","format-standard","hentry","category-gundem","odd"],"_links":{"self":[{"href":"http:\/\/www.korhanyilmaz.com\/index.php?rest_route=\/wp\/v2\/posts\/27871","targetHints":{"allow":["GET"]}}],"collection":[{"href":"http:\/\/www.korhanyilmaz.com\/index.php?rest_route=\/wp\/v2\/posts"}],"about":[{"href":"http:\/\/www.korhanyilmaz.com\/index.php?rest_route=\/wp\/v2\/types\/post"}],"author":[{"embeddable":true,"href":"http:\/\/www.korhanyilmaz.com\/index.php?rest_route=\/wp\/v2\/users\/1"}],"replies":[{"embeddable":true,"href":"http:\/\/www.korhanyilmaz.com\/index.php?rest_route=%2Fwp%2Fv2%2Fcomments&post=27871"}],"version-history":[{"count":0,"href":"http:\/\/www.korhanyilmaz.com\/index.php?rest_route=\/wp\/v2\/posts\/27871\/revisions"}],"wp:attachment":[{"href":"http:\/\/www.korhanyilmaz.com\/index.php?rest_route=%2Fwp%2Fv2%2Fmedia&parent=27871"}],"wp:term":[{"taxonomy":"category","embeddable":true,"href":"http:\/\/www.korhanyilmaz.com\/index.php?rest_route=%2Fwp%2Fv2%2Fcategories&post=27871"},{"taxonomy":"post_tag","embeddable":true,"href":"http:\/\/www.korhanyilmaz.com\/index.php?rest_route=%2Fwp%2Fv2%2Ftags&post=27871"}],"curies":[{"name":"wp","href":"https:\/\/api.w.org\/{rel}","templated":true}]}}