{"id":27867,"date":"2011-02-07T12:11:37","date_gmt":"2011-02-07T10:11:37","guid":{"rendered":"http:\/\/www.korhanyilmaz.com\/?p=27867"},"modified":"2011-02-07T12:11:37","modified_gmt":"2011-02-07T10:11:37","slug":"polemige-tsk-el-koydu","status":"publish","type":"post","link":"http:\/\/www.korhanyilmaz.com\/?p=27867","title":{"rendered":"Polemi\u011fe TSK el koydu"},"content":{"rendered":"<p style=\"text-align: center;\"><a href=\"http:\/\/www.korhanyilmaz.com\/wp-content\/uploads\/2011\/02\/210.jpg\"  class=\"lightview\"><img loading=\"lazy\" decoding=\"async\" class=\"aligncenter size-full wp-image-27868\" src=\"http:\/\/www.korhanyilmaz.com\/wp-content\/uploads\/2011\/02\/210.jpg\" alt=\"\" width=\"430\" height=\"200\" \/><\/a><\/p>\n<p style=\"text-align: justify;\"><strong>AK Partili \u00d6mer \u00c7elik:<\/strong> T\u00fcrkiye&#8217;de 28 \u015eubat ve 27 Nisan ba\u015far\u0131l\u0131 olsayd\u0131, as\u0131l o zaman M\u0131s\u0131r&#8217;daki y\u00fcr\u00fcy\u00fc\u015fler burada olurdu.<\/p>\n<p style=\"text-align: justify;\"><strong>CHP&#8217;li S\u00fcheyl Batum: <\/strong>Koca askeri y\u0131kt\u0131lar. Me\u011fer ka\u011f\u0131ttan kaplanm\u0131\u015flar, biz onlar\u0131 asker zannettik. ABD i\u00e7ini oymu\u015f. Ancak CHP&#8217;yi y\u0131kamad\u0131lar.<\/p>\n<p style=\"text-align: justify;\"><strong>AK Partili Bekir Bozda\u011f:<\/strong> Asker darbe yapsayd\u0131, demokrasiye m\u00fcdahale etseydi, CHP&#8217;ye g\u00f6re kahraman olacakt\u0131. Milletin iradesine sayg\u0131 duyunca ka\u011f\u0131ttan kaplan oldu, ABD i\u00e7ini bo\u015faltm\u0131\u015f oldu. Bu TSK&#8217;ya yap\u0131lm\u0131\u015f en b\u00fcy\u00fck hakarettir. CHP zihniyeti, darbe yapmayan askeri sevmez.<\/p>\n<p style=\"text-align: justify;\"><strong>AK Partili B\u00fclent Ar\u0131n\u00e7:<\/strong> Batum&#8217;un s\u00f6zleri TSK&#8217;ya do\u011frudan hakarettir. Batum, asker, sivil hayata ve sivil iktidara m\u00fcdahale etmedi\u011fi i\u00e7in askere &#8216;Ka\u011f\u0131t Kaplan&#8217; diyor. <!--more--><\/p>\n<p style=\"text-align: justify;\">CHP&#8217;li Batum ile AK Partili Bozda\u011f, \u00c7elik ve Ar\u0131n\u00e7 aras\u0131ndaki asker polemi\u011fine, TSK sert bir a\u00e7\u0131klama yaparak nokta koydu. Genelkurmay Ba\u015fkan\u0131 Ko\u015faner, CHP Genel Ba\u015fkan\u0131 K\u0131l\u0131\u00e7daro\u011flu&#8217;nu ziyaret etti.<\/p>\n<p style=\"text-align: justify;\">Ziyarette bulunan S\u00fcheyl Batum ise TSK&#8217;n\u0131n \u00e7\u0131k\u0131\u015f\u0131na yan\u0131t verdi.<\/p>\n<p style=\"text-align: justify;\">ANKARA &#8211; Genelkurmay Ba\u015fkanl\u0131\u011f\u0131, her vesileyle T\u00fcrk Silahl\u0131 Kuvvetlerinin siyaset d\u0131\u015f\u0131nda kalmas\u0131 gerekti\u011fini savunan siyasilerin, T\u00fcrk Silahl\u0131 Kuvvetlerini g\u00fcnl\u00fck siyasi tart\u0131\u015fmalar\u0131n i\u00e7erisine \u00e7ekme gayretlerinin \u00fcz\u00fcnt\u00fcyle izlendi\u011fini bildirdi.<\/p>\n<p style=\"text-align: justify;\">Genelkurmay Ba\u015fkanl\u0131\u011f\u0131 internet sitesinde yap\u0131lan a\u00e7\u0131klamada, 6 \u015eubat 2011 tarihli baz\u0131 bas\u0131n yay\u0131n organlar\u0131nda, iki b\u00fcy\u00fck siyasi partiye mensup ve y\u00f6netici konumundaki bir k\u0131s\u0131m siyasilerin T\u00fcrk Silahl\u0131 Kuvvetleri hakk\u0131nda baz\u0131 de\u011ferlendirmelerinin yer ald\u0131\u011f\u0131 an\u0131msat\u0131ld\u0131.<\/p>\n<p style=\"text-align: justify;\">A\u00e7\u0131klamada, \u015f\u00f6yle denildi: &#8221;Her vesileyle T\u00fcrk Silahl\u0131 Kuvvetlerinin siyaset d\u0131\u015f\u0131nda kalmas\u0131 gerekti\u011fini savunan bu siyasilerin, T\u00fcrk Silahl\u0131 Kuvvetlerini g\u00fcnl\u00fck siyasi tart\u0131\u015fmalar\u0131n i\u00e7erisine \u00e7ekme gayretleri \u00fcz\u00fcnt\u00fcyle izlenmektedir.<\/p>\n<p style=\"text-align: justify;\">\u00c7evremizde sonu belli olmayan istikrars\u0131zl\u0131klar\u0131n yo\u011funla\u015ft\u0131\u011f\u0131 bir d\u00f6nemde, sadece g\u00fcvenlik alan\u0131ndaki g\u00f6revlerini en iyi \u015fekilde yerine getirme gayreti i\u00e7inde olan T\u00fcrk Silahl\u0131 Kuvvetlerinin siyasi tart\u0131\u015fmalara konu edilmesi, ne \u00fclkemize ne de herhangi bir siyasi g\u00f6r\u00fc\u015fe fayda sa\u011flayacakt\u0131r.<\/p>\n<p style=\"text-align: justify;\">Kendi g\u00f6r\u00fc\u015fleri do\u011frultusunda kamuoyu olu\u015fturmak isteyen siyasilerin, T\u00fcrk Silahl\u0131 Kuvvetleriyle ilgili s\u00f6ylemlerinde daha \u00f6zenli olmalar\u0131 ve asker \u00fczerinden siyaset yapmamalar\u0131 beklenmektedir.&#8221;<\/p>\n<p style=\"text-align: justify;\"><strong>POLEM\u0130K B\u00d6YLE BA\u015eLAMI\u015eTI<\/strong><\/p>\n<p style=\"text-align: justify;\">AKP Genel Ba\u015fkan Yard\u0131mc\u0131s\u0131 \u00d6mer \u00c7elik (Adana Kozan, AKP DAn\u0131\u015fma Meclisi toplant\u0131s\u0131): Ge\u00e7mi\u015fte MGK&#8217;da acaba bu ay ne \u00e7\u0131kacak diye kara kara d\u00fc\u015f\u00fcn\u00fcl\u00fcrd\u00fc. Ke\u015fke Ak Parti daha \u00f6nce iktidara gelseydi, T\u00fcrkiye demokrasi g\u00f6mlei\u011fini, daha \u00f6nce giymi\u015f olacakt\u0131. 2002 \u00f6ncesinde T\u00fcrkiye&#8217;deki uygulama M\u0131s\u0131r&#8217;dan ve Tunus&#8217;tan farks\u0131zd\u0131.<\/p>\n<p style=\"text-align: justify;\">T\u00fcrkiye&#8217;de 28 \u015eubat ve 27 Nisan ba\u015far\u0131l\u0131 olsayd\u0131, as\u0131l o zaman M\u0131s\u0131r&#8217;daki y\u00fcr\u00fcy\u00fc\u015fler burada olurdu. 28 \u015eubat s\u00fcreci ba\u015far\u0131l\u0131 olsayd\u0131, tasfiye edilmeseydi, kendi kafas\u0131na g\u00f6re bir dikta rejimi kursayd\u0131, 27 Nisan&#8217;da verilen muht\u0131raya kar\u015f\u0131 ba\u015fbakan\u0131m\u0131z, h\u00fck\u00fcmetimiz ve partimiz dik turmasayd\u0131, 27 Nisan muht\u0131ras\u0131yla var\u0131lmak istenen yer, T\u00fcrkiye&#8217;deki demokrasiyi akamete u\u011fratma \u00e7abas\u0131 ba\u015far\u0131l\u0131 olsayd\u0131, T\u00fcrkiye&#8217;de \u00f6yle bir d\u00fczen kurulsayd\u0131, i\u015fte bir g\u00fcn gelirdi, o d\u00fczenin bo\u011fuculu\u011fundan kurtulmak i\u00e7in halk\u0131m\u0131z o d\u00fczene kar\u015f\u0131 y\u00fcr\u00fcy\u00fc\u015fe ge\u00e7erdi. Dolay\u0131s\u0131yla burada mukayeseyi yanl\u0131\u015f yap\u0131yorlar. Bug\u00fcn Saddam&#8217;\u0131n cumhuriyet \u015feklinde y\u00f6netti\u011fi \u00fclke asl\u0131nda bir avu\u00e7 z\u00fcmrenin elindeydi. Bug\u00fcn ise cumhuriyet halk\u0131n cumhuriyetidir&#8230;<\/p>\n<p style=\"text-align: justify;\">&#8230; O rejimlerin benzeri T\u00fcrkiye&#8217;de 60 darbesiyle kuruldu\u011fu zaman ve bir ba\u015fbakan \u015fehit edildi\u011fi zaman, bu millet y\u00fcr\u00fcy\u00fc\u015fe ge\u00e7ti. Nas\u0131l y\u00fcr\u00fcy\u00fc\u015fe ge\u00e7ti, ilk olarak ondan \u00f6nce tep parti diktatoryas\u0131na kar\u015f\u0131 y\u00fcr\u00fcy\u00fc\u015fe ge\u00e7mi\u015fti, rahmetli Menderes&#8217;i iktidara getirmi\u015fti. Buna kar\u015f\u0131 ne yapt\u0131lar, i\u015fte o Tahrir Meydan\u0131&#8217;nda develerle sald\u0131ranlar\u0131n, insanlar\u0131 ciplerle ezenlerin yapt\u0131\u011f\u0131 bu \u00fclkenin \u00fczerinden darbeyle ge\u00e7tiler ve bir Ba\u015fbakan&#8217;\u0131 \u015fehit ettiler.&#8221;<\/p>\n<p style=\"text-align: justify;\">CHP Genel Ba\u015fkan Yard\u0131mc\u0131s\u0131 S\u00fcheyl Batum (Zonguldak Atat\u00fcrk\u00e7\u00fc D\u00fc\u015f\u00fcnce Derne\u011fi \u015eubesi): Koca bir askeri y\u0131kt\u0131lar, me\u011fer ka\u011f\u0131ttan kaplanm\u0131\u015f, biz bunu asker zannedermi\u015fiz, me\u011fer ABD i\u00e7ini oymu\u015f. O koca a\u011fac\u0131 hop diye y\u0131kt\u0131lar. Ancak CHP&#8217;yi y\u0131kamad\u0131lar.<\/p>\n<p style=\"text-align: justify;\">AKP Grup Ba\u015fkanvekili Bekir Bozda\u011f (S\u00fcheyl Batum&#8217;un s\u00f6zlerine tepki olarak gazetecilerin sorusu \u00fczerine): Asker darbe yapsayd\u0131, demokrasiye m\u00fcdahale etseydi, CHP ye g\u00f6re kahraman olacakt\u0131. Milletin iradesine sayg\u0131 duyunca ka\u011f\u0131ttan kaplan oldu, ABD i\u00e7ini bo\u015faltm\u0131\u015f oldu. Bu TSK&#8217;ya yap\u0131lm\u0131\u015f en b\u00fcy\u00fck hakarettir. Bu ayr\u0131ca CHP&#8217;nin milletten \u00fcmidini kesip milli irade d\u0131\u015f\u0131nda iktidar arad\u0131\u011f\u0131n\u0131n da somut bir itiraf\u0131d\u0131r. CHP zihniyeti, darbe yapmayan askeri sevmez.<\/p>\n<p style=\"text-align: justify;\"><strong>\u0130LK TWITTER MESAJINDA ASKER\u0130 YAZDI<\/strong><\/p>\n<p style=\"text-align: justify;\">Devlet Bakan\u0131 ve Ba\u015fbakan Yard\u0131mc\u0131s\u0131 B\u00fclent Ar\u0131n\u00e7, ilk kez kulland\u0131\u011f\u0131 sosyal payla\u015f\u0131m sitesi Twitter&#8217;dan, CHP Genel Ba\u015fkan Yard\u0131mc\u0131s\u0131 S\u00fcheyl Batum&#8217;un, T\u00fcrk Silahl\u0131 Kuvvetlerine ili\u015fkin s\u00f6zlerini, &#8221;(Ka\u011f\u0131ttan kaplanm\u0131\u015f, i\u00e7ini oymu\u015flar) demek T\u00fcrk Silahl\u0131 Kuvvetlerine do\u011frudan hakarettir&#8221; \u015feklinde de\u011ferlendirdi.<\/p>\n<p style=\"text-align: justify;\">Ar\u0131n\u00e7, Twitter&#8217;daki mesaj\u0131nda, \u015f\u00f6yle dedi: &#8221;S\u00fcheyl Batum, asker, sivil hayata ve sivil iktidara m\u00fcdahale etmedi\u011fi i\u00e7in askere &#8216;Ka\u011f\u0131t Kaplan&#8217; diyor. Batum&#8217;un akl\u0131ndan ge\u00e7en \u015fudur: &#8216;Ne g\u00fcne duruyorsunuz? Bu AK Parti iktidar\u0131n\u0131 ni\u00e7in bug\u00fcne kadar indirmediniz? (Balyozlar), (Kafesler) hep bo\u015f \u015feylerle u\u011fra\u015fm\u0131\u015fs\u0131n\u0131z diyor.<\/p>\n<p style=\"text-align: justify;\">Batum&#8217;un bu tarz konu\u015fmalar\u0131n\u0131, ge\u00e7mi\u015ften bu yana \u00e7irkin buldu\u011fumu ifade etmek isterim. Hi\u00e7bir zaman hakaret etmeyece\u011fiz. Ele\u015ftiriyi sonuna kadar yapaca\u011f\u0131z. Ama ikisinin ars\u0131ndaki fark\u0131 da her zaman ortaya koyaca\u011f\u0131z. T\u00fcrk Silahl\u0131 Kuvvetlerini veya orduyu ele\u015ftirmek m\u00fcmk\u00fcnd\u00fcr. Her kurum ele\u015ftirilebildi\u011fi gibi&#8230;<\/p>\n<p style=\"text-align: justify;\">Ben de \u015fahsen siyasi hayat\u0131mda Silahl\u0131 Kuvvetleri kurum olarak de\u011fil, i\u00e7inde yanl\u0131\u015f yapanlarla birlikte ele\u015ftiriyorum. \u00c7\u00fcnk\u00fc her kurum i\u00e7inde yanl\u0131\u015f yapanlar, su\u00e7 i\u015fleyenler olabilir. Onlar\u0131 ele\u015ftirmek ba\u015fka \u015feydir, kurumu ele\u015ftirmek ba\u015fka \u015feydir. Gerekirse kurumu da ele\u015ftirebilirsiniz. &#8216;Ka\u011f\u0131ttan kaplanm\u0131\u015f, i\u00e7ini oymu\u015flar&#8217; demek T\u00fcrk Silahl\u0131 Kuvvetlerine do\u011frudan hakarettir.&#8221;<\/p>\n<p style=\"text-align: justify;\"><strong>KO\u015eANER&#8217;DEN KILI\u00c7DARO\u011eLU&#8217;NA S\u00dcRPR\u0130Z Z\u0130YARET<\/strong><\/p>\n<p style=\"text-align: justify;\">Genelkurmay Ba\u015fkan\u0131 Orgeneral I\u015f\u0131k Ko\u015faner, CHP Genel Ba\u015fkan\u0131 Kemal K\u0131l\u0131\u00e7daro\u011flu&#8217;nu ziyaret etti. Ko\u015faner&#8217;i CHP Genel Merkezine geli\u015finde, Genel Ba\u015fkan Yard\u0131mc\u0131lar\u0131 G\u00fcrsel Tekin ve G\u00fcls\u00fcn Bilgehan ile K\u0131l\u0131\u00e7daro\u011flu&#8217;nun \u00d6zel Kalem M\u00fcd\u00fcr\u00fc Hamret \u015eafak Erdemi\u015f kar\u015f\u0131lad\u0131. Bas\u0131na kapal\u0131 yap\u0131lan g\u00f6r\u00fc\u015fme, 35 dakika s\u00fcrd\u00fc.<\/p>\n<p style=\"text-align: justify;\">Ko\u015faner&#8217;i Genel Merkezden u\u011furlayan K\u0131l\u0131\u00e7daro\u011flu, bir gazetecinin &#8221;S\u00fcheyl Batum&#8217;un s\u00f6zleri g\u00fcndeme geldi mi?&#8221; sorusu \u00fczerine, &#8221;Hay\u0131r&#8221; dedi. Orgeneral Ko\u015faner&#8217;in, K\u0131l\u0131\u00e7daro\u011flu&#8217;na iadeiziyarette bulundu\u011fu belirtildi.<\/p>\n<p style=\"text-align: justify;\"><a href=\"http:\/\/www.gazeteport.com.tr\/GUNCEL\/NEWS\/GP_849331\" target=\"_blank\"><span style=\"color: #888888;\">Kaynak : GAZETEPORT<\/span><\/a><\/p>\n","protected":false},"excerpt":{"rendered":"<p style=\"text-align: center;\">\n<p style=\"text-align: justify;\">AK Partili \u00d6mer \u00c7elik: T\u00fcrkiye&#8217;de 28 \u015eubat ve 27 Nisan ba\u015far\u0131l\u0131 olsayd\u0131, as\u0131l o zaman M\u0131s\u0131r&#8217;daki y\u00fcr\u00fcy\u00fc\u015fler burada olurdu.<\/p>\n<p style=\"text-align: justify;\">CHP&#8217;li S\u00fcheyl Batum: Koca askeri y\u0131kt\u0131lar. Me\u011fer ka\u011f\u0131ttan kaplanm\u0131\u015flar, biz onlar\u0131 asker zannettik. ABD i\u00e7ini oymu\u015f. Ancak CHP&#8217;yi y\u0131kamad\u0131lar.<\/p>\n<p style=\"text-align: justify;\">AK Partili Bekir Bozda\u011f: Asker darbe yapsayd\u0131, demokrasiye <\/p>\n","protected":false},"author":1,"featured_media":0,"comment_status":"open","ping_status":"closed","sticky":false,"template":"","format":"standard","meta":{"footnotes":""},"categories":[105],"tags":[],"class_list":["post-27867","post","type-post","status-publish","format-standard","hentry","category-gundem","odd"],"_links":{"self":[{"href":"http:\/\/www.korhanyilmaz.com\/index.php?rest_route=\/wp\/v2\/posts\/27867","targetHints":{"allow":["GET"]}}],"collection":[{"href":"http:\/\/www.korhanyilmaz.com\/index.php?rest_route=\/wp\/v2\/posts"}],"about":[{"href":"http:\/\/www.korhanyilmaz.com\/index.php?rest_route=\/wp\/v2\/types\/post"}],"author":[{"embeddable":true,"href":"http:\/\/www.korhanyilmaz.com\/index.php?rest_route=\/wp\/v2\/users\/1"}],"replies":[{"embeddable":true,"href":"http:\/\/www.korhanyilmaz.com\/index.php?rest_route=%2Fwp%2Fv2%2Fcomments&post=27867"}],"version-history":[{"count":0,"href":"http:\/\/www.korhanyilmaz.com\/index.php?rest_route=\/wp\/v2\/posts\/27867\/revisions"}],"wp:attachment":[{"href":"http:\/\/www.korhanyilmaz.com\/index.php?rest_route=%2Fwp%2Fv2%2Fmedia&parent=27867"}],"wp:term":[{"taxonomy":"category","embeddable":true,"href":"http:\/\/www.korhanyilmaz.com\/index.php?rest_route=%2Fwp%2Fv2%2Fcategories&post=27867"},{"taxonomy":"post_tag","embeddable":true,"href":"http:\/\/www.korhanyilmaz.com\/index.php?rest_route=%2Fwp%2Fv2%2Ftags&post=27867"}],"curies":[{"name":"wp","href":"https:\/\/api.w.org\/{rel}","templated":true}]}}