{"id":27851,"date":"2011-02-07T09:44:08","date_gmt":"2011-02-07T07:44:08","guid":{"rendered":"http:\/\/www.korhanyilmaz.com\/?p=27851"},"modified":"2011-02-07T09:44:08","modified_gmt":"2011-02-07T07:44:08","slug":"yeniden-cumhuriyet-mitingi","status":"publish","type":"post","link":"http:\/\/www.korhanyilmaz.com\/?p=27851","title":{"rendered":"Yeniden Cumhuriyet mitingi"},"content":{"rendered":"<p style=\"text-align: center;\"><a href=\"http:\/\/www.korhanyilmaz.com\/wp-content\/uploads\/2011\/02\/206.jpg\"  class=\"lightview\"><img loading=\"lazy\" decoding=\"async\" class=\"aligncenter size-full wp-image-27852\" src=\"http:\/\/www.korhanyilmaz.com\/wp-content\/uploads\/2011\/02\/206.jpg\" alt=\"\" width=\"412\" height=\"142\" \/><\/a><\/p>\n<p>Cumhuriyet mitingleri, yeniden ba\u015fl\u0131yor. Mitingler hava \u015fartlar\u0131 d\u00fczelene kadar kapal\u0131 salonlarda ve \u201cT\u00fcrkiye bizim, Cumhuriyet Bizim\u201d slogan\u0131yla yap\u0131lacak.<\/p>\n<p>ANKARA- Ergenekon iddianamelerinde de ge\u00e7en \u201cCumhuriyet mitingleri\u201d yeniden, ama bu kez salon toplant\u0131s\u0131yla ba\u015fl\u0131yor. \u0130lki, 14-15 Nisan 2007 tarihlerinde Ankara\u2019da d\u00fczenlenen Cumhuriyet Mitingleri, y\u0131llar sonra yeniden start alacak. <!--more--><a href=\"http:\/\/www.korhanyilmaz.com\/wp-content\/uploads\/2011\/02\/205.jpg\"  class=\"lightview\"><img loading=\"lazy\" decoding=\"async\" class=\"aligncenter size-full wp-image-27853\" src=\"http:\/\/www.korhanyilmaz.com\/wp-content\/uploads\/2011\/02\/205.jpg\" alt=\"\" width=\"463\" height=\"238\" \/><\/a><\/p>\n<p style=\"text-align: justify;\">Atat\u00fcrk\u00e7\u00fc d\u00fc\u015f\u00fcnceyi savunan sivil toplum \u00f6rg\u00fctleri, sendikalar ve \u00fcniversite \u00f6\u011frenci konseyleri,  Atat\u00fcrk\u00e7\u00fc D\u00fc\u015f\u00fcnce Derne\u011fi (ADD) \u00f6nderli\u011finde biraraya geliyor.  Hava ko\u015fullar\u0131 nedeniyle kapal\u0131 spor salonlar\u0131nda yap\u0131lacak etkinlikler 81 ilde ger\u00e7ekle\u015ftirilecek.<\/p>\n<p style=\"text-align: justify;\">Etkinliklerde \u201cBa\u011f\u0131ms\u0131zl\u0131ktan, \u00e7a\u011fda\u015fl\u0131ktan, laik, demokratik, sosyal, hukuk devletinden yana olan ayd\u0131nlar, bilim insanlar\u0131, yazarlar, siyaset\u00e7iler, emekli subaylar g\u00f6zalt\u0131na al\u0131n\u0131yor\u201d vurgusu ile \u201cT\u00fcrkiye bizim, Cumhuriyet bizim\u201d slogan\u0131 \u00f6ne \u00e7\u0131kar\u0131lacak.<\/p>\n<p style=\"text-align: justify;\"><strong>KURUL KARARI<\/strong><\/p>\n<p style=\"text-align: justify;\">ADD\u2019nin son yap\u0131lan Genel Y\u00f6netim Kurulu toplant\u0131s\u0131nda Genel Ba\u015fkan Tansel \u00c7\u00f6la\u015fan\u2019\u0131n \u00f6nerisiyle Haziran ay\u0131ndaki genel se\u00e7ime kadar Cumhuriyet Mitingleri\u2019nin yeniden ba\u015flat\u0131lmas\u0131 \u00f6nerisi kabul edildi. Mitingler Haziran ay\u0131na kadar 81 ilde ve hava \u015fartlar\u0131na g\u00f6re meydanlarda da d\u00fczenlenecek.<\/p>\n<p style=\"text-align: justify;\">Cumhurba\u015fkanl\u0131\u011f\u0131 se\u00e7im s\u00fcrecinde T\u00fcrkiye\u2019nin bir\u00e7ok ilinde Cumhuriyet mitingleri yap\u0131ld\u0131. Mitinglerin ilki, 14-15 Nisan 2007\u2019de Ankara\u2019da, sonuncusu da 18 May\u0131s 2009\u2019da yine Ba\u015fkent\u2019te yap\u0131ld\u0131. ADD\u2019nin \u00f6nceki genel ba\u015fkan\u0131 emekli Orgeneral \u015eener Eruygur halen Ergenekon davas\u0131ndan yarg\u0131lan\u0131yor. Eruygur\u2019un organize etti\u011fi mitingler de \u201cErgenekon\u2019un eylemleri\u201d aras\u0131nda yer al\u0131yor. Ergenekon\u2019un ADD ba\u015fta olmak \u00fczere bir\u00e7ok sivil toplum kurulu\u015fu ile ili\u015fki i\u00e7inde oldu\u011fu, bu kurulu\u015flar\u0131n h\u00fck\u00fcmete kar\u015f\u0131 Cumhuriyet Mitingleri\u2019ni organize etti\u011fi \u00f6ne s\u00fcr\u00fcl\u00fcyor.<\/p>\n<p style=\"text-align: justify;\"><a href=\"http:\/\/www.gazeteport.com.tr\/SIYASET\/NEWS\/GP_848953\" target=\"_blank\"><span style=\"color: #888888;\">Kaynak : Yusuf Sahici &#8211; GAZETEPORT<\/span><\/a><\/p>\n","protected":false},"excerpt":{"rendered":"<p style=\"text-align: center;\">\n<p>Cumhuriyet mitingleri, yeniden ba\u015fl\u0131yor. Mitingler hava \u015fartlar\u0131 d\u00fczelene kadar kapal\u0131 salonlarda ve \u201cT\u00fcrkiye bizim, Cumhuriyet Bizim\u201d slogan\u0131yla yap\u0131lacak.<\/p>\n<p>ANKARA- Ergenekon iddianamelerinde de ge\u00e7en \u201cCumhuriyet mitingleri\u201d yeniden, ama bu kez salon toplant\u0131s\u0131yla ba\u015fl\u0131yor. \u0130lki, 14-15 Nisan 2007 tarihlerinde Ankara\u2019da d\u00fczenlenen Cumhuriyet Mitingleri, y\u0131llar sonra yeniden start alacak. <\/p>\n","protected":false},"author":1,"featured_media":0,"comment_status":"open","ping_status":"closed","sticky":false,"template":"","format":"standard","meta":{"footnotes":""},"categories":[105],"tags":[],"class_list":["post-27851","post","type-post","status-publish","format-standard","hentry","category-gundem","odd"],"_links":{"self":[{"href":"http:\/\/www.korhanyilmaz.com\/index.php?rest_route=\/wp\/v2\/posts\/27851","targetHints":{"allow":["GET"]}}],"collection":[{"href":"http:\/\/www.korhanyilmaz.com\/index.php?rest_route=\/wp\/v2\/posts"}],"about":[{"href":"http:\/\/www.korhanyilmaz.com\/index.php?rest_route=\/wp\/v2\/types\/post"}],"author":[{"embeddable":true,"href":"http:\/\/www.korhanyilmaz.com\/index.php?rest_route=\/wp\/v2\/users\/1"}],"replies":[{"embeddable":true,"href":"http:\/\/www.korhanyilmaz.com\/index.php?rest_route=%2Fwp%2Fv2%2Fcomments&post=27851"}],"version-history":[{"count":0,"href":"http:\/\/www.korhanyilmaz.com\/index.php?rest_route=\/wp\/v2\/posts\/27851\/revisions"}],"wp:attachment":[{"href":"http:\/\/www.korhanyilmaz.com\/index.php?rest_route=%2Fwp%2Fv2%2Fmedia&parent=27851"}],"wp:term":[{"taxonomy":"category","embeddable":true,"href":"http:\/\/www.korhanyilmaz.com\/index.php?rest_route=%2Fwp%2Fv2%2Fcategories&post=27851"},{"taxonomy":"post_tag","embeddable":true,"href":"http:\/\/www.korhanyilmaz.com\/index.php?rest_route=%2Fwp%2Fv2%2Ftags&post=27851"}],"curies":[{"name":"wp","href":"https:\/\/api.w.org\/{rel}","templated":true}]}}