{"id":27847,"date":"2011-02-07T09:35:39","date_gmt":"2011-02-07T07:35:39","guid":{"rendered":"http:\/\/www.korhanyilmaz.com\/?p=27847"},"modified":"2011-02-07T09:35:39","modified_gmt":"2011-02-07T07:35:39","slug":"ak-partiden-ak-partililer-de-endiseli","status":"publish","type":"post","link":"http:\/\/www.korhanyilmaz.com\/?p=27847","title":{"rendered":"Ak Parti&#8217;den Ak Partililer de endi\u015feli"},"content":{"rendered":"<p style=\"text-align: center;\"><a href=\"http:\/\/www.korhanyilmaz.com\/wp-content\/uploads\/2011\/02\/204.jpg\"  class=\"lightview\"><img loading=\"lazy\" decoding=\"async\" class=\"aligncenter size-full wp-image-27848\" src=\"http:\/\/www.korhanyilmaz.com\/wp-content\/uploads\/2011\/02\/204.jpg\" alt=\"\" width=\"413\" height=\"218\" \/><\/a><\/p>\n<p style=\"text-align: justify;\">Ara\u015ft\u0131rmada &#8216;\u00d6zel hayat\u0131na m\u00fcdahale&#8217; endi\u015fesi ta\u015f\u0131yan kitle mercek alt\u0131na al\u0131nd\u0131. T\u00fcrkiye&#8217;nin gelece\u011finden endi\u015fe duyanlar\u0131n y\u00fczde 13&#8217;\u00fc AK Partili, y\u00fczde 52&#8217;si CHP&#8217;li, y\u00fczde 11.4&#8217;\u00fc ise MHP&#8217;li<\/p>\n<p style=\"text-align: justify;\">ANKARA &#8211; Referandumun ard\u0131ndan \u00f6zellikle Akdeniz ve Ege sahil kesiminde giderek t\u0131rmanan, &#8216;\u00fclkenin gidi\u015fat\u0131&#8217; ve &#8216;\u00f6zel hayata m\u00fcdahale edilece\u011fi&#8217; kayg\u0131s\u0131, alkoll\u00fc i\u00e7kilere y\u00f6nelik k\u0131s\u0131tlamalar ve &#8216;heykel&#8217; tart\u0131\u015fmas\u0131yla daha da alevlendi. <!--more--><\/p>\n<p style=\"text-align: justify;\">Sosyo-ekonomi ve siyaset bilimine ili\u015fkin akademik saha \u00e7al\u0131\u015fmalar\u0131yla tan\u0131nan Metropoll Stratejik ve Sosyal Ara\u015ft\u0131rmalar Kurulu\u015fu, litarat\u00fcrde &#8216;Endi\u015feli Modern&#8217; veya &#8216;D\u0131\u015flay\u0131c\u0131 Modern&#8217; olarak adland\u0131r\u0131lan se\u00e7men kitlesinin T\u00fcrkiye profilini \u00e7\u0131kard\u0131.<\/p>\n<p style=\"text-align: justify;\">Ocakta yap\u0131lan ve Metropoll \u015eirketi&#8217;nin ilk kez payla\u015ft\u0131\u011f\u0131 \u00e7al\u0131\u015fma, referandumda &#8216;hay\u0131r&#8217; oylar\u0131n\u0131n fazla \u00e7\u0131kt\u0131\u011f\u0131 Adana, Antalya, Artvin, Ayd\u0131n, Bal\u0131kesir, Bilecik, \u00c7anakkale, Denizli, Edirne, Eski\u015fehir, Hatay, \u0130\u00e7el, \u0130zmir, K\u0131rklareli, Manise, Mu\u011fla, Tekirda\u011f, Tunceli, U\u015fak ile Ankara ve \u0130stanbul&#8217;da &#8216;hay\u0131r&#8217; oylar\u0131n\u0131n fazla \u00e7\u0131kt\u0131\u011f\u0131 il\u00e7elerde ger\u00e7ekle\u015ftirildi.<\/p>\n<p style=\"text-align: justify;\">\u00d6rnekleme y\u00f6ntemiyle belirlenen 3880 kat\u0131l\u0131mc\u0131ya telefonla ula\u015f\u0131lan ara\u015ft\u0131rmada, &#8216;T\u00fcrkiye&#8217;de laik ya\u015fam bi\u00e7iminin tehlike alt\u0131nda oldu\u011funu d\u00fc\u015f\u00fcn\u00fcyor musunuz?&#8217; \u015feklinde filtre bir soru y\u00f6neltildi.<\/p>\n<p style=\"text-align: justify;\">Ak\u015fam gazetesinde yer alan habere g\u00f6re, kat\u0131l\u0131mc\u0131lar\u0131n yakla\u015f\u0131k \u00fc\u00e7te birini olu\u015fturan 1225 ki\u015fi bu soruya &#8216;evet&#8217; yan\u0131t\u0131 verdi. Daha sonra ankete, &#8216;Endi\u015feli&#8217; kesimi olu\u015fturan bu 1225 ki\u015fiyle devam edildi. Bu ki\u015filerin y\u00fczde 51.5&#8217;ini kad\u0131nlar olu\u015fturdu. Ankete kat\u0131lan 1225 ki\u015fi sorulara verdikleri yan\u0131tlara g\u00f6re &#8216;Derin Endi\u015feliler&#8217; ve &#8216;Normal Endi\u015feliler&#8217; diye s\u0131n\u0131fland\u0131r\u0131ld\u0131.<\/p>\n<p style=\"text-align: justify;\"><strong>END\u0130\u015eEL\u0130LER\u0130N END\u0130\u015eES\u0130<\/strong><\/p>\n<p style=\"text-align: justify;\">&#8216;T\u00fcrkiye&#8217;de laik ya\u015fam bi\u00e7iminin tehlike alt\u0131nda oldu\u011funu d\u00fc\u015f\u00fcn\u00fcyor musunuz?&#8217; \u015feklindeki filtre soruya &#8216;evet&#8217; yan\u0131t\u0131 veren ve &#8216;Endi\u015feli Kesim&#8217; olarak adland\u0131r\u0131lan 1225 ki\u015finin y\u00fczde 13&#8217;\u00fc AKP&#8217;li, y\u00fczde 52&#8217;si CHP&#8217;li, y\u00fczde 11.4&#8217;n\u00fc ise MHP&#8217;li \u00e7\u0131kt\u0131.<\/p>\n<p style=\"text-align: justify;\"><strong>AKP DEMOKRAS\u0130 \u0130\u00c7\u0130N TEHL\u0130KE<\/strong><\/p>\n<p style=\"text-align: justify;\">&#8216;AKP iktidar\u0131n\u0131n icraatlar\u0131n\u0131n demokrasi i\u00e7in tehdit olu\u015fturup olu\u015fturmad\u0131\u011f\u0131&#8217; sorusuna, y\u00fczde 60.7 oran\u0131nda &#8216;evet&#8217; dedi.<\/p>\n<p style=\"text-align: justify;\"><strong>D\u00dc\u015e\u00dcNCE PAYLA\u015eILIYOR<\/strong><\/p>\n<p style=\"text-align: justify;\">Endi\u015feliler, kendi d\u00fc\u015f\u00fcncelerini \u00e7evreleriyle payla\u015fma konusunda korkusuz bir portre \u00e7izdi. Ankete kat\u0131lanlar\u0131n b\u00fcy\u00fck b\u00f6l\u00fcm\u00fc, y\u00fczde 78.3&#8217;\u00fc, &#8216;d\u00fc\u015f\u00fcncemi \u00e7evremle payla\u015fmaktan \u00e7ekinmem&#8217; dedi.<\/p>\n<p style=\"text-align: justify;\"><strong>YA\u015eAM B\u0130\u00c7\u0130M\u0130NE M\u00dcDAHALE YOK<\/strong><\/p>\n<p style=\"text-align: justify;\">&#8216;\u015eimdiye kadar ya\u015fam bi\u00e7iminize m\u00fcdahale edidi mi?&#8217; sorusuna ise sadece y\u00fczde 13.5 oran\u0131nda &#8216;evet&#8217; yan\u0131t\u0131 verildi. Bu ki\u015filere m\u00fcdahale \u015fekli soruldu\u011funda, ilk s\u0131ray\u0131 &#8216;mahalle bask\u0131s\u0131&#8217; ald\u0131. Mahalle bask\u0131s\u0131n\u0131, alkol-sigara kullan\u0131m\u0131, a\u00e7\u0131k ya\u015fam tarz\u0131, i\u015ften \u00e7\u0131kar\u0131lma, giyim ku\u015fam, din-mezhep-etnik k\u00f6ken, siyasi g\u00f6r\u00fc\u015f ve kapal\u0131 ya\u015fam tarz\u0131na y\u00f6nelik m\u00fcdahaleler izledi.<\/p>\n<p style=\"text-align: justify;\"><strong>YARGI H\u00dcK\u00dcMET&#8217;\u0130N KONTROL\u00dcNDE<\/strong><\/p>\n<p style=\"text-align: justify;\">&#8216;Yarg\u0131 h\u00fck\u00fcmetin kontrol\u00fcnde mi?&#8217; sorusuna y\u00fczde 71.2 oran\u0131nda &#8216;evet&#8217; denildi.<\/p>\n<p style=\"text-align: justify;\"><strong>ERGENEKON, YILDIRMA OPERASYONU<\/strong><\/p>\n<p style=\"text-align: justify;\">&#8216;Ergenekon davas\u0131 h\u00fck\u00fcmetin muhaliflere y\u00f6nelik y\u0131ld\u0131rma operasyonu mudur?&#8217; sorusuna y\u00fczde 63.4 &#8216;evet&#8217; dedi.<\/p>\n<p style=\"text-align: justify;\"><strong>LA\u0130KL\u0130\u011e\u0130N GARANT\u00d6R\u00dc ORDU<\/strong><\/p>\n<p style=\"text-align: justify;\">Y\u00fczde 72, &#8216;laikli\u011fin garant\u00f6r\u00fc ordu mu?&#8217; sorusuna &#8216;evet&#8217; dedi. &#8216;Gerekti\u011finde asker y\u00f6netimi ele almal\u0131 m\u0131?&#8217; sorusuna da y\u00fczde 58.1 oran\u0131nda &#8216;evet&#8217; denildi. Endi\u015feli kesim, &#8216;AKP se\u00e7imle olmazsa, zorla d\u00fc\u015f\u00fcr\u00fclmeli mi?&#8217; sorusunu y\u00fczde 33 oran\u0131nda &#8216;evet&#8217; diye yan\u0131tlad\u0131.<\/p>\n<p style=\"text-align: justify;\"><strong>BA\u015e\u00d6RT\u00dcL\u00dc M\u0130LLETVEK\u0130L\u0130NE HAYIR<\/strong><\/p>\n<p style=\"text-align: justify;\">&#8216;Meclis&#8217;te ba\u015f\u00f6rt\u00fcl\u00fc milletvekili bulunmas\u0131na kar\u015f\u0131 m\u0131s\u0131n\u0131z?&#8217; sorusuna, y\u00fczde 57.3 oran\u0131nda &#8216;evet kar\u015f\u0131y\u0131m&#8217; derken, doktor, \u00f6\u011fretmen, polislerin ba\u015flar\u0131n\u0131 \u00f6rtmesine de y\u00fczde 70.7 oran\u0131nda kar\u015f\u0131 \u00e7\u0131kt\u0131lar.<\/p>\n<p style=\"text-align: justify;\"><strong>G\u0130D\u0130\u015eAT \u0130Y\u0130 SAYILMAZ<\/strong><\/p>\n<p style=\"text-align: justify;\">Endi\u015feli se\u00e7menler, &#8216;Her \u015fey dikkate al\u0131nd\u0131\u011f\u0131nda T\u00fcrkiye&#8217;nin gidi\u015fat\u0131n\u0131 nas\u0131l buluyorsunuz?&#8217; sorusunu y\u00fczde 68.1 oran\u0131nda &#8216;k\u00fct\u00fc y\u00f6nde ilerliyor&#8217; diye yan\u0131tlad\u0131. Denekler, &#8216;T\u00fcrkiye&#8217;nin AB&#8217;ye giri\u015fi i\u00e7in referandum yap\u0131lsa ne y\u00f6nde oy kullan\u0131rs\u0131n\u0131z?&#8217; sorusuna ise y\u00fczde 56.6 oran\u0131nda &#8216;evet&#8217; yan\u0131t\u0131 verdi.<\/p>\n<p style=\"text-align: justify;\"><strong>\u0130\u015eS\u0130ZL\u0130K DE\u011e\u0130L M\u00dcH\u0130M OLAN LA\u0130KL\u0130K<\/strong><\/p>\n<p style=\"text-align: justify;\">Ara\u015ft\u0131rmaya kat\u0131lan deneklerden &#8216;endi\u015fe s\u0131ralamas\u0131&#8217; yapmas\u0131 istendi. buna g\u00f6re ilk s\u0131ray\u0131 y\u00fczde 17.5&#8217;luk oranla &#8216;laikli\u011fe y\u00f6nelik tehdit&#8217; ald\u0131. Bunu y\u00fczde 16.4&#8217;le &#8216;i\u015fsizlik&#8217;, y\u00fczde 11.3&#8217;le &#8216;fakirlik ve ekonomik kriz&#8217;, y\u00fczde 6&#8217;yla &#8216;\u00fclke b\u00fct\u00fcnl\u00fc\u011f\u00fc&#8217;, y\u00fczde 4.8&#8217;le &#8216;AKP \u0130ktidar\u0131&#8217; ve yine y\u00fczde 4.8&#8217;le &#8216;PKK sorunu&#8217; izledi. Deneklere, bu endi\u015felerin giderilmesi i\u00e7in ne yap\u0131lmas\u0131 gerekti\u011fi de soruldu. Bu soruya verilen yan\u0131tlarda ilk s\u0131ray\u0131 y\u00fczde 14&#8217;l\u00fck oranla &#8216;Mevcut iktidar\u0131n de\u011fi\u015fmesi&#8217; yan\u0131t\u0131 ald\u0131. Bu yan\u0131t\u0131 y\u00fczde 8.4&#8217;le &#8216;i\u015fsizlik sorunu \u00e7\u00f6z\u00fclmeli&#8217;, y\u00fczde 7.2 ile &#8216;Halk bilin\u00e7lenmeli&#8217; ve y\u00fczde 5.8&#8217;le &#8216;H\u00fck\u00fcmet d\u00fc\u015f\u00fcr\u00fclmeli&#8217; yan\u0131tlar\u0131 izledi.<\/p>\n<p style=\"text-align: justify;\"><strong>\u0130\u015eTE O AKADEM\u0130K KADRO<\/strong><\/p>\n<p style=\"text-align: justify;\">AKP&#8217;ye yak\u0131nl\u0131\u011f\u0131yla bilinen ve \u00e7arp\u0131c\u0131 ara\u015ft\u0131rma ve anketleriyle tan\u0131nan Metropoll Ara\u015ft\u0131rma Merkezi, 12 Eyl\u00fcl referandumu sonras\u0131nda T\u00fcrkiye&#8217;de &#8216;hay\u0131r&#8217; oylar\u0131n\u0131n en yo\u011fun oldu\u011fu b\u00f6lgelerde dev bir ara\u015ft\u0131rma daha ger\u00e7ekle\u015ftirdi.<\/p>\n<p style=\"text-align: justify;\">&#8216;Endi\u015feliler&#8217; ba\u015fl\u0131kl\u0131 ara\u015ft\u0131rma, Metropoll Stratejik ve Sosyal Ara\u015ft\u0131rmalar Kurulu\u015fu ad\u0131na Prof. Dr. \u00d6zer Sencar, Prof. Dr. \u0130hsan Da\u011f\u0131, Prof. Dr. Do\u011fu Ergil ile Dr. S\u0131tk\u0131 Y\u0131ld\u0131z ve Dr. Vahap Co\u015fkun&#8217;dan olu\u015fan akademik bir kadro taraf\u0131ndan haz\u0131rland\u0131.<\/p>\n<p style=\"text-align: justify;\"><strong>DEMOKRATiK MUHALEFET KISITLANIYOR<\/strong><\/p>\n<p style=\"text-align: justify;\">Ara\u015ft\u0131rmada &#8216;Endi\u015feli Kesim&#8217; olarak adland\u0131r\u0131lan 1225 ki\u015finin y\u00fczde 13&#8217;\u00fcn\u00fc olu\u015fturan (yakla\u015f\u0131k 160 ki\u015fi) AK Partili se\u00e7menler a\u00e7\u0131s\u0131ndan \u00f6ne \u00e7\u0131kan ilgin\u00e7 detaylar \u015f\u00f6yle:<\/p>\n<p style=\"text-align: justify;\"><strong>&#8211; BA\u015e\u00d6RT\u00dcL\u00dc VEK\u0130LE KAR\u015eI:<\/strong> Endi\u015feli AK Partililerin y\u00fczde 34&#8217;\u00fc ba\u015f\u00f6rt\u00fcl\u00fc milletvekiline kar\u015f\u0131.<\/p>\n<p style=\"text-align: justify;\"><strong>&#8211; LA\u0130KL\u0130\u011eE TEHD\u0130T: <\/strong>Endi\u015feli AK Partililerin y\u00fczde 51&#8217;i, T\u00fcrkiye&#8217;de laik sistemin tehlike alt\u0131nda oldu\u011funu ve T\u00fcrkiye&#8217;nin giderek dindarla\u015ft\u0131\u011f\u0131n\u0131 d\u00fc\u015f\u00fcn\u00fcyor.<\/p>\n<p style=\"text-align: justify;\"><strong>&#8211; DI\u015eLANMI\u015e H\u0130SSEDENLER<\/strong>: AK Partili endi\u015felilerin verdi\u011fi en ilgin\u00e7 yan\u0131tlardan biri de &#8216;d\u0131\u015flanm\u0131\u015fl\u0131k&#8217; konusunda oldu. Y\u00fczde 24.5&#8217;i  kendini bu AK Parti iktidar\u0131nda d\u0131\u015flanm\u0131\u015f hissediyor.<\/p>\n<p style=\"text-align: justify;\"><strong>&#8211; ORDU GARANT\u00d6R:<\/strong> AK Partili endi\u015felilerin y\u00fczde 68&#8217;i, &#8216;laikli\u011fin garant\u00f6r\u00fcn\u00fcn ordu oldu\u011fu&#8217; g\u00f6r\u00fc\u015f\u00fcnde.<\/p>\n<p style=\"text-align: justify;\"><strong>&#8211; ASKERLER\u0130N Y\u00d6NET\u0130ME EL KOYMASI:<\/strong> AK Partili endi\u015felilerin y\u00fczde 62.9&#8217;u gerekti\u011finde askerin y\u00f6netimi ele almas\u0131 g\u00f6r\u00fc\u015f\u00fcnde. Ayn\u0131 kitle, &#8216;Se\u00e7imle m\u00fcmk\u00fcn olmazsa AKP h\u00fck\u00fcmeti zor kullan\u0131larak d\u00fc\u015f\u00fcr\u00fclmeli mi?&#8217; sorusuna ise y\u00fczde 73.6 gibi b\u00fcy\u00fck bir oranla &#8216;hay\u0131r&#8217; dedi.<\/p>\n<p style=\"text-align: justify;\"><strong>&#8211; MEDYA KORKUYOR:<\/strong> AK Partili endi\u015felilerin y\u00fczde 53.5&#8217;i, gazeteci ve yazarlar\u0131n fikirlerini a\u00e7\u0131klamaktan korktu\u011fu g\u00f6r\u00fc\u015f\u00fcn\u00fc dile getirdi. Y\u00fczde 35.8&#8217;i de, demokratik muhalefetin k\u0131s\u0131tland\u0131\u011f\u0131n\u0131 savunuyor.<\/p>\n<p style=\"text-align: justify;\"><strong>En demokrat kitle Artvin ve Tunceli&#8217;de <\/strong><\/p>\n<p style=\"text-align: justify;\">Metropoll \u015eirketi&#8217;nin ilk kez AK\u015eAM&#8217;la payla\u015ft\u0131\u011f\u0131 ara\u015ft\u0131rma, bilinen ger\u00e7ekleri bir kez daha vurguluyor. Prof. Sencar, sonu\u00e7lar\u0131n Alevi ve K\u00fcrtlerin demokrasiye en \u00e7ok ihtiya\u00e7 duyan kesim oldu\u011funu ortaya koydu\u011funu belirtiyor. Sencar&#8217;a g\u00f6re Artvin ve Tunceli d\u0131\u015f\u0131nda CHP&#8217;li se\u00e7men hi\u00e7 de demokrat de\u011fil Metropoll Stratejik ve Sosyal Ara\u015ft\u0131rmalar Kurulu\u015fu&#8217;nun Ba\u015fkan\u0131 Prof. Dr. \u00d6zer Sencar, &#8216;Endi\u015feliler&#8217; ba\u015fl\u0131kl\u0131 ara\u015ft\u0131rman\u0131n son derece detayl\u0131 bir \u00e7al\u0131\u015fma oldu\u011funu belirterek, kendilerini \u015fa\u015f\u0131rtan bir sonuca ula\u015ft\u0131klar\u0131n\u0131 s\u00f6yledi.<\/p>\n<p style=\"text-align: justify;\">Genel kan\u0131n\u0131n tersine endi\u015feli kesimlerin belli bir g\u00f6r\u00fc\u015f, ideoloji ya da parti mensubu olmad\u0131klar\u0131n\u0131n alt\u0131n\u0131 \u0131srarla \u00e7izen Sencar, ara\u015ft\u0131rma sonu\u00e7lar\u0131n\u0131n belirledi\u011fi saptamalar\u0131 \u015f\u00f6yle s\u0131ralad\u0131:<\/p>\n<p style=\"text-align: justify;\"><strong>TEK PART\u0130 \u00dcYES\u0130 DE\u011e\u0130LLER<\/strong><\/p>\n<p style=\"text-align: justify;\">Endi\u015feliler dedi\u011fimiz kesim laiklik hassasiyeti y\u00fcksek olan, ya\u015fam bi\u00e7imine m\u00fcdahale edilece\u011fi kayg\u0131s\u0131 olan ki\u015filerden olu\u015fuyor. Genel kan\u0131 endi\u015feli se\u00e7menlerin sadece   sol-laik kesimde oldu\u011fu y\u00f6n\u00fcndeydi. Oysaki laik ya\u015fam konusunda endi\u015fesi olan AK Partili se\u00e7menler de var. Bu ara\u015ft\u0131rmayla MHP&#8217;nin i\u00e7inde de yar\u0131ya yak\u0131n endi\u015feli se\u00e7men oldu\u011funu g\u00f6rd\u00fck. Dolay\u0131s\u0131yla endi\u015feliler bir tek partinin mensubu de\u011fil.<\/p>\n<p style=\"text-align: justify;\"><strong>AKP&#8217;Y\u0130 TERK EDERLERSE<\/strong><\/p>\n<p style=\"text-align: justify;\">Ara\u015ft\u0131rma yapt\u0131\u011f\u0131m\u0131z b\u00f6lgede AK Parti&#8217;nin oyu y\u00fczde 28 civar\u0131nda. Y\u00fczde 28&#8217;in 4 puan\u0131n\u0131 da endi\u015feli se\u00e7menler olu\u015fturuyor. Endi\u015feliler e\u011fer AK Parti&#8217;yi terk ederse b\u00f6lgedeki oyu daha da azalacak. Bu AK Partililer i\u00e7in acil ve \u00f6nemli bir konudur.<\/p>\n<p style=\"text-align: justify;\"><strong>MHP SAH\u0130LLERE KAYIYOR<\/strong><\/p>\n<p style=\"text-align: justify;\">AK Parti Orta Anadolu&#8217;daki muhafazakar MHP&#8217;lileri kazanmaya \u00e7al\u0131\u015f\u0131yor. Ama MHP se\u00e7meni giderek sahillere kay\u0131yor. Dolay\u0131s\u0131yla Orta Anadolu&#8217;daki MHP&#8217;liler de CHP&#8217;ye kayabilirler. MHP se\u00e7meni tutucu ve muhafazakar bir kitleden olu\u015fmuyor. Se\u00e7menlerin yar\u0131ya yak\u0131n\u0131n\u0131 laiklik endi\u015fesi olan, laiklik ya\u015fam tarz\u0131n\u0131 benimsemi\u015f ki\u015filer olu\u015fturuyor. AK Parti, MHP&#8217;nin bir k\u0131sm\u0131n\u0131 kaybediyor, CHP&#8217;ye do\u011fru itiyor.<\/p>\n<p style=\"text-align: justify;\"><strong>PEYGAMBER OCA\u011eI<\/strong><\/p>\n<p style=\"text-align: justify;\">CHP i\u00e7inde en demokrat kitle Tunceli&#8217;den ve Artvin&#8217;den \u00e7\u0131kt\u0131. Aleviler ve K\u00fcrtler demokrasi ihtiyac\u0131n\u0131 daha fazla hissediyorlar. Tunceliler, Artvinliler ve BDP&#8217;liler d\u0131\u015f\u0131nda endi\u015feliler dedi\u011fimiz kitlenin y\u00fczde 70&#8217;i demokrat de\u011fil! Bu insanlara y\u00f6neltti\u011fimiz, &#8216;Ordu laikli\u011fin garant\u00f6r\u00fc m\u00fcd\u00fcr, ordu gerekti\u011finde y\u00f6netimi ele almal\u0131 m\u0131d\u0131r ve AK Parti gerekti\u011finde ordu taraf\u0131ndan zorla d\u00fc\u015f\u00fcr\u00fclmeli midir&#8217; \u015feklinde sorulara verilen cevaplar y\u00fcksek oranla &#8216;evet&#8217; oldu. Oysaki &#8216;laikli\u011fin garantisi anayasad\u0131r, parlamentodur, halkt\u0131r&#8217; denmesi gerekiyordu. \u00c7\u00fcnk\u00fc ordunun hi\u00e7bir \u015fartta siyasal hayata m\u00fcdahale etmemesi gerekir. Modern d\u00fcnyada kimse orduya b\u00f6yle bir fonksiyon y\u00fcklemiyor. Biz ise &#8216;ordu peygamber oca\u011f\u0131d\u0131r&#8217; diyoruz. T\u00fcrk insan\u0131nda bu gelenek hala devam ediyor.<\/p>\n<p style=\"text-align: justify;\"><strong>SA\u011eLIKLI \u0130NSAN T\u0130P\u0130 DE\u011e\u0130L<\/strong><\/p>\n<p style=\"text-align: justify;\">&#8216;AK Parti zorla indirilmeli midir&#8217; diye sorduk Endi\u015feli kesimin y\u00fczde 70&#8217;i &#8216;evet&#8217; dedi. Buradan endi\u015feli dedi\u011fimiz kitlenin sa\u011fl\u0131kl\u0131 bir modern insan tipi \u00e7izmedi\u011fini s\u00f6yleyebiliriz. Endi\u015feli modern diye adland\u0131r\u0131lan bu kesimi su\u00e7lamaktan ziyade &#8216;bu insanlar niye b\u00f6yle oldu&#8217; sorusu sorulmal\u0131d\u0131r. Bilimadamlar\u0131 ve \u00f6zellikle siyasi liderlerin bu konunun \u00fczerinde hassasiyetle durmas\u0131 gerekiyor.<\/p>\n<p style=\"text-align: justify;\"><strong>M\u00dcDAHALE ALGISI VAR<\/strong><\/p>\n<p style=\"text-align: justify;\">AK Parti&#8217;nin, insanlar\u0131n hayatlar\u0131na m\u00fcdahale y\u00f6n\u00fcnde somut bir tavr\u0131 yok ama, kamuoyuna, ortaya \u00e7\u0131k\u0131\u015f bi\u00e7imi (mesela Ba\u015fbakan\u0131n, Cumhurba\u015fkan\u0131n\u0131n e\u015flerinin k\u0131yafetleri) bu alg\u0131ya sebebiyet veriyor olabilir.<\/p>\n<p style=\"text-align: justify;\"><strong>CHP&#8217;N\u0130N VARLI\u011eI BELL\u0130 DE\u011e\u0130L<\/strong><\/p>\n<p style=\"text-align: justify;\">Endi\u015feli se\u00e7menler demokratik platformda parlamentoda muhalefetin yeterli olmad\u0131\u011f\u0131n\u0131 d\u00fc\u015f\u00fcn\u00fcyor. Muhalefetten beklediklerini alam\u0131yorlar. Bunun \u00fczerine ya yarg\u0131dan ya da ordudan \u00e7\u00f6z\u00fcm bekliyorlar. MHP Lideri Bah\u00e7eli, ordu konusunda kesinlikle taviz vermiyor. &#8216;H\u00fck\u00fcmet de\u011fi\u015fecekse, bu demokratik y\u00f6ntemlerle se\u00e7im platformunda olacak&#8217; diyor. Ama CHP i\u00e7inde bu konuda al\u0131nan net bir tutum yok. Yarg\u0131 beklentilere \u00e7\u00f6z\u00fcm getiremeyince endi\u015feli se\u00e7menler \u00e7\u00f6z\u00fcm\u00fc ordudan bekliyor. K\u0131l\u0131\u00e7daro\u011flu ile CHP, siyasi arenada var m\u0131 yok mu belli de\u011fil! Endi\u015feli se\u00e7menlerin orduya y\u00f6nelmesi sadece militarist olduklar\u0131 i\u00e7in de\u011fil, \u00e7aresizlikten de kaynaklan\u0131yor.<\/p>\n<p style=\"text-align: justify;\"><strong>AK PART\u0130&#8217;YLE END\u0130\u015eE ARTTI<\/strong><\/p>\n<p style=\"text-align: justify;\">Endi\u015felilerin yo\u011fun oldu\u011fu b\u00f6lgelerde ya\u015fam tarz\u0131n\u0131n da di\u011fer b\u00f6lgelere nazaran farkl\u0131 oldu\u011funu d\u00fc\u015f\u00fcn\u00fcyoruz. Bu kesimin e\u011fitim seviyesi y\u00fcksek ve d\u0131\u015f d\u00fcnyayla ileti\u015fimi fazla. Ama son 9 y\u0131la bakt\u0131\u011f\u0131m\u0131zda, AK Parti iktidar\u0131 d\u00f6neminde bu insanlar\u0131n endi\u015felerinin artt\u0131\u011f\u0131 g\u00f6r\u00fcl\u00fcyor.<\/p>\n<p style=\"text-align: justify;\"><strong>ANIT YIKTIRMA KARARI<\/strong><\/p>\n<p style=\"text-align: justify;\">AK Parti&#8217;nin Kars&#8217;taki \u0130nsanl\u0131k An\u0131t\u0131&#8217;n\u0131 y\u0131kt\u0131rma karar\u0131 \u00e7ok yanl\u0131\u015f bir karar oldu. En az\u0131ndan se\u00e7im sonras\u0131 beklenmeliydi. Bu konu g\u00fcndeme bu \u015fekilde getirilmemeliydi. Politikada zamanlama \u00e7ok \u00f6nemlidir. Bu tarz olaylar endi\u015feleri b\u00fcy\u00fcten olaylard\u0131r.<\/p>\n<p style=\"text-align: justify;\"><strong>K\u00dcRTLERLE YA\u015eARIZ AMA..<\/strong><\/p>\n<p style=\"text-align: justify;\">Endi\u015feli se\u00e7menlere, K\u00fcrt siyasi hareketi, K\u00fcrt\u00e7e e\u011fitim ve K\u00fcrtlerle bir arada ya\u015fam konusunda sorular da y\u00f6neltildi. Y\u00fczde 74.7&#8217;si K\u00fcrtlerle bir arada ya\u015famaktan rahats\u0131zl\u0131k duymayaca\u011f\u0131n\u0131 belirtti. Ancak kat\u0131l\u0131mc\u0131lar, &#8216;K\u00fcrt\u00e7e e\u011fitim olmal\u0131 m\u0131?&#8217; sorusuna y\u00fczde 76 oran\u0131nda, &#8216;hay\u0131r&#8217; derken, y\u00fczde 53.1&#8217;i de K\u00fcrt siyasal hareketini temsil eden partilerin kapat\u0131lmas\u0131 gerekti\u011fini savundu.<\/p>\n<p style=\"text-align: justify;\"><strong>\u0130MAM N\u0130KAHINA &#8216;EVET&#8217;<\/strong><\/p>\n<p style=\"text-align: justify;\">&#8216;Endi\u015feli Modern&#8217; veya &#8216;D\u0131\u015flay\u0131c\u0131 Modern&#8217; diye nitelenen kesimin y\u00fczde 69.1&#8217;i, &#8216;evlilik i\u00e7in dini nikah \u015fartt\u0131r&#8217; dedi. Y\u00fczde 60&#8217;tan fazlas\u0131, k\u0131z\u0131n\u0131n farkl\u0131 bir etnik gruptan ya da farkl\u0131 din veya mezhepten birisiyle evlili\u011fine kar\u015f\u0131 \u00e7\u0131kmayaca\u011f\u0131n\u0131 bildirdi. &#8216;Evinizde ya\u015fayan kad\u0131n kolsuz k\u0131yafetle d\u0131\u015far\u0131 \u00e7\u0131kabilir mi?&#8217; sorusuna y\u00fczde 73.5 oran\u0131nda, &#8216;Ailenizde ba\u015f\u0131n\u0131 \u00f6rten var m\u0131?&#8217; sorusuna y\u00fczde 31.3 oran\u0131nda &#8216;evet&#8217; diye yan\u0131t verdiler.<\/p>\n<p style=\"text-align: justify;\"><a href=\"http:\/\/www.gazeteport.com.tr\/GUNCEL\/NEWS\/GP_849155\" target=\"_blank\"><span style=\"color: #888888;\">Kaynak : GAZETEPORT<\/span><\/a><\/p>\n","protected":false},"excerpt":{"rendered":"<p style=\"text-align: center;\">\n<p style=\"text-align: justify;\">Ara\u015ft\u0131rmada &#8216;\u00d6zel hayat\u0131na m\u00fcdahale&#8217; endi\u015fesi ta\u015f\u0131yan kitle mercek alt\u0131na al\u0131nd\u0131. T\u00fcrkiye&#8217;nin gelece\u011finden endi\u015fe duyanlar\u0131n y\u00fczde 13&#8217;\u00fc AK Partili, y\u00fczde 52&#8217;si CHP&#8217;li, y\u00fczde 11.4&#8217;\u00fc ise MHP&#8217;li<\/p>\n<p style=\"text-align: justify;\">ANKARA &#8211; Referandumun ard\u0131ndan \u00f6zellikle Akdeniz ve Ege sahil kesiminde giderek t\u0131rmanan, &#8216;\u00fclkenin gidi\u015fat\u0131&#8217; ve &#8216;\u00f6zel hayata m\u00fcdahale edilece\u011fi&#8217; kayg\u0131s\u0131, alkoll\u00fc i\u00e7kilere y\u00f6nelik <\/p>\n","protected":false},"author":1,"featured_media":0,"comment_status":"open","ping_status":"closed","sticky":false,"template":"","format":"standard","meta":{"footnotes":""},"categories":[105],"tags":[],"class_list":["post-27847","post","type-post","status-publish","format-standard","hentry","category-gundem","odd"],"_links":{"self":[{"href":"http:\/\/www.korhanyilmaz.com\/index.php?rest_route=\/wp\/v2\/posts\/27847","targetHints":{"allow":["GET"]}}],"collection":[{"href":"http:\/\/www.korhanyilmaz.com\/index.php?rest_route=\/wp\/v2\/posts"}],"about":[{"href":"http:\/\/www.korhanyilmaz.com\/index.php?rest_route=\/wp\/v2\/types\/post"}],"author":[{"embeddable":true,"href":"http:\/\/www.korhanyilmaz.com\/index.php?rest_route=\/wp\/v2\/users\/1"}],"replies":[{"embeddable":true,"href":"http:\/\/www.korhanyilmaz.com\/index.php?rest_route=%2Fwp%2Fv2%2Fcomments&post=27847"}],"version-history":[{"count":0,"href":"http:\/\/www.korhanyilmaz.com\/index.php?rest_route=\/wp\/v2\/posts\/27847\/revisions"}],"wp:attachment":[{"href":"http:\/\/www.korhanyilmaz.com\/index.php?rest_route=%2Fwp%2Fv2%2Fmedia&parent=27847"}],"wp:term":[{"taxonomy":"category","embeddable":true,"href":"http:\/\/www.korhanyilmaz.com\/index.php?rest_route=%2Fwp%2Fv2%2Fcategories&post=27847"},{"taxonomy":"post_tag","embeddable":true,"href":"http:\/\/www.korhanyilmaz.com\/index.php?rest_route=%2Fwp%2Fv2%2Ftags&post=27847"}],"curies":[{"name":"wp","href":"https:\/\/api.w.org\/{rel}","templated":true}]}}