{"id":27835,"date":"2011-02-07T11:14:07","date_gmt":"2011-02-07T09:14:07","guid":{"rendered":"http:\/\/www.korhanyilmaz.com\/?p=27835"},"modified":"2011-02-07T11:14:07","modified_gmt":"2011-02-07T09:14:07","slug":"ve-buyukersen-kararini-verdi-chpye-geciyor","status":"publish","type":"post","link":"http:\/\/www.korhanyilmaz.com\/?p=27835","title":{"rendered":"Ve B\u00fcy\u00fcker\u015fen karar\u0131n\u0131 verdi: CHP&#8217;ye ge\u00e7iyor"},"content":{"rendered":"<p style=\"text-align: justify;\"><a href=\"http:\/\/www.korhanyilmaz.com\/wp-content\/uploads\/2011\/02\/201.jpg\"  class=\"lightview\"><img loading=\"lazy\" decoding=\"async\" class=\"aligncenter size-full wp-image-27836\" src=\"http:\/\/www.korhanyilmaz.com\/wp-content\/uploads\/2011\/02\/201.jpg\" alt=\"\" width=\"292\" height=\"194\" \/><\/a><\/p>\n<p style=\"text-align: justify;\">Eski\u015fehir B\u00fcy\u00fck\u015fehir Belediye Ba\u015fkan\u0131 Y\u0131lmaz B\u00fcy\u00fcker\u015fen, se\u00e7menin e\u011filimi do\u011frultusunda CHP&#8217;ye ge\u00e7meye karar verdiklerini belirterek, bu konuda prosed\u00fcr\u00fcn i\u015flemeye ba\u015flayaca\u011f\u0131n\u0131 s\u00f6yledi. <!--more--><\/p>\n<p style=\"text-align: justify;\">B\u00fcy\u00fcker\u015fen, DSP&#8217;den ayr\u0131ld\u0131ktan sonra Eski\u015fehir&#8217;de nabz\u0131n\u0131 tutmaya \u00e7al\u0131\u015ft\u0131klar\u0131 se\u00e7menlerin 4&#8217;te 3&#8217;\u00fcn\u00fcn kendisi gibi DSP&#8217;den istifa eden merkez il\u00e7e Tepeba\u015f\u0131 Belediye Ba\u015fkan\u0131 Ahmet Ata\u00e7 ile CHP&#8217;ye kat\u0131lmalar\u0131 konusunda e\u011filim g\u00f6sterdi\u011fini s\u00f6yledi.<\/p>\n<p style=\"text-align: justify;\">Se\u00e7menlerin Ahmet Ata\u00e7 ile kendisinin belediye ba\u015fkan\u0131 olarak hizmet vermeleri konusunda e\u011filimlerinin oldu\u011funu ifade eden B\u00fcy\u00fcker\u015fen, \u015f\u00f6yle konu\u015ftu:<\/p>\n<p style=\"text-align: justify;\">&#8220;Bunun yan\u0131nda, Tepeba\u015f\u0131 ve Odunpazar\u0131 merkez il\u00e7e belediyelerindeki meclis \u00fcyelerinin de CHP&#8217;li meclis \u00fcyesi olarak yola devam etmek konusunda e\u011filimleri oldu. Eski\u015fehir se\u00e7meninin e\u011filimi do\u011frultusunda CHP&#8217;ye ge\u00e7meye karar verdik. Bu konuda prosed\u00fcr i\u015flemeye ba\u015flayacak.&#8221;<\/p>\n<p style=\"text-align: justify;\"><a href=\"http:\/\/www.cnnturk.com\/2011\/turkiye\/02\/07\/ve.buyukersen.kararini.verdi.chpye.geciyor\/605928.0\/index.html\" target=\"_blank\"><span style=\"color: #888888;\">CNN T\u00dcRK<\/span><\/a><\/p>\n","protected":false},"excerpt":{"rendered":"<p style=\"text-align: justify;\">\n<p style=\"text-align: justify;\">Eski\u015fehir B\u00fcy\u00fck\u015fehir Belediye Ba\u015fkan\u0131 Y\u0131lmaz B\u00fcy\u00fcker\u015fen, se\u00e7menin e\u011filimi do\u011frultusunda CHP&#8217;ye ge\u00e7meye karar verdiklerini belirterek, bu konuda prosed\u00fcr\u00fcn i\u015flemeye ba\u015flayaca\u011f\u0131n\u0131 s\u00f6yledi. <\/p>\n","protected":false},"author":1,"featured_media":0,"comment_status":"open","ping_status":"closed","sticky":false,"template":"","format":"standard","meta":{"footnotes":""},"categories":[105],"tags":[],"class_list":["post-27835","post","type-post","status-publish","format-standard","hentry","category-gundem","odd"],"_links":{"self":[{"href":"http:\/\/www.korhanyilmaz.com\/index.php?rest_route=\/wp\/v2\/posts\/27835","targetHints":{"allow":["GET"]}}],"collection":[{"href":"http:\/\/www.korhanyilmaz.com\/index.php?rest_route=\/wp\/v2\/posts"}],"about":[{"href":"http:\/\/www.korhanyilmaz.com\/index.php?rest_route=\/wp\/v2\/types\/post"}],"author":[{"embeddable":true,"href":"http:\/\/www.korhanyilmaz.com\/index.php?rest_route=\/wp\/v2\/users\/1"}],"replies":[{"embeddable":true,"href":"http:\/\/www.korhanyilmaz.com\/index.php?rest_route=%2Fwp%2Fv2%2Fcomments&post=27835"}],"version-history":[{"count":0,"href":"http:\/\/www.korhanyilmaz.com\/index.php?rest_route=\/wp\/v2\/posts\/27835\/revisions"}],"wp:attachment":[{"href":"http:\/\/www.korhanyilmaz.com\/index.php?rest_route=%2Fwp%2Fv2%2Fmedia&parent=27835"}],"wp:term":[{"taxonomy":"category","embeddable":true,"href":"http:\/\/www.korhanyilmaz.com\/index.php?rest_route=%2Fwp%2Fv2%2Fcategories&post=27835"},{"taxonomy":"post_tag","embeddable":true,"href":"http:\/\/www.korhanyilmaz.com\/index.php?rest_route=%2Fwp%2Fv2%2Ftags&post=27835"}],"curies":[{"name":"wp","href":"https:\/\/api.w.org\/{rel}","templated":true}]}}