{"id":27816,"date":"2011-02-06T11:45:07","date_gmt":"2011-02-06T09:45:07","guid":{"rendered":"http:\/\/www.korhanyilmaz.com\/?p=27816"},"modified":"2011-02-06T11:45:07","modified_gmt":"2011-02-06T09:45:07","slug":"devlet-cemaatle-ortak-sirket-mi-kuruyor","status":"publish","type":"post","link":"http:\/\/www.korhanyilmaz.com\/?p=27816","title":{"rendered":"Devlet Cemaatle Ortak \u015eirket mi Kuruyor?"},"content":{"rendered":"<p style=\"text-align: center;\">&nbsp;<\/p>\n<p style=\"text-align: center;\"><a href=\"http:\/\/www.korhanyilmaz.com\/wp-content\/uploads\/2011\/02\/120.jpg\"  class=\"lightview\"><img loading=\"lazy\" decoding=\"async\" class=\"aligncenter size-full wp-image-27821\" src=\"http:\/\/www.korhanyilmaz.com\/wp-content\/uploads\/2011\/02\/120.jpg\" alt=\"\" width=\"383\" height=\"203\" \/><\/a><\/p>\n<p style=\"text-align: justify;\">Antalya\u2019da devletin kuraca\u011f\u0131 ANSA \u015firketi tart\u0131\u015f\u0131lmaya devam ediyor, \u015firket ba\u015fta T\u00fcnektepe olmak \u00fczere pek \u00e7ok rant alan\u0131n\u0131 i\u015fletecek.<\/p>\n<p style=\"text-align: justify;\">Antalya \u0130l Genel Meclisi, 7 \u015eubat 2011 tarihli birle\u015fiminde g\u00f6r\u00fc\u015f\u00fclecek \u00e7ok say\u0131da maddeyi karara ba\u011flayacak. Ancak g\u00f6zler, meclisin karara ba\u011flamas\u0131 beklenen maddeler aras\u0131nda 28. s\u0131rada bulunan ANSA \u015firketiyle ilgili tart\u0131\u015fmalara \u00e7evrilmi\u015f durumda. <!--more--><\/p>\n<p style=\"text-align: justify;\">\u00d6nce ANSA&#8217;n\u0131n ne anlama geldi\u011fini k\u0131saca aktaral\u0131m, sonra da Antalya&#8217;y\u0131 kar\u0131\u015ft\u0131ran iddialar\u0131 ve i\u00e7inde cemaat-siyaset ve ticaret tart\u0131\u015fmalar\u0131 ge\u00e7en T\u00fcnektepe tart\u0131\u015fmas\u0131n\u0131n ayr\u0131nt\u0131lar\u0131na ge\u00e7elim&#8230;<\/p>\n<p style=\"text-align: justify;\"><strong>ANTALYA VAL\u0130L\u0130\u011e\u0130 T\u0130CARETE SOYUNUYOR! <\/strong><\/p>\n<p style=\"text-align: justify;\">Antalya \u0130l Genel Meclisi&#8217;nin, Kas\u0131m 2010&#8217;da \u0130l \u00d6zel \u0130daresi&#8217;ne ba\u011fl\u0131 olarak kurulmas\u0131n\u0131 onaylad\u0131\u011f\u0131, ANSA \u00d6zel E\u011fitim ve \u00d6zel Sa\u011fl\u0131k K\u00fclt\u00fcr Turizm \u0130n\u015faat Tar\u0131m \u0130\u00e7ecek Ticaret Limited \u015eirketi, kentte yeni bir tart\u0131\u015fma ba\u015flatt\u0131. Antalya Valili\u011fi&#8217;nin, i\u00e7eri\u011fine bak\u0131ld\u0131\u011f\u0131nda \u00e7ok geni\u015f bir alanda ticaret yapmas\u0131 \u00f6ng\u00f6r\u00fclen ANSA \u015firketiyle birlikte &#8216;ticarete soyundu\u011fu&#8217; tart\u0131\u015fmalar\u0131 giderek, &#8216;devlet cemaatle ortak m\u0131 oluyor&#8217; \u015fekline d\u00f6n\u00fc\u015ft\u00fc. \u00c7\u00fcnk\u00fc kurulacak \u015firketin Antalya Valili\u011fi b\u00fcnyesindeki bir vakfa &#8216;\u0131srarla&#8217; y\u00fczde 2&#8217;lik payla ortakl\u0131k teklif etmesi kafalar\u0131 kar\u0131\u015ft\u0131rd\u0131. Kurulacak \u015firketin, T\u00fcnektepe olarak bilinen b\u00f6lgede yer alan d\u00f6nergazino ve di\u011fer i\u015fletmelerin yan\u0131s\u0131ra, Lara Birlik Alan\u0131 ve \u00c7alt\u0131cak mesire alanlar\u0131n\u0131 i\u015fletece\u011fi iddia ediliyor.<\/p>\n<div id=\"attachment_27817\" style=\"width: 413px\" class=\"wp-caption aligncenter\"><a href=\"http:\/\/www.korhanyilmaz.com\/wp-content\/uploads\/2011\/02\/121.jpg\"  class=\"lightview\"><img loading=\"lazy\" decoding=\"async\" aria-describedby=\"caption-attachment-27817\" class=\"size-full wp-image-27817 \" src=\"http:\/\/www.korhanyilmaz.com\/wp-content\/uploads\/2011\/02\/121.jpg\" alt=\"\" width=\"403\" height=\"302\" \/><\/a><p id=\"caption-attachment-27817\" class=\"wp-caption-text\">T\u00fcnektepe muhte\u015fem manzaras\u0131 ile dikkat \u00e7ekiyor<\/p><\/div>\n<p style=\"text-align: justify;\"><strong>618 RAKIMLI T\u00dcNEKTEPE&#8217;YE TELEFER\u0130K PROJES\u0130 <\/strong><\/p>\n<p style=\"text-align: justify;\">T\u00fcnektepe olarak bilinen ve Antalya&#8217;n\u0131n bat\u0131s\u0131nda yer alan 618 rak\u0131ml\u0131 tepe, kente hakim bir noktada bulunuyor. \u00dczerinde kendi ekseninde d\u00f6nen bir restoran ile disco ve otel binalar\u0131ndan olu\u015fan kompleks bulunan T\u00fcnektepe, 1970 li y\u0131llarda zaman\u0131n Antalya Valisi H\u00fcseyin \u00d6\u011f\u00fctcen taraf\u0131ndan projelendirilmi\u015f, 1988 y\u0131l\u0131nda ise Feridun Ayd\u0131n taraf\u0131ndan kiralanm\u0131\u015ft\u0131. Bug\u00fcn bir teleferik in\u015fa edilmesi d\u00fc\u015f\u00fcn\u00fclen T\u00fcnektepe, kurulacak ANSA \u015firketi taraf\u0131ndan i\u015fletilecek.<\/p>\n<p style=\"text-align: justify;\"><strong>\u00d6ZEL \u0130DARE&#8217;DE RANT ARAYI\u015eLARI \u0130DD\u0130ASI <\/strong><\/p>\n<p style=\"text-align: justify;\">Antalya&#8217;y\u0131 kar\u0131\u015ft\u0131ran tart\u0131\u015fmalar\u0131n oda\u011f\u0131ndaki vakf\u0131n nur cemaatine yak\u0131n oldu\u011fu iddialar\u0131 hem il genel meclisinde hem de siyasi kulislerde \u00e7alkalanmaya ba\u015flad\u0131. Antalya \u0130l \u00d6zel \u0130daresi&#8217;ndeki geli\u015fmeleri yak\u0131ndan izleyen Antalyal\u0131 gazeteci Abdullah Yal\u00e7\u0131n, cemaatle ortakl\u0131k iddialar\u0131n\u0131 ilk g\u00fcndeme getiren ki\u015fi. Yal\u00e7\u0131n, yak\u0131ndan izledi\u011fi geli\u015fmeleri \u015f\u00f6yle anlat\u0131yor: &#8220;\u0130smi bende sakl\u0131 bir b\u00fcrokratla yapt\u0131\u011f\u0131m g\u00f6r\u00fc\u015fmede, \u00f6zellikle son birka\u00e7 ayd\u0131r \u0130l \u00d6zel \u0130daresi\u2019nde &#8216;ranta d\u00f6n\u00fck ne yapabiliriz&#8217; s\u00f6ylemlerin oldu\u011funu \u00f6\u011frendim. \u00d6zellikle T\u00fcnektepe&#8217;deki D\u00f6nergazino, Antalya B\u00fcy\u00fck\u015fehir Belediyesi ile \u0130l \u00d6zel \u0130daresi\u2019nin y\u00fczde 50\u2019\u015fer ortakl\u0131\u011f\u0131 bulunan iki kilometre uzunlu\u011fundaki Lara Birlik alan\u0131 ve baz\u0131 m\u00fclkiyetlerin ranta d\u00f6n\u00fck projelendirilmesine y\u00f6nelik g\u00f6r\u00fc\u015f al\u0131\u015fveri\u015fi yap\u0131ld\u0131\u011f\u0131 ileri s\u00fcr\u00fcld\u00fc.Bu t\u00fcr s\u00f6ylemler i\u00e7inde bulunanlar\u0131n Antalya\u2019y\u0131 \u00e7ok iyi tan\u0131mad\u0131\u011f\u0131n\u0131 d\u00fc\u015f\u00fcn\u00fcyorum.&#8221;<\/p>\n<p style=\"text-align: justify;\"><strong>ANTALYA&#8217;DA B\u00d6YLE B\u0130R VAKIF YOK! <\/strong><\/p>\n<p style=\"text-align: justify;\">Abdullah Yal\u00e7\u0131n, \u0130l \u00d6zel \u0130daresi Genel Sekreter Yard\u0131mc\u0131s\u0131 Orhan Bora Ba\u011fcac\u0131er\u2019in T\u00fcnektepe\u2019de sadece kafetarya t\u00fcr\u00fcnde bir i\u015fletme yapacaklar\u0131n\u0131 s\u00f6yledi\u011fini hat\u0131rlatarak; Telekom\u2019u, Petrol Ofisi, PETK\u0130M, SEKA, Elektrik Da\u011f\u0131t\u0131m, TEKEL, T\u00dcPRA\u015e. ET\u0130, Ferrokrom gibi devletin \u00f6nemli kazan\u00e7 sa\u011flad\u0131\u011f\u0131 kurumlar bir bir \u00f6zelle\u015ftirilirken, hi\u00e7bir kazan\u00e7 elde edilemeyece\u011fine inand\u0131\u011f\u0131 T\u00fcnektepe D\u00f6ner Gazino\u2019nun \u0130l \u00d6zel \u0130daresi\u2019nin i\u015fletmek istemesine \u00e7ok \u015fa\u015f\u0131rd\u0131\u011f\u0131n\u0131 anlatarak, &#8220;\u00e7\u00fcnk\u00fc T\u00fcnektepe D\u00f6nergazino i\u00e7in bir \u015firket kuruluyor. ANSA Ltd. \u015eti. ismindeki bu \u015firketin y\u00fczde 98 hissesi \u0130l \u00d6zel \u0130daresi\u2019nin olurken, geri kalan y\u00fczde 2\u2019lik hissesi ise Antalya \u00d6\u011fretim ve E\u011fitim Vakf\u0131\u2019na teklif ediliyor. Vakf\u0131n ad\u0131n\u0131n ba\u015f\u0131nda \u2018Antalya\u2019 oldu\u011funa bakmay\u0131n sak\u0131n. Antalya\u2019da b\u00f6yle bir Vak\u0131f yok&#8221; diyor.<\/p>\n<div id=\"attachment_27818\" style=\"width: 430px\" class=\"wp-caption aligncenter\"><a href=\"http:\/\/www.korhanyilmaz.com\/wp-content\/uploads\/2011\/02\/122.jpg\"  class=\"lightview\"><img loading=\"lazy\" decoding=\"async\" aria-describedby=\"caption-attachment-27818\" class=\"size-full wp-image-27818  \" src=\"http:\/\/www.korhanyilmaz.com\/wp-content\/uploads\/2011\/02\/122.jpg\" alt=\"\" width=\"420\" height=\"316\" \/><\/a><p id=\"caption-attachment-27818\" class=\"wp-caption-text\">ANSA \u015firketinin i\u015fletece\u011fi T\u00fcnektepe\u2019de haz\u0131rl\u0131klar s\u00fcr\u00fcyor<\/p><\/div>\n<p style=\"text-align: justify;\"><strong>NURCU GAZETEDEK\u0130 R\u00d6PORTAJDA DESTEK \u00c7A\u011eRISI <\/strong><\/p>\n<p style=\"text-align: justify;\">Vakf\u0131n merkezinin \u0130stanbul&#8217;da oldu\u011funu s\u00f6yleyen Yal\u00e7\u0131n, Vakf\u0131n Ba\u015fkan\u0131 \u0130smail Hakk\u0131 Tun\u00e7&#8217;un 27 \u015eubat 2008 tarihinde nur cemaatine yak\u0131nl\u0131\u011f\u0131 ile bilinen Yeni Asya Gazetesi\u2019ne verdi\u011fi r\u00f6portajda; \u201cAntalya Vakf\u0131 Ba\u015fkan\u0131 \u0130smail Hakk\u0131 Tun\u00e7, vakf\u0131n kurucular\u0131 aras\u0131nda, ba\u015fta Antalya \u0130l \u00d6zel \u0130daresi olmak \u00fczere, 10 t\u00fczel ki\u015filik bulundu\u011funu belirterek, \u201cOnlardan bir defaya mahsus, kendi kurduklar\u0131 bu vakfa, son kez destek olmalar\u0131n\u0131 istiyoruz\u201d dedi\u011fini an\u0131msatarak, &#8220;neden bir defaya mahsus maddi destek istemi\u015f olabilir?&#8221; sorusunu y\u00f6neltiyor.<\/p>\n<p style=\"text-align: justify;\"><strong>VAL\u0130L\u0130K, VAKFIN YURDUNU NEDEN SATTI <\/strong><\/p>\n<p style=\"text-align: justify;\">Yal\u00e7\u0131n, r\u00f6portajda, 1998 y\u0131l\u0131nda d\u00f6nemin Antalya eski Valisi H\u00fcsn\u00fc Tu\u011flu\u2019nun ve \u0130l Genel Meclisi\u2019nin karar\u0131 ile vakf\u0131n \u0130stanbul Kocamustafapa\u015fa\u2019da bulunan vakf\u0131n iki yurdu sat\u0131ld\u0131\u011f\u0131n\u0131n vurguland\u0131\u011f\u0131n\u0131 belirterek, &#8220;neden 1998 y\u0131l\u0131nda Valilik bu yurtlar\u0131 satt\u0131? Acaba o tarihlerde bu yurtlar belli bir tarikat\u0131n yurduna m\u0131 d\u00f6n\u00fc\u015fm\u00fc\u015ft\u00fc? Vak\u0131f Ba\u015fkan\u0131 Tun\u00e7\u2019un Yeni Asya Gazetesi\u2019ndeki r\u00f6portaj\u0131n son b\u00f6l\u00fcm\u00fcnde ise bak\u0131n ne yaz\u0131yor; &#8216;\u00d6zel idare destek vermedi. B\u00fcy\u00fck\u015fehir Belediyesi de \u00f6yle. \u0130hracat\u00e7\u0131lar Birli\u011fi\u2019ne gitti\u011fimizde, \u2018Yaaa, \u00f6yle bir \u015fey mi var?\u2019 deyip \u015fa\u015f\u0131rd\u0131lar ve hemen istifa dilek\u00e7esini yazd\u0131lar\u201d an\u0131msatmas\u0131nda bulunuyor ve \u0130l \u00d6zel \u0130daresi&#8217;nin \u0131srarla kurulacak \u015firkete ortak etmek istedi\u011fi vak\u0131fla ilgili ku\u015fkular\u0131n\u0131 dile getiriyordu.<\/p>\n<p style=\"text-align: justify;\"><strong>ANTALYA VAKFI: &#8216;YASALARA AYKIRI DAVRANMIYORUZ&#8217; <\/strong><\/p>\n<p style=\"text-align: justify;\">Tart\u0131\u015fmalar\u0131n oda\u011f\u0131ndaki vak\u0131f, Antalya&#8217;da g\u00fcndem yaratan ortakl\u0131k iddialar\u0131yla ilgili bir a\u00e7\u0131klama yaparak, Yeni Asya Gazetesi\u2019nde yay\u0131mlanan r\u00f6portaj\u0131ndan yola \u00e7\u0131k\u0131larak vakf\u0131n Nur cemaati\u2019ne mensupmu\u015f g\u00f6sterilmesini ise iftira olarak de\u011ferlendirdi. Vakf\u0131n a\u00e7\u0131klamas\u0131nda, \u201cVak\u0131f y\u00f6netimi hi\u00e7bir zaman ne devletimizin ilkelerine, yasalar\u0131na ne de Vak\u0131f\u2019\u0131n resmi senedine ayk\u0131r\u0131 davran\u0131\u015f i\u00e7inde olmam\u0131\u015ft\u0131r, olmayacakt\u0131r\u201d ifadeleri yer al\u0131rken, vakf\u0131n a\u00e7\u0131klamas\u0131n\u0131 de\u011ferlendiren Abdullah Yal\u00e7\u0131n, &#8220;Biz Antalya Vakf\u0131\u2019n\u0131n devlete kar\u015f\u0131, devletin ilkelerine ve yasalar\u0131na ayk\u0131r\u0131 davran\u0131\u015f i\u00e7inde oldu\u011funu yazmad\u0131k. Say\u0131n vak\u0131f y\u00f6neticileri cemaatleri bir su\u00e7 \u00f6rg\u00fct\u00fc gibi g\u00f6r\u00fcyorsa o da bizlerin su\u00e7u de\u011fildir&#8221; diye yazd\u0131.<\/p>\n<p style=\"text-align: justify;\"><strong>ANTALYA \u0130L \u00d6ZEL \u0130DARES\u0130: &#8216;VAKFIN S\u0130YAS\u0130 AMACI YOKTUR&#8217; <\/strong><\/p>\n<p style=\"text-align: justify;\">Antalya&#8217;da cemaat ve vak\u0131f tart\u0131\u015fmalar\u0131 iyice alevlenirken, \u0130l \u00d6zel \u0130daresi Genel Sekreteri Faruk Kara\u00e7ay, meclis \u00fcyelerine kurulacak \u015firket, ortakl\u0131k yap\u0131s\u0131 ve ortak olmas\u0131 planlanan vak\u0131fla ilgili bilgiler vererek, \u015firkete ortak olmas\u0131n\u0131 teklif ettikleri vak\u0131fla ilgili &#8221;dini cemaate yak\u0131n oldu\u011fu&#8221; y\u00f6n\u00fcndeki iddialar\u0131n do\u011fru olmad\u0131\u011f\u0131n\u0131 s\u00f6yleyerek, &#8221;Vak\u0131f, hi\u00e7bir siyasi gayesi olmayan, tamamen kendini e\u011fitime adayan insanlardan kuruludur&#8221; a\u00e7\u0131klamas\u0131 yapt\u0131. 1972 y\u0131l\u0131nda kurulan ve kurucular\u0131 aras\u0131nda, Antalya Valili\u011fi, belediye, ticaret odas\u0131 ve \u00e7ok say\u0131da kamu kurulu\u015fu bulunanvakf\u0131n nur cemaatiyle bir ilgisinin bulunup bulunmad\u0131\u011f\u0131na y\u00f6nelik kulislerde, Antalya Valisi Alt\u0131parmak&#8217;\u0131n &#8216;b\u00f6yle bir ba\u011flant\u0131 oldu\u011funu bilmedi\u011fini&#8221; s\u00f6yledi\u011fi bilgisi yer al\u0131rken, baz\u0131 il genel meclisi \u00fcyelerinin &#8216;cemaatle vak\u0131f aras\u0131ndaki ili\u015fkiyi bildikleri&#8217; y\u00f6n\u00fcndeki iddialar konu\u015fuluyor.<\/p>\n<p style=\"text-align: justify;\"><strong>&#8216;\u015e\u0130RKET \u0130NCELEME KOM\u0130SYONU&#8217; KURULDU <\/strong><\/p>\n<p style=\"text-align: justify;\">\u0130l Genel Meclisi Ba\u015fkan\u0131 Cavit Ar\u0131, tart\u0131\u015fmalar \u00fczerine Antalya \u0130l \u00d6zel \u0130daresine ba\u011fl\u0131 \u015firket kurma karar\u0131n\u0131n bir ilk oldu\u011funu, T\u00fcrkiye&#8217;de ilklerin her zaman soru i\u015faretleriyle kar\u015f\u0131land\u0131\u011f\u0131n\u0131 a\u00e7\u0131klad\u0131. Meclis \u00fcyelerinin kafalar\u0131ndaki soru i\u015faretlerinin giderilmesi i\u00e7in \u0130l \u00d6zel \u0130daresi Komisyonu, \u0130l Genel Meclisi parti grup s\u00f6zc\u00fcleri ve temsilcilerinden olu\u015fan inceleme komisyonu kurulmas\u0131n\u0131 \u00f6neren Ar\u0131, kurulacak komisyonun Mu\u011fla ve \u0130zmir&#8217;de \u00f6rnekleri bulunan il \u00f6zel idare \u015firketlerinin yap\u0131s\u0131n\u0131 ve ortakl\u0131k durumunu inceleyebilece\u011fini s\u00f6yledi. Cavit Ar\u0131, kurulacak komisyonun var olan \u015firket \u00f6rneklerini bir hafta 10 g\u00fcn i\u00e7erisinde yerinde inceleyece\u011fini, \u015firketin bir an \u00f6nce kurulmas\u0131na katk\u0131 sa\u011flamak ve karar almak amac\u0131yla da \u0130l Genel Meclisi olarak ilk kez ola\u011fan\u00fcst\u00fc toplant\u0131 yapacaklar\u0131n\u0131 s\u00f6yledi.<\/p>\n<div id=\"attachment_27819\" style=\"width: 392px\" class=\"wp-caption aligncenter\"><a href=\"http:\/\/www.korhanyilmaz.com\/wp-content\/uploads\/2011\/02\/123.jpg\"  class=\"lightview\"><img loading=\"lazy\" decoding=\"async\" aria-describedby=\"caption-attachment-27819\" class=\"size-full wp-image-27819 \" src=\"http:\/\/www.korhanyilmaz.com\/wp-content\/uploads\/2011\/02\/123.jpg\" alt=\"\" width=\"382\" height=\"253\" \/><\/a><p id=\"caption-attachment-27819\" class=\"wp-caption-text\">Kemer Yolu \u00fczerindeki \u00c7alt\u0131cak Plaj\u0131 da ANSA \u015firketinin i\u015fletilece\u011fi yerler aras\u0131nda an\u0131l\u0131yor<\/p><\/div>\n<p style=\"text-align: justify;\"><strong>\u00d6ZEL \u0130DAREYE HOLD\u0130NG G\u0130B\u0130 \u015e\u0130RKET<\/strong><\/p>\n<p style=\"text-align: justify;\">\u0130zmir ve Mu\u011fla&#8217;daki \u00f6rnekleri inceleyecek komisyon \u00e7al\u0131\u015fmalar\u0131n\u0131 s\u00fcrd\u00fcr\u00fcrken, konunun pe\u015fini b\u0131rakmayan gazeteci Abdullah Yal\u00e7\u0131n,<\/p>\n<p style=\"text-align: justify;\">kurulacak olan \u015firketin faaliyet alanlar\u0131na bak\u0131ld\u0131\u011f\u0131nda \u201c\u0130l \u00d6zel \u0130daresi Holding mi kuruyor?\u201d dedirtecek t\u00fcrden ayr\u0131nt\u0131lar oldu\u011funu belirtiyor ve \u015firketin faaliyet alanlar\u0131n\u0131 \u015f\u00f6yle s\u0131ral\u0131yordu: &#8220;Mesela turizm sekt\u00f6r\u00fcnde seyahat acentesi kurarak yerli ve yabanc\u0131 turistlere konaklama hizmeti verebilecek, turlar d\u00fczenleyerek yolcu ta\u015f\u0131yabilecek. Tar\u0131m sekt\u00f6r\u00fcnde ithalat ve ihracat yapabilecek. Zeytin bah\u00e7eleri kurabilecek. Konserve sanayisine girebilecek. \u0130n\u015faat sekt\u00f6r\u00fcnde t\u00fcneller, limanlar, fabrikalar yapabilecek. Sa\u011fl\u0131k sekt\u00f6r\u00fcnde hastane a\u00e7abilecek, aile hekimli\u011fi hizmeti verebilecek. E\u011fitim sekt\u00f6r\u00fcnde okullar, kurslar a\u00e7abilecek, bas\u0131m ve yay\u0131n i\u015fleri yapabilecek. \u0130\u00e7ecek sekt\u00f6r\u00fcnde ise i\u00e7me ve kaynak suyu alam\u0131, sat\u0131m\u0131, ambalajlama, da\u011f\u0131t\u0131m ve pazarlama yapabilecek. Bu kadar i\u015ftigal alan\u0131 olan bir holding oldu\u011funu bug\u00fcne kadar duymu\u015f de\u011filim. Devleti y\u00f6netenler bu \u00fclkede cumhuriyetin kazan\u0131mlar\u0131n\u0131 bir bir \u00f6zelle\u015ftirirken, bu kez devletin kamu \u015firketi arac\u0131l\u0131\u011f\u0131 ile t\u00fcccarl\u0131k yapmaya kalkmas\u0131 ger\u00e7ekten \u00e7ok ilgin\u00e7. Ayr\u0131ca \u0130l \u00d6zel \u0130daresi y\u00f6netiminin &#8216;zaman\u0131m\u0131z \u00e7ok dar. Baz\u0131 imk\u00e2nlar\u0131 ka\u00e7\u0131rmadan bu \u015firketi bir an \u00f6nce kurmal\u0131y\u0131z&#8217; s\u00f6yleminin i\u00e7eri\u011finin netlik kazanmas\u0131 gerekiyor.&#8221;<\/p>\n<p style=\"text-align: justify;\"><strong>T\u00dcNEKTEPE&#8217;N\u0130N \u0130\u015eLETMEC\u0130S\u0130: &#8216;TAHL\u0130YE YASAL DE\u011e\u0130L!&#8217; <\/strong><\/p>\n<p style=\"text-align: justify;\">Antalya \u0130l \u00d6zel \u0130dare M\u00fcd\u00fcrl\u00fc\u011f\u00fcn\u00fcn m\u00fclkiyetindeki T\u00fcnektepe&#8217;deki D\u00f6ner Gazino&#8217;nun i\u015fletmecisi, 20 y\u0131ll\u0131k kiralama s\u00fcresi sona erdi\u011fi gerek\u00e7esiyle 19 Temmuz 2010 tarihinde tahliye edilmi\u015fti. Mahkeme karar\u0131yla ve polis g\u00f6zetimindeger\u00e7ekle\u015fen bo\u015faltma s\u0131ras\u0131nda gazetecilere a\u00e7\u0131klama yapan i\u015fletme sahibi Feridun Ayd\u0131n, tahliye i\u015fleminin hukuka ayk\u0131r\u0131 oldu\u011funu \u00f6ne s\u00fcrerek yarg\u0131 s\u00fcreci tamamlanmadan i\u015fletmenin zorla tahliye edildi\u011fini s\u00f6ylemi\u015f, gazinoyla ilgili s\u00fcreci \u015f\u00f6yle anlatm\u0131\u015ft\u0131: &#8221;20 y\u0131l \u00f6nce yap-i\u015flet-devret modeliyle ald\u0131\u011f\u0131m\u0131z D\u00f6ner Gazino&#8217;ya 9 milyon dolarl\u0131k yat\u0131r\u0131m yapt\u0131k. Burada 150 yatakl\u0131 otel, bin 200 ki\u015filik disco ve restorant yaparak buray\u0131 turizm merkezi haline getirdik. Buray\u0131 kiralarken \u0130l \u00d6zel \u0130daresi&#8217;nin T\u00fcnektepe&#8217;ye \u00e7\u0131kan yollar\u0131n yap\u0131lmas\u0131 ve teleferik kurulmas\u0131 taahh\u00fcd\u00fc vard\u0131. Ancak bug\u00fcne kadar bunlar yap\u0131lmad\u0131. Biz y\u0131llarca bu taleplerimizi yetkililere iletmeye \u00e7al\u0131\u015ft\u0131k ancak teleferik yap\u0131m\u0131 i\u00e7in bug\u00fcne kadar bir sonu\u00e7 alamad\u0131k. Dolay\u0131s\u0131yla teleferik yap\u0131lmad\u0131\u011f\u0131 i\u00e7in zarar ettik. S\u00fcre dolunca da (Siz burada i\u015fgalcisiniz, buray\u0131 bo\u015falt\u0131n) \u015feklinde uyar\u0131 ald\u0131k. Bunun \u00fczerine (Biz buray\u0131 i\u015fletemedik siz \u015fartlar\u0131 yerine getirmediniz) diyerek itiraz ettik. Antalya B\u00f6lge \u0130dare ve Ticaret Mahkemeleri&#8217;nde davalar\u0131m\u0131z devam ediyor. Ancak bizim itirazlar\u0131m\u0131za bir sonu\u00e7 al\u0131nmadan \u0130l \u00d6zel \u0130daresi mahkemece tahliye karar\u0131 ald\u0131rarak buray\u0131 bo\u015faltmam\u0131z\u0131 istedi.\u201d<\/p>\n<p style=\"text-align: justify;\">Antalya \u0130l \u00d6zel \u0130daresi yetkilileri ise tahliyelerin mahkeme karar\u0131yla ger\u00e7ekle\u015ftirildi\u011fini a\u00e7\u0131klam\u0131\u015flard\u0131.<\/p>\n<div id=\"attachment_27820\" style=\"width: 432px\" class=\"wp-caption aligncenter\"><a href=\"http:\/\/www.korhanyilmaz.com\/wp-content\/uploads\/2011\/02\/124.jpg\"  class=\"lightview\"><img loading=\"lazy\" decoding=\"async\" aria-describedby=\"caption-attachment-27820\" class=\"size-full wp-image-27820 \" src=\"http:\/\/www.korhanyilmaz.com\/wp-content\/uploads\/2011\/02\/124.jpg\" alt=\"\" width=\"422\" height=\"229\" \/><\/a><p id=\"caption-attachment-27820\" class=\"wp-caption-text\">7 Ocak 2011 Antalya K\u00f6rfez Gazetesi<\/p><\/div>\n<p style=\"text-align: justify;\"><strong>ANSA \u015e\u0130RKET\u0130 YEN\u0130DEN \u0130L MECL\u0130S\u0130 G\u00dcNDEM\u0130NDE <\/strong><\/p>\n<p style=\"text-align: justify;\">Antalya&#8217;da cemaat-\u015firket tart\u0131\u015fmalar\u0131 s\u00fcrerken, il genel meclisinde olu\u015fturulan komisyon \u0130zmir ve Mu\u011fla&#8217;daki incelemelerini tamamlad\u0131. \u0130l Genel Meclisi&#8217;nin 7 \u015eubat&#8217;ta yapaca\u011f\u0131 birle\u015fimde g\u00f6r\u00fc\u015f\u00fclecek olan ANSA \u015firketiyle ilgili, meclisin duyurusunda \u015fu ifadelere yer verildi: &#8221; ANSA \u00d6zel E\u011fitim ve \u00d6zel Sa\u011fl\u0131k K\u00fclt\u00fcr Turizm \u0130n\u015faat Tar\u0131m \u0130\u00e7ecek Ticaret Limitet \u015eirketinin her bir pay\u0131 150,00 TL olan 100 paya ayr\u0131lm\u0131\u015f l5.000,00TL\u2019lik sermayeye sahip olacak ve bu sermayenin % 2&#8217;si olan 300,00 TL\u2019si Antalya \u00d6\u011fretim ve E\u011fitim Vakf\u0131na, %98\u2019i olan 14.700,00TL ise Antalya \u0130l \u00d6zel \u0130daresine ait olmak \u00fczere k\u0131sa ad\u0131 ANSA olup, Merkezinin Antalya\u2019da olaca\u011f\u0131, 5302 Say\u0131l\u0131 Kanunun 52.maddesi uyar\u0131nca kurulacak \u015firkete yukar\u0131da belirtilen sermaye oran\u0131nda \u0130limiz \u00d6zel \u0130daresinin ortak olup olmayaca\u011f\u0131; \u015eirketin kurulmas\u0131 ve \u0130darenin ortak olmas\u0131 uygun g\u00f6r\u00fcld\u00fc\u011f\u00fc takdirde 4046 say\u0131l\u0131 Kanunun 26.maddesine g\u00f6re gerekli Bakanlar Kurulu Karar\u0131 ve di\u011fer i\u015flemleri yapmak \u00fczere Antalya \u0130l \u00d6zel \u0130daresini kurulacak \u015firkette Antalya Valisi Dr. Ahmet Alt\u0131parmak ile \u0130l \u00d6zel \u0130daresi Genel Sekreteri Faruk Kara\u00e7ay taraf\u0131ndan temsil edilmesi i\u00e7in yetki verilmesi teklifi ile ilgili Plan ve B\u00fct\u00e7e Komisyonu, Hukuk Komisyonu ile \u00d6zel \u0130dare Komisyonu raporlar\u0131n\u0131n g\u00f6r\u00fc\u015f\u00fclmesi.&#8221;<\/p>\n<p style=\"text-align: justify;\"><strong>VAKFIN ORTAK ED\u0130LMES\u0130N\u0130 K\u0130M \u00d6NERD\u0130 <\/strong><\/p>\n<p style=\"text-align: justify;\">Antalya&#8217;y\u0131 kar\u0131\u015ft\u0131ran cemaat-devlet ortakl\u0131\u011f\u0131 iddialar\u0131 bitecek gibi g\u00f6r\u00fcnm\u00fcyor. \u0130ddialar\u0131 ilk kez g\u00fcndeme getiren gazeteci Abdullah Yal\u00e7\u0131n, &#8220;\u0130l \u00d6zel \u0130daresi\u2019nin ortak oldu\u011fu bir s\u00fcr\u00fc birlikler dururken, belli bir tarikata hizmet etti\u011fi iddia edilen bir vakf\u0131n ortak edilmesi i\u00e7in kim \u00f6neride bulundu?Faruk Kara\u00e7ay\u2019\u0131n vak\u0131f y\u00f6neticilerini Antalya\u2019ya davet etmesini kim \u00f6nerdi? Genel Sekreterin makam odas\u0131nda yap\u0131lan g\u00f6r\u00fc\u015fmelerde vakfa ne t\u00fcr vaatlerde bulunuldu?&#8221; sorular\u0131n\u0131n yan\u0131t\u0131n\u0131 ar\u0131yor.<\/p>\n<p style=\"text-align: justify;\"><strong>YANITLAR VAKFIN Y\u00d6NET\u0130M KURULU KARARINDA <\/strong><\/p>\n<p style=\"text-align: justify;\">Bu sorular\u0131n baz\u0131lar\u0131n\u0131n yan\u0131t\u0131n\u0131 Vak\u0131f Y\u00f6netim Kurulu\u2019nun 7 Eyl\u00fcl 2010 tarihinde yapt\u0131\u011f\u0131 toplant\u0131n\u0131n 183 say\u0131l\u0131 karar\u0131yla \u00f6\u011frendi\u011fini belirten Yal\u00e7\u0131n, vakf\u0131n karar\u0131n\u0131 da aktar\u0131yor:<\/p>\n<p style=\"text-align: justify;\"><strong>\u0130\u015eTE TARTI\u015eILAN O KARAR <\/strong><\/p>\n<p style=\"text-align: justify;\">\u201cVakf\u0131n kurucu t\u00fczel ki\u015filerinden Antalya Valili\u011fi \u00d6zel \u0130daresi ad\u0131na Genel Sekreter Faruk Kara\u00e7ay\u2019\u0131n daveti \u00fczerine makam\u0131nda yap\u0131lan g\u00f6r\u00fc\u015fmelerde; \u00d6zel \u0130darece bir limitet \u015firket kurulaca\u011f\u0131 ve bu \u015firket vas\u0131tas\u0131 ile \u00d6zel \u0130dareye ait m\u00fclklerin i\u015fletilece\u011fi ve di\u011fer ticari faaliyetlerde bulunaca\u011f\u0131, \u015firket kurucu ortaklar\u0131n\u0131n ise \u00d6zel \u0130dare ile Vakf\u0131m\u0131z\u0131n olmas\u0131 arzu edildi\u011fi ve d\u00fc\u015f\u00fcn\u00fcld\u00fc\u011f\u00fc \u00f6\u011frenilmi\u015ftir. Bu d\u00fc\u015f\u00fcnce Vakf\u0131m\u0131z\u0131n faaliyetlerine maddi manevi \u00e7ok olumlu katk\u0131lar sa\u011flayaca\u011f\u0131 i\u00e7in memnuniyetle kar\u015f\u0131lanm\u0131\u015f ve olumlu g\u00f6r\u00fc\u015f belirtilmi\u015ftir.\u201d<\/p>\n<p><a href=\"http:\/\/www.odatv.com\/n.php?n=devlet-cemaatle-ortak-sirket-mi-kuruyor--0602111200\" target=\"_blank\"><span style=\"color: #888888;\">Kaynak : Yusuf Yavuz &#8211;\u00a0 Odatv.com<\/span><\/a><\/p>\n","protected":false},"excerpt":{"rendered":"<p style=\"text-align: center;\">&nbsp;<\/p>\n<p style=\"text-align: center;\">\n<p style=\"text-align: justify;\">Antalya\u2019da devletin kuraca\u011f\u0131 ANSA \u015firketi tart\u0131\u015f\u0131lmaya devam ediyor, \u015firket ba\u015fta T\u00fcnektepe olmak \u00fczere pek \u00e7ok rant alan\u0131n\u0131 i\u015fletecek.<\/p>\n<p style=\"text-align: justify;\">Antalya \u0130l Genel Meclisi, 7 \u015eubat 2011 tarihli birle\u015fiminde g\u00f6r\u00fc\u015f\u00fclecek \u00e7ok say\u0131da maddeyi karara ba\u011flayacak. Ancak g\u00f6zler, meclisin karara ba\u011flamas\u0131 beklenen maddeler aras\u0131nda 28. s\u0131rada bulunan ANSA <\/p>\n","protected":false},"author":1,"featured_media":0,"comment_status":"open","ping_status":"closed","sticky":false,"template":"","format":"standard","meta":{"footnotes":""},"categories":[105],"tags":[],"class_list":["post-27816","post","type-post","status-publish","format-standard","hentry","category-gundem","odd"],"_links":{"self":[{"href":"http:\/\/www.korhanyilmaz.com\/index.php?rest_route=\/wp\/v2\/posts\/27816","targetHints":{"allow":["GET"]}}],"collection":[{"href":"http:\/\/www.korhanyilmaz.com\/index.php?rest_route=\/wp\/v2\/posts"}],"about":[{"href":"http:\/\/www.korhanyilmaz.com\/index.php?rest_route=\/wp\/v2\/types\/post"}],"author":[{"embeddable":true,"href":"http:\/\/www.korhanyilmaz.com\/index.php?rest_route=\/wp\/v2\/users\/1"}],"replies":[{"embeddable":true,"href":"http:\/\/www.korhanyilmaz.com\/index.php?rest_route=%2Fwp%2Fv2%2Fcomments&post=27816"}],"version-history":[{"count":0,"href":"http:\/\/www.korhanyilmaz.com\/index.php?rest_route=\/wp\/v2\/posts\/27816\/revisions"}],"wp:attachment":[{"href":"http:\/\/www.korhanyilmaz.com\/index.php?rest_route=%2Fwp%2Fv2%2Fmedia&parent=27816"}],"wp:term":[{"taxonomy":"category","embeddable":true,"href":"http:\/\/www.korhanyilmaz.com\/index.php?rest_route=%2Fwp%2Fv2%2Fcategories&post=27816"},{"taxonomy":"post_tag","embeddable":true,"href":"http:\/\/www.korhanyilmaz.com\/index.php?rest_route=%2Fwp%2Fv2%2Ftags&post=27816"}],"curies":[{"name":"wp","href":"https:\/\/api.w.org\/{rel}","templated":true}]}}