{"id":27813,"date":"2011-02-03T07:41:20","date_gmt":"2011-02-03T05:41:20","guid":{"rendered":"http:\/\/www.korhanyilmaz.com\/?p=27813"},"modified":"2011-02-03T07:41:20","modified_gmt":"2011-02-03T05:41:20","slug":"o-kasetlerin-sahibi-cemaatin-ta-kendisi","status":"publish","type":"post","link":"http:\/\/www.korhanyilmaz.com\/?p=27813","title":{"rendered":"O Kasetlerin Sahibi Cemaatin Ta Kendisi"},"content":{"rendered":"<p style=\"text-align: justify;\"><a href=\"http:\/\/www.korhanyilmaz.com\/wp-content\/uploads\/2011\/02\/119.jpg\"  class=\"lightview\"><img loading=\"lazy\" decoding=\"async\" class=\"aligncenter size-full wp-image-27814\" src=\"http:\/\/www.korhanyilmaz.com\/wp-content\/uploads\/2011\/02\/119.jpg\" alt=\"\" width=\"250\" height=\"175\" \/><\/a><\/p>\n<p style=\"text-align: justify;\">Hanefi Avc\u0131, terk etti\u011fi ofisinde bulunan dinleme kasetlerinin cemaat taraf\u0131ndan ofisine konuldu\u011funa dair kan\u0131tlar sundu.<\/p>\n<p style=\"text-align: justify;\">Emniyet\u2019teki cemaat \u00f6rg\u00fctlenmesini anlatan Hali\u00e7\u2019te Ya\u015fayan Simonlar kitab\u0131ndan sonra Devrimci Karargah \u00f6rg\u00fct\u00fc \u00fcyesi oldu\u011fu iddias\u0131yla tutuklanan Hanefi Avc\u0131, avukatlar\u0131 arac\u0131l\u0131\u011f\u0131yla bir bas\u0131n a\u00e7\u0131klamas\u0131 yapt\u0131. Avc\u0131 a\u00e7\u0131klamas\u0131nda kendi makam\u0131nda bulundu\u011fu iddia edilen kasetlere ili\u015fkin \u00f6nemli bilgiler verdi. Daha \u00f6nce terk etti\u011fi makam\u0131nda bulunan kasetlerin bizzat cemaat taraf\u0131ndan makam\u0131na yerle\u015ftirildi\u011fini anlatan Avc\u0131, buna ili\u015fkin \u00f6nemli kan\u0131tlar sundu. <!--more--><\/p>\n<p style=\"text-align: justify;\"><span style=\"text-decoration: underline;\"><em>\u0130\u015fte Hanefi Avc\u0131\u2019n\u0131n a\u00e7\u0131klamas\u0131n\u0131n tamam\u0131: <\/em><\/span><\/p>\n<p style=\"text-align: justify;\">Eski makam\u0131mda bulundu\u011fu iddia edilerek aleyhimde adli tahkikatlarda ve bas\u0131n organlar\u0131nda haberle\u015ftirilerek kullan\u0131lan, bir\u00e7ok ki\u015finin dinleme kay\u0131tlar\u0131n\u0131n bulundu\u011fu s\u00f6ylenen, bir \u00e7anta i\u00e7erisinde 24 adet kaset iftira ama\u00e7l\u0131, sahte delil yaratmak i\u00e7in oraya konmu\u015ftur.<\/p>\n<p style=\"text-align: justify;\">Esasen \u201cHali\u00e7te Ya\u015fayan Simonlar\u201d isimli kitab\u0131m\u0131n ikinci b\u00f6l\u00fcm\u00fc, adliye ve polis i\u00e7erisinde birlikte hareket ederek, bu t\u00fcr sahte delil ve tahkikat \u00fcreten bir yap\u0131y\u0131 te\u015fhir etmek \u00fczere yaz\u0131lm\u0131\u015ft\u0131r.<\/p>\n<p style=\"text-align: justify;\">Olay\u0131n tam ger\u00e7e\u011finin \u00f6\u011frenilmesi ve soru\u015fturma g\u00f6revi yapanlar\u0131n i\u00e7erisinde sahte delil yaratma olay\u0131n\u0131n her zaman ve yayg\u0131n olarak kullan\u0131ld\u0131\u011f\u0131n\u0131n kamuoyunca bilinmesi i\u00e7in bu kasetlerle ilgili olarak hakk\u0131mda yap\u0131lan idari soru\u015fturmada yapt\u0131\u011f\u0131m savunmam ektedir. Arz ederim.<\/p>\n<p style=\"text-align: justify;\"><strong><em>Hanefi AVCI<\/em><\/strong><\/p>\n<p style=\"text-align: justify;\">Eski\u015fehir Emniyet M\u00fcd\u00fcrl\u00fc\u011f\u00fc Makam ve M\u00fc\u015ftemilat\u0131nda bulunan ve el konan e\u015fyalar\u0131n benimle hi\u00e7bir alakas\u0131 yoktur. \u015e\u00f6yle ki;<\/p>\n<p style=\"text-align: justify;\">a) Ben 31.08.2010 Tarihinde Eski\u015fehir Emniyet M\u00fcd\u00fcrl\u00fc\u011f\u00fc g\u00f6revinden ili\u015fi\u011fimi kestim. Birka\u00e7 g\u00fcn e\u015fyalar\u0131m\u0131 toplama, veda ziyaretleri dolay\u0131s\u0131yla bir iki saatlik u\u011framalar\u0131m sonras\u0131nda t\u00fcm \u00f6zel e\u015fyalar\u0131m\u0131, \u00f6zel kalemde g\u00f6revli polis memurlar\u0131 Nazmi AYHAN ve \u0130lker YILDIRIM ile birlikte toplay\u0131p liste haline getirerek ayr\u0131ld\u0131m. Eski makamda bana ait hi\u00e7bir \u00f6zel e\u015fya yoktur. T\u00fcm \u00f6zel e\u015fyalar\u0131m memurlar\u0131m taraf\u0131ndan listelenerek paketlenmi\u015f ve konutuma b\u0131rak\u0131lm\u0131\u015ft\u0131r.<\/p>\n<p style=\"text-align: justify;\">14.09.2009 tarihinde Emniyet Genel M\u00fcd\u00fcrl\u00fc\u011f\u00fc\u2019nde g\u00f6reve ba\u015flad\u0131m. Eski makamla hi\u00e7bir alakam kalmam\u0131\u015ft\u0131r. 16 Eyl\u00fcl tarihinden sonra Eski\u015fehir iline bile hi\u00e7 u\u011framad\u0131m. \u0130zin vs i\u015flerim nedeniyle ba\u015fka yerlerde bulundum.<\/p>\n<p style=\"text-align: justify;\">b)Arama, soru\u015fturulan su\u00e7la ilgili bir delil bulma umuduyla yap\u0131l\u0131r. Eski makamda ne bulunaca\u011f\u0131 umuduyla arama yap\u0131ld\u0131\u011f\u0131 anla\u015f\u0131lamad\u0131\u011f\u0131 gibi neden adli zab\u0131ta g\u00f6revi olmayan Emniyet Genel M\u00fcd\u00fcrl\u00fc\u011f\u00fc Ter\u00f6rle M\u00fccadele Daire Ba\u015fkanl\u0131\u011f\u0131\u2019ndan \u00e7al\u0131\u015fan polis memurlar\u0131na arama yapt\u0131r\u0131ld\u0131\u011f\u0131 da anla\u015f\u0131lamamaktad\u0131r. Arama esnas\u0131nda parmak izi ara\u015ft\u0131rmas\u0131 vb i\u015flemler de yap\u0131lmam\u0131\u015ft\u0131r.<\/p>\n<p style=\"text-align: justify;\">Eski makamda bulunan kaset ve 19 CD\u2019nin benimle alakas\u0131 yoktur. \u015e\u00f6yle ki;<\/p>\n<p style=\"text-align: justify;\">c) Emniyet M\u00fcd\u00fcrl\u00fc\u011f\u00fc \u00d6zel Kalemi\u2019nde \u00e7al\u0131\u015fan, \u015fahsi e\u015fyalar\u0131m\u0131n bir y\u0131l \u00f6nce Edirne ilinden kolilerle geldi\u011fi zaman odaya dolaplara yerle\u015ftirilen, \u015fimdi de tayinim \u00e7\u0131kt\u0131\u011f\u0131ndan eyl\u00fcl ay\u0131 ilk haftas\u0131 i\u00e7inde e\u015fyalar\u0131 toplay\u0131p listeleyerek kolileyip bana g\u00f6nderen \u00f6zel kalemde g\u00f6revli polis memuru Nazmi AYHAN, \u0130lker YILDIRIM ve temizlik g\u00f6revlisi C\u00fcneyt G\u00d6KTEPE de \u015fahit olup, bu bantlar\u0131n odama ayr\u0131lmamdan sonra gizlice konup iftira edildi\u011fini ve bu durumun tespiti i\u00e7in Eski\u015fehir Cumhuriyet Savc\u0131l\u0131\u011f\u0131\u2019na m\u00fcracaat\u0131m \u00fczerine bu g\u00f6revlilerin al\u0131nan ifadelerinde; ne \u00e7al\u0131\u015ft\u0131\u011f\u0131m d\u00f6nemde ne de g\u00f6revden ayr\u0131l\u0131p e\u015fyalar\u0131m\u0131 toplamamdan sonra makam odas\u0131nda temizlik yapt\u0131klar\u0131 s\u0131rada aramalarda bulundu\u011fu iddia edilen \u00e7anta ve kasetleri g\u00f6rmediklerini, orada olsa mutlaka g\u00f6receklerini, k\u00fc\u00e7\u00fcc\u00fck odada her g\u00fcn temizlik yap\u0131lmas\u0131na ra\u011fmen \u00e7antay\u0131 g\u00f6rmediklerine dair beyanlar\u0131,<\/p>\n<p style=\"text-align: justify;\">d) Bu kasetlerde sesleri bulundu\u011fu i\u00e7in ifadeleri al\u0131nan ma\u011fdur ki\u015filerin bas\u0131na yapt\u0131klar\u0131 a\u00e7\u0131klamalara g\u00f6re, kay\u0131tl\u0131 olan seslerin 1994 ile 1999 y\u0131llar\u0131 aras\u0131nda oldu\u011fu; baz\u0131lar\u0131n\u0131n ise (\u00c7. HARMANKAYA\u2019n\u0131n beyan\u0131) resmi ve \u00f6zel kurumlar\u0131n santrallerinden kaydedildi\u011fi bildirildi\u011finden, \u00f6zellikle bu tarihler benim istihbarat birimlerinde g\u00f6revli oldu\u011fum tarihlerle uyu\u015fmamaktad\u0131r.<\/p>\n<p style=\"text-align: justify;\">Nisan 1992 A\u011fustos 1995 tarihleri aras\u0131nda, \u0130stanbul \u0130stihbarat \u015eube M\u00fcd\u00fcrl\u00fc\u011f\u00fc; Mart 1996 Temmuz 1997 y\u0131llar\u0131 aras\u0131nda y\u0131llar\u0131 aras\u0131nda \u0130stihbarat Daire Ba\u015fkan Yard\u0131mc\u0131l\u0131\u011f\u0131 g\u00f6revinde bulundum. Bundan dolay\u0131, 1998-1999 y\u0131llar\u0131ndaki kay\u0131tlar\u0131n g\u00f6rev yeri a\u00e7\u0131s\u0131ndan tarih itibar\u0131 ile uyu\u015fmad\u0131\u011f\u0131 gibi, GATA Askeri Santrali ve H\u00fcrriyet Gazetesi Santrali kay\u0131tlar\u0131n\u0131n poliste olmas\u0131 imkans\u0131z oldu\u011fu gibi, son zamanlarda bu t\u00fcr yerlere ait dinlemenin, cemaate ait internet sitesinde yay\u0131nlanmas\u0131 da kayna\u011f\u0131n adresini g\u00f6stermektedir.<\/p>\n<p style=\"text-align: justify;\">e) Bu sitelerde ses kayd\u0131 oldu\u011fu s\u00f6ylenen \u00c7evik B\u0130R Pa\u015fa\u2019n\u0131n hastal\u0131\u011f\u0131ndan dolay\u0131, hastaneden ba\u015fka isimle randevu ald\u0131\u011f\u0131, o tarihlerde ili\u015fkisi oldu\u011fu s\u00f6ylenen (yaz\u0131lan) Sevda DEM\u0130REL isimli mankenden hastal\u0131k kapt\u0131\u011f\u0131 20 EK\u0130M 2010 tarihli cemaat sitelerince yaz\u0131lm\u0131\u015f olmas\u0131ndan, kaset i\u00e7eriklerini \u00f6nceden bilmi\u015f olduklar\u0131n\u0131 g\u00f6sterir. Kasetler bana ait ise, i\u00e7eriklerini \u00f6nceden onlar nas\u0131l biliyorlar?<\/p>\n<p style=\"text-align: justify;\">f) Elli \u00fc\u00e7 ki\u015finin hem de 16-17 y\u0131l \u00f6ncesine ait seslerine bakarak kimliklerinin tespit edilmesine, Mehmet Ali B\u0130RAND, Fatih ALTAYLI gibi kamuoyunca tan\u0131nanlar i\u00e7in kolay olsa bile, ismi ilk defa duyulan, sesi bilinmeyen ki\u015filer a\u00e7\u0131s\u0131ndan da kasetin ger\u00e7ek sahipleri ile kimlikleri tespit edenler aras\u0131nda organik bir ba\u011f oldu\u011funu g\u00f6stermektedir.<\/p>\n<p style=\"text-align: justify;\">g) D\u00f6rt adet kasette ses olmad\u0131\u011f\u0131 veya k\u0131s\u0131k ses kayd\u0131n\u0131n oldu\u011fu, anla\u015f\u0131lmad\u0131\u011f\u0131 gerek\u00e7esiyle, seslerin bilirki\u015fi uzman incelemesi i\u00e7in TUB\u0130TAK g\u00f6revlilerine savc\u0131l\u0131k taraf\u0131ndan usuls\u00fcz bir \u015fekilde verilmesine kalk\u0131ld\u0131\u011f\u0131na dair, Avukat\u0131m Fidel OKAN\u2019\u0131n itiraz etti\u011fi tutanakta anla\u015f\u0131laca\u011f\u0131 \u00fczere i\u00e7erisinde ses kayd\u0131 olmayan anlams\u0131z kasetleri, 14-15 y\u0131l ta\u015f\u0131d\u0131\u011f\u0131m gibi makul olmayan bir mana \u00e7\u0131kmaktad\u0131r. Bo\u015f kasetleri iftira i\u00e7in aceleyle 24 adet kaset haz\u0131rlan\u0131rken kontrol edilmeden yap\u0131lan kay\u0131tlar oldu\u011fu \u015f\u00fcphesini uyand\u0131rmaktad\u0131r.<\/p>\n<p style=\"text-align: justify;\">h) Benim en son g\u00f6rev yapt\u0131\u011f\u0131m ve en \u00e7ok yolsuzluk operasyonlar\u0131nda dinlemelerde faydaland\u0131\u011f\u0131m 2003-2005 y\u0131llar\u0131nda Ka\u00e7ak\u00e7\u0131l\u0131k Daire Ba\u015fkan\u0131 olarak, 2005-2009 y\u0131llar\u0131nda Kap\u0131kule Operasyonlar\u0131 nedeniyle Edirne ilindeki hi\u00e7bir dinleme ve ses kayd\u0131n\u0131n olmamas\u0131, e\u011fer bu kay\u0131tlar benim olsayd\u0131, bu yerlerdeki kay\u0131tlar\u0131n da olmas\u0131 gerekirdi.<\/p>\n<p style=\"text-align: justify;\">\u0131) Y\u00fczden fazla teyp kayd\u0131n\u0131n dijitale \u00e7evrilerek bir iki santim boyundaki USB belleklere veya bir CD\u2019ye s\u0131\u011fd\u0131\u011f\u0131 g\u00fcn\u00fcm\u00fczde, benim gibi bilgisayar teknolojisinde uzun s\u00fcredir ha\u015f\u0131r ne\u015fir olan birisinin, 15 y\u0131l s\u00fcreyle il il, 24 adet band\u0131 yan\u0131nda ta\u015f\u0131mas\u0131, hayat\u0131n ola\u011fan ak\u0131\u015f\u0131na uygun de\u011fildir.<\/p>\n<p style=\"text-align: justify;\">i) Susurluk Komisyonu\u2019na 1996 y\u0131l\u0131nda verdi\u011fim ifade sonras\u0131 hakk\u0131mda y\u00fcr\u00fct\u00fclen soru\u015fturmalar, Deniz Kuvvetleri Komutanl\u0131\u011f\u0131\u2019ndan Bat\u0131 \u00c7al\u0131\u015fma Grubu\u2019nun belgelerinin temin edilmesi iddias\u0131 ile Deniz Kuvvetleri Savc\u0131l\u0131\u011f\u0131\u2019nca 1997 y\u0131l\u0131nda yap\u0131lan soru\u015fturma, yine 28 \u015eubat\u2019ta ald\u0131\u011f\u0131m tav\u0131r \u00fczerine Ankara DGM\u2019de yarg\u0131lanmam nedeni ile her zaman evim ve i\u015fyerimin aranabilece\u011fini d\u00fc\u015f\u00fcnerek her t\u00fcrl\u00fc yanl\u0131\u015f anlamaya m\u00fcsait e\u015fyay\u0131 ta\u015f\u0131mamay\u0131 prensip edinmi\u015fken \u015fimdi 24 adet kasetin a\u00e7\u0131kta bulunmas\u0131 makul de\u011fildir.<\/p>\n<p style=\"text-align: justify;\">j) A\u011fustos 2010 tarihinde yay\u0131nlanan \u201cHali\u00e7\u2019te Ya\u015fayan Simonlar- D\u00fcn Devlet Bug\u00fcn Cemaat\u201d isimli kitab\u0131mda \u201c\u2026daha \u00f6nceden \u00f6rg\u00fctlerin hedefi oldum. Ama onlara benzemeyecek\u2026\u201d \u015fimdiden sonra d\u00fcnyay\u0131 bana zindan etmeye \u00e7al\u0131\u015facaklar \u2026. Cehennemi bu d\u00fcnyada ya\u015fatmak isteyecekler diye yaz\u0131p sonra, bir \u00e7anta dolusu ses kasedini orada b\u0131rakm\u0131\u015f olmam makul de\u011fildir.<\/p>\n<p style=\"text-align: justify;\">k) Arama karar\u0131n\u0131n i\u00e7eri\u011finden 27.09.2010 g\u00fcn\u00fc saat 16.30\u2019da verildi\u011fi anla\u015f\u0131ld\u0131\u011f\u0131na g\u00f6re, mahkemeden savc\u0131l\u0131\u011fa, oradan \u0130stanbul Emniyet M\u00fcd\u00fcrl\u00fc\u011f\u00fc\u2019ne sonra arama yapacak Emniyet Genel M\u00fcd\u00fcrl\u00fc\u011f\u00fc\u2019ne sonra arama yapacak Emniyet Genel M\u00fcd\u00fcrl\u00fc\u011f\u00fc Ter\u00f6rle M\u00fccadele Daire Ba\u015fkanl\u0131\u011f\u0131\u2019na intikali normal yaz\u0131\u015fma prosed\u00fcr\u00fc i\u00e7erisinde ge\u00e7 saatlere intikal etmesi gerekirken 27.09.2010 g\u00fcn\u00fc mesai bitmesinden \u00f6nce, ertesi g\u00fcn erken saatte g\u00f6reve gelmeleri memurlara tebli\u011f edildi\u011fi ifadelerinden anla\u015f\u0131lmaktad\u0131r. Buna g\u00f6re daha mahkeme karar\u0131 \u00e7\u0131kmadan, karar\u0131n y\u00fczde y\u00fcz \u00e7\u0131kaca\u011f\u0131 d\u00fc\u015f\u00fcncesiyle g\u00f6revli tefrikinin yap\u0131ld\u0131\u011f\u0131 ve ertesi g\u00fcn Ankara\u2019dan 06.00\u2019da hareket eden ekibin Eski\u015fehir\u2019de aramalar\u0131 yapt\u0131\u011f\u0131 d\u00fc\u015f\u00fcn\u00fcld\u00fc\u011f\u00fcnde karar olmadan icra ekibinin haz\u0131rland\u0131\u011f\u0131 gibi bir durum ortaya \u00e7\u0131kmaktad\u0131r.<\/p>\n<p style=\"text-align: justify;\">Emniyet M\u00fcd\u00fcrl\u00fc\u011f\u00fc gibi s\u00fcrekli beklenen bir makama iftira ama\u00e7l\u0131 kaset ve CD\u2019ler konabiliyor ise ba\u015fka yerde bulunan her belge ve delilde \u015f\u00fcphe duymamak elde de\u011fildir.<\/p>\n<p style=\"text-align: justify;\"><a href=\"http:\/\/www.odatv.com\/n.php?n=o-kasetlerin-sahibi-cemaatin-ta-kendisi--0302111200\" target=\"_blank\"><span style=\"color: #888888;\">Kaynak : Hanefi Avc\u0131 &#8211;\u00a0 Odatv.com<\/span><\/a><\/p>\n","protected":false},"excerpt":{"rendered":"<p style=\"text-align: justify;\">\n<p style=\"text-align: justify;\">Hanefi Avc\u0131, terk etti\u011fi ofisinde bulunan dinleme kasetlerinin cemaat taraf\u0131ndan ofisine konuldu\u011funa dair kan\u0131tlar sundu.<\/p>\n<p style=\"text-align: justify;\">Emniyet\u2019teki cemaat \u00f6rg\u00fctlenmesini anlatan Hali\u00e7\u2019te Ya\u015fayan Simonlar kitab\u0131ndan sonra Devrimci Karargah \u00f6rg\u00fct\u00fc \u00fcyesi oldu\u011fu iddias\u0131yla tutuklanan Hanefi Avc\u0131, avukatlar\u0131 arac\u0131l\u0131\u011f\u0131yla bir bas\u0131n a\u00e7\u0131klamas\u0131 yapt\u0131. Avc\u0131 a\u00e7\u0131klamas\u0131nda kendi makam\u0131nda bulundu\u011fu iddia edilen kasetlere ili\u015fkin <\/p>\n","protected":false},"author":1,"featured_media":0,"comment_status":"open","ping_status":"closed","sticky":false,"template":"","format":"standard","meta":{"footnotes":""},"categories":[105],"tags":[],"class_list":["post-27813","post","type-post","status-publish","format-standard","hentry","category-gundem","odd"],"_links":{"self":[{"href":"http:\/\/www.korhanyilmaz.com\/index.php?rest_route=\/wp\/v2\/posts\/27813","targetHints":{"allow":["GET"]}}],"collection":[{"href":"http:\/\/www.korhanyilmaz.com\/index.php?rest_route=\/wp\/v2\/posts"}],"about":[{"href":"http:\/\/www.korhanyilmaz.com\/index.php?rest_route=\/wp\/v2\/types\/post"}],"author":[{"embeddable":true,"href":"http:\/\/www.korhanyilmaz.com\/index.php?rest_route=\/wp\/v2\/users\/1"}],"replies":[{"embeddable":true,"href":"http:\/\/www.korhanyilmaz.com\/index.php?rest_route=%2Fwp%2Fv2%2Fcomments&post=27813"}],"version-history":[{"count":0,"href":"http:\/\/www.korhanyilmaz.com\/index.php?rest_route=\/wp\/v2\/posts\/27813\/revisions"}],"wp:attachment":[{"href":"http:\/\/www.korhanyilmaz.com\/index.php?rest_route=%2Fwp%2Fv2%2Fmedia&parent=27813"}],"wp:term":[{"taxonomy":"category","embeddable":true,"href":"http:\/\/www.korhanyilmaz.com\/index.php?rest_route=%2Fwp%2Fv2%2Fcategories&post=27813"},{"taxonomy":"post_tag","embeddable":true,"href":"http:\/\/www.korhanyilmaz.com\/index.php?rest_route=%2Fwp%2Fv2%2Ftags&post=27813"}],"curies":[{"name":"wp","href":"https:\/\/api.w.org\/{rel}","templated":true}]}}