{"id":27806,"date":"2011-02-06T11:02:27","date_gmt":"2011-02-06T09:02:27","guid":{"rendered":"http:\/\/www.korhanyilmaz.com\/?p=27806"},"modified":"2011-02-06T11:02:27","modified_gmt":"2011-02-06T09:02:27","slug":"jandarma-mutkide-korsan-kazi-yapmis","status":"publish","type":"post","link":"http:\/\/www.korhanyilmaz.com\/?p=27806","title":{"rendered":"Jandarma, Mutki&#8217;de korsan kaz\u0131 yapm\u0131\u015f"},"content":{"rendered":"<p style=\"text-align: center;\"><a href=\"http:\/\/www.korhanyilmaz.com\/wp-content\/uploads\/2011\/02\/fft5_mf658894.Jpeg.jpg\"  class=\"lightview\"><img loading=\"lazy\" decoding=\"async\" class=\"size-full wp-image-27811 aligncenter\" src=\"http:\/\/www.korhanyilmaz.com\/wp-content\/uploads\/2011\/02\/fft5_mf658894.Jpeg.jpg\" alt=\"\" width=\"320\" height=\"214\" \/><\/a><\/p>\n<p style=\"text-align: justify;\">Mutki&#8217;de jandarman\u0131n kendi binas\u0131n\u0131n avlusunda savc\u0131dan habersiz &#8216;kaz\u0131&#8217; yapt\u0131\u011f\u0131, \u00e7\u0131kan kemikleri &#8216;hayvana ait&#8217; diye yok etti\u011fi ortaya \u00e7\u0131kt\u0131.<\/p>\n<p style=\"text-align: justify;\">Mutki\u2019de iki toplu mezar\u0131n kep\u00e7e operat\u00f6rlerinin g\u00f6stermesi \u00fczerine kaz\u0131lmas\u0131 sonucu \u00e7\u0131kan cenaze say\u0131s\u0131 yirmiyi bulurken, Jandarma Komutanl\u0131\u011f\u0131\u2019n\u0131n kendi binas\u0131na ait avlu i\u00e7inde soru\u015fturmay\u0131 y\u00fcr\u00fcten savc\u0131ya da haber vermeden askerler taraf\u0131ndan bir kaz\u0131 yapt\u0131\u011f\u0131 ortaya \u00e7\u0131kt\u0131. Kaz\u0131 sonucunda hayvan kemikleri bulundu\u011funu iddia eden Mutki \u0130l\u00e7e Jandarma Komutanl\u0131\u011f\u0131, bu kemiklerin \u00e7\u00f6pe at\u0131ld\u0131\u011f\u0131n\u0131 duyurdu.<!--more--><\/p>\n<p style=\"text-align: justify;\">Mutkililer, daha \u00f6nce savc\u0131ya verdikleri bilgide, Mutki Jandarma Komutanl\u0131\u011f\u0131\u2019n\u0131n avlusunda 1977 do\u011fumlu Alican K\u0131z\u0131lkaya ve iki arkada\u015f\u0131n\u0131n g\u00f6m\u00fcl\u00fc oldu\u011fu ihbar\u0131n\u0131 yapm\u0131\u015flard\u0131.<\/p>\n<p style=\"text-align: justify;\">Mutkililerden edinilen bilgiye g\u00f6re, askerler taraf\u0131ndan il\u00e7e jandarma binas\u0131n\u0131n avlusunda yap\u0131lan kaz\u0131 savc\u0131dan da gizlendi. Mutkili vatanda\u015flar\u0131n ihbar\u0131 \u00fczerine olay yerine giden ve toplu mezarlarla ilgili soru\u015fturmay\u0131 s\u00fcrd\u00fcren savc\u0131 \u00c7etin K\u00fc\u00e7et\u2019in, jandarma yetkilileriyle g\u00f6r\u00fc\u015ft\u00fc\u011f\u00fc \u00f6\u011frenildi. Jandarma, kaz\u0131 sonucu bulunan kemiklerin hayvan kemi\u011fi oldu\u011funu iddia ederken, Mutkililer, kaz\u0131n\u0131n kendileri taraf\u0131ndan daha \u00f6nce g\u00f6sterilen noktada yap\u0131ld\u0131\u011f\u0131n\u0131 ve \u00e7\u0131kan kemiklerin Alican K\u0131z\u0131lkaya ile iki arkada\u015f\u0131na ait olma ihtimalinin g\u00fc\u00e7l\u00fc oldu\u011fu inanc\u0131nda.<\/p>\n<p style=\"text-align: justify;\"><strong>\u00d6rtbas \u00e7abas\u0131 m\u0131?<\/strong><\/p>\n<p style=\"text-align: justify;\">Kaz\u0131n\u0131n ard\u0131ndan ortaya \u00e7\u0131kan kemiklerin \u2018hayvan kemi\u011fi oldu\u011fu ve \u00e7\u00f6pe at\u0131ld\u0131\u011f\u0131\u2019 duyumu \u00fczerine Mutkililer savc\u0131dan, barodan ve \u0130nsan Haklar\u0131 Derne\u011fi\u2019nden habersiz yap\u0131lan bu kaz\u0131y\u0131 protesto etti. \u0130HD Bitlis Temsilcisi Hasan Ceylan yap\u0131lan kaz\u0131yla ilgili \u015fu bilgiyi verdi:<\/p>\n<p style=\"text-align: justify;\">\u201cAskeriye i\u00e7inde biri Alican K\u0131z\u0131lkaya olmak \u00fczere \u00fc\u00e7 ki\u015fin g\u00f6m\u00fcl\u00fc oldu\u011fu y\u00f6n\u00fcnde daha \u00f6nce ba\u015fvurumuz vard\u0131. Alican K\u0131z\u0131lkaya\u2019n\u0131n a\u011fabeyi Mehmet Nuri K\u0131z\u0131lkaya, 1977 do\u011fumlu karde\u015finin uzun y\u0131llard\u0131r kay\u0131p oldu\u011funu ve 1994 y\u0131l\u0131nda Mutki k\u0131rsal\u0131nda yakaland\u0131ktan sonra i\u015fkenceyle \u00f6ld\u00fcr\u00fcl\u00fcp askeriyenin avlusuna g\u00f6m\u00fcld\u00fc\u011f\u00fcn\u00fc duydu\u011funu s\u00f6ylemi\u015f ve derne\u011fimize bir dilek\u00e7eyle ba\u015fvuru yapm\u0131\u015ft\u0131.<\/p>\n<p style=\"text-align: justify;\">Mehmet Nuri K\u0131z\u0131lkaya, bir g\u00f6rg\u00fc tan\u0131\u011f\u0131n\u0131n beyan\u0131na g\u00f6re yapt\u0131\u011f\u0131 ba\u015fvuruda, \u2018Karde\u015fim sa\u011f yakalan\u0131p sonradan i\u015fkence yap\u0131larak \u00f6ld\u00fcr\u00fclm\u00fc\u015f\u2019 demi\u015fti. Askeriye i\u00e7inde yap\u0131lan kaz\u0131y\u0131 ne bize haber verdiler, ne de savc\u0131ya. Gizli kapakl\u0131 yap\u0131lan bu kaz\u0131da \u00e7\u0131kan kemiklerin hayvan kemi\u011fi oldu\u011funa kim inan\u0131r? Biz de geli\u015fmeleri Mutkililerden \u00f6\u011frendik. Bu durumun olay\u0131 \u00f6rtbas etmek d\u0131\u015f\u0131nda ba\u015fka bir anlam\u0131 yok.\u201d<\/p>\n<p style=\"text-align: justify;\"><strong>Mutki\u2019nin kaz\u0131 bilan\u00e7osu&#8230;<\/strong><\/p>\n<p style=\"text-align: justify;\">1999\u2019da PKK\u2019ya kat\u0131lmak \u00fczere Mutki\u2019ye giden dokuz ki\u015finin \u00fc\u00e7 PKK\u2019l\u0131yla bulu\u015ftu\u011fu noktada askerlerce \u00f6ld\u00fcr\u00fcld\u00fc\u011f\u00fc iddias\u0131 \u00fczerine jandarma karakolu yak\u0131n\u0131ndaki alanda ocak ay\u0131nda iki kaz\u0131 yap\u0131lm\u0131\u015f ve bu kaz\u0131larda 20 insana ait kemik par\u00e7alar\u0131 bulunmu\u015ftu.<\/p>\n<p style=\"text-align: justify;\"><a href=\"http:\/\/www.radikal.com.tr\/Radikal.aspx?aType=RadikalDetayV3&amp;ArticleID=1039135&amp;Date=06.02.2011&amp;CategoryID=77\" target=\"_blank\"><span style=\"color: #888888;\">Kaynak : Radikal<\/span><\/a><\/p>\n","protected":false},"excerpt":{"rendered":"<p style=\"text-align: center;\">\n<p style=\"text-align: justify;\">Mutki&#8217;de jandarman\u0131n kendi binas\u0131n\u0131n avlusunda savc\u0131dan habersiz &#8216;kaz\u0131&#8217; yapt\u0131\u011f\u0131, \u00e7\u0131kan kemikleri &#8216;hayvana ait&#8217; diye yok etti\u011fi ortaya \u00e7\u0131kt\u0131.<\/p>\n<p style=\"text-align: justify;\">Mutki\u2019de iki toplu mezar\u0131n kep\u00e7e operat\u00f6rlerinin g\u00f6stermesi \u00fczerine kaz\u0131lmas\u0131 sonucu \u00e7\u0131kan cenaze say\u0131s\u0131 yirmiyi bulurken, Jandarma Komutanl\u0131\u011f\u0131\u2019n\u0131n kendi binas\u0131na ait avlu i\u00e7inde soru\u015fturmay\u0131 y\u00fcr\u00fcten savc\u0131ya da haber vermeden askerler taraf\u0131ndan <\/p>\n","protected":false},"author":1,"featured_media":0,"comment_status":"open","ping_status":"closed","sticky":false,"template":"","format":"standard","meta":{"footnotes":""},"categories":[105],"tags":[],"class_list":["post-27806","post","type-post","status-publish","format-standard","hentry","category-gundem","odd"],"_links":{"self":[{"href":"http:\/\/www.korhanyilmaz.com\/index.php?rest_route=\/wp\/v2\/posts\/27806","targetHints":{"allow":["GET"]}}],"collection":[{"href":"http:\/\/www.korhanyilmaz.com\/index.php?rest_route=\/wp\/v2\/posts"}],"about":[{"href":"http:\/\/www.korhanyilmaz.com\/index.php?rest_route=\/wp\/v2\/types\/post"}],"author":[{"embeddable":true,"href":"http:\/\/www.korhanyilmaz.com\/index.php?rest_route=\/wp\/v2\/users\/1"}],"replies":[{"embeddable":true,"href":"http:\/\/www.korhanyilmaz.com\/index.php?rest_route=%2Fwp%2Fv2%2Fcomments&post=27806"}],"version-history":[{"count":0,"href":"http:\/\/www.korhanyilmaz.com\/index.php?rest_route=\/wp\/v2\/posts\/27806\/revisions"}],"wp:attachment":[{"href":"http:\/\/www.korhanyilmaz.com\/index.php?rest_route=%2Fwp%2Fv2%2Fmedia&parent=27806"}],"wp:term":[{"taxonomy":"category","embeddable":true,"href":"http:\/\/www.korhanyilmaz.com\/index.php?rest_route=%2Fwp%2Fv2%2Fcategories&post=27806"},{"taxonomy":"post_tag","embeddable":true,"href":"http:\/\/www.korhanyilmaz.com\/index.php?rest_route=%2Fwp%2Fv2%2Ftags&post=27806"}],"curies":[{"name":"wp","href":"https:\/\/api.w.org\/{rel}","templated":true}]}}