{"id":27797,"date":"2011-02-06T08:03:25","date_gmt":"2011-02-06T06:03:25","guid":{"rendered":"http:\/\/www.korhanyilmaz.com\/?p=27797"},"modified":"2011-08-06T15:19:26","modified_gmt":"2011-08-06T12:19:26","slug":"iste-madde-madde-universite-rektorlerinin-icraatlari","status":"publish","type":"post","link":"http:\/\/www.korhanyilmaz.com\/?p=27797","title":{"rendered":"\u0130\u015fte Madde Madde \u00dcniversite Rekt\u00f6rlerinin \u0130craatlar\u0131"},"content":{"rendered":"<p style=\"text-align: center;\"><a href=\"http:\/\/www.korhanyilmaz.com\/wp-content\/uploads\/2011\/02\/117.jpg\"  class=\"lightview\"><img loading=\"lazy\" decoding=\"async\" class=\"aligncenter size-full wp-image-27798\" src=\"http:\/\/www.korhanyilmaz.com\/wp-content\/uploads\/2011\/02\/117.jpg\" alt=\"\" width=\"418\" height=\"173\" \/><\/a><\/p>\n<p style=\"text-align: justify;\"><strong>\u00dcniversiteler nas\u0131l ele ge\u00e7irildi?<\/strong><\/p>\n<div id=\"attachment_27804\" style=\"width: 80px\" class=\"wp-caption alignleft\"><img loading=\"lazy\" decoding=\"async\" aria-describedby=\"caption-attachment-27804\" class=\"size-full wp-image-27804\" style=\"margin-left: 10px; margin-right: 10px;\" src=\"http:\/\/www.korhanyilmaz.com\/wp-content\/uploads\/2011\/02\/118.jpg\" alt=\"\" width=\"70\" height=\"100\" \/><p id=\"caption-attachment-27804\" class=\"wp-caption-text\">B\u00fclent Serim<\/p><\/div>\n<p style=\"text-align: justify;\">\u00dcniversitelerin nas\u0131l ele ge\u00e7irildi\u011fine ili\u015fkin yaz\u0131lar\u0131m\u0131n sonuncusu, \u00fcniversitede ya\u015fananlarla ilgilidir ve bu yaz\u0131mda \u00fcniversite y\u00f6netimlerinin neden oldu\u011fu somut olaylardan \u00f6rnekler vermeye \u00e7al\u0131\u015faca\u011f\u0131m.<\/p>\n<p style=\"text-align: justify;\">Yeni atanan rekt\u00f6rlerin uygulamalar\u0131 inan\u0131lacak gibi de\u011fildir. Ku\u015fkusuz bu \u00fcniversitelerde \u00f6ncelikle \u201cideolojik\u201d kadrola\u015fma hareketleri ba\u015flam\u0131\u015ft\u0131r. Y\u0131llard\u0131r, Milli E\u011fitim Bakanl\u0131\u011f\u0131\u2019nda imam hatip ve ilahiyat k\u00f6kenliler ile tarikat ve cemaatlerin okullar\u0131nda ve yurtlar\u0131nda yeti\u015fenlerin y\u00f6netime getirildikleri bas\u0131ndan izlenmi\u015ftir. Diyanet \u0130\u015fleri Ba\u015fkanl\u0131\u011f\u0131\u2019ndan en \u00e7ok yatay ge\u00e7i\u015f yine Milli E\u011fitim Bakanl\u0131\u011f\u0131\u2019na yap\u0131lm\u0131\u015ft\u0131r. \u0130\u015fte \u015fimdi s\u0131ra \u00fcniversitelere gelmi\u015ftir ve benzer uygulama y\u00fcksek\u00f6\u011fretim kurumlar\u0131nda yap\u0131lmaktad\u0131r. \u015eimdi bu uygulamalardan kimilerine k\u0131saca bakal\u0131m. <!--more--><\/p>\n<p style=\"text-align: justify;\"><strong>1) <\/strong>Samsun Ondokuz May\u0131s \u00dcniversitesi\u2019ne atanan yeni rekt\u00f6r, \u00f6nceki rekt\u00f6r Prof. Dr. Ferit Bernay d\u00f6nemi dekanlar\u0131n\u0131 g\u00f6revden alarak i\u015fe ba\u015flam\u0131\u015ft\u0131r. (Cumhuriyet, 24.01.2010, Cemil Ci\u011ferim)<\/p>\n<p style=\"text-align: justify;\">Samsun Akademik Elemanlar Derne\u011fi Ba\u015fkan\u0131 Prof. Dr. S\u00fcleyman \u00c7elik taraf\u0131ndan yap\u0131lan a\u00e7\u0131klamaya g\u00f6re, Samsun Ondokuz May\u0131s \u00dcniversitesi\u2019nde \u201cimam hatip ve ilahiyat k\u00f6kenliler b\u00f6l\u00fcm ba\u015fkanl\u0131\u011f\u0131, dekan yard\u0131mc\u0131l\u0131\u011f\u0131 ve dekanl\u0131k gibi idari g\u00f6revlere\u201d getirilmekte, \u201cDekanlar zorlama soru\u015fturmalara u\u011frat\u0131lmakta\u201d, \u00dcniversitede \u201cGenel Sekreter bulunmas\u0131na kar\u015f\u0131n, bir yard\u0131mc\u0131 do\u00e7ente fiilen Genel Sekreterlik yapt\u0131r\u0131lmakta\u201dd\u0131r. (Cumhuriyet, 06.07.2010, Cemil Ci\u011ferim) Dernek Ba\u015fkan\u0131 \u00c7elik, \u201cY\u00f6netim de\u011fi\u015fikli\u011finden sonra Ondokuz May\u0131s \u00dcniversitesi\u2019ndeki ideolojik kadrola\u015fman\u0131n insanlar\u0131n ekme\u011fiyle oynama d\u00fczeyine indi\u011fini; ilan edilen kadrolara, atamas\u0131n\u0131 yapmak istedikleri ki\u015filer d\u0131\u015f\u0131nda ba\u015fvuranlar\u0131n b\u00fcy\u00fck bask\u0131 g\u00f6rd\u00fc\u011f\u00fcn\u00fc; idari personelin, salt kendi d\u00fcnya g\u00f6r\u00fc\u015flerine uymad\u0131klar\u0131 i\u00e7in y\u00fcksekokullara s\u00fcr\u00fcld\u00fc\u011f\u00fcn\u00fc\u201d s\u00f6ylemi\u015ftir. (CBT, 22.10.2010)<\/p>\n<p style=\"text-align: justify;\">Rekt\u00f6r taraf\u0131ndan profes\u00f6rl\u00fck kadrosu verilerek Ondokuz May\u0131s \u00dcniversitesi T\u0131p Fak\u00fcltesi Endokrinoloji ve Metabolizma Hastal\u0131klar\u0131 Bilim Dal\u0131 Ba\u015fkanl\u0131\u011f\u0131\u2019na getirilen ki\u015fi, web sitesindeki \u015feker hastal\u0131\u011f\u0131 ve oru\u00e7 konulu yaz\u0131s\u0131nda, bilimsel a\u00e7\u0131klamalara Kuran\u2019dan destek alarak a\u00e7\u0131klamalar yapmakta sak\u0131nca g\u00f6rmeyen d\u00fcnya g\u00f6r\u00fc\u015f\u00fcne sahip bir \u00f6\u011fretim \u00fcyesidir. (Orhan Bursal\u0131, CBT, 20.08.2010)<\/p>\n<p style=\"text-align: justify;\"><strong>2)<\/strong> \u0130n\u00f6n\u00fc \u00dcniversitesi Rekt\u00f6r\u00fc Prof. Dr. Cemil \u00c7elik\u2019in ilk icraat\u0131, duvardaki \u201cAtat\u00fcrk T\u00fcrkiye\u2019dir, T\u00fcrkiye de Atat\u00fcrk\u201d yaz\u0131s\u0131n\u0131 indirmek ve kitapl\u0131\u011fa al\u0131nan Cumhuriyet gazetesi aboneli\u011fine son vermek olmu\u015ftur. Atat\u00fcrk ile T\u00fcrkiye\u2019yi \u00f6zde\u015fle\u015ftirmek d\u00fc\u015f\u00fcncesi, d\u00fcnya g\u00f6r\u00fc\u015fleri nedeniyle t\u00fcm\u00fcn\u00fc rahats\u0131z etmektedir.<\/p>\n<p style=\"text-align: justify;\">\u0130n\u00f6n\u00fc \u00dcniversitesi\u2019nde, \u00f6\u011frenciler taraf\u0131ndan 2001 y\u0131l\u0131ndan beri ger\u00e7ekle\u015ftirilen, 10 Kas\u0131m An\u0131tkabir, 18 Mart \u00c7anakkale gezilerine yeni rekt\u00f6r izin vermemi\u015ftir. Buna kar\u015f\u0131l\u0131k, E\u011fitim, T\u0131p ve Fen fak\u00fcltelerinde, 14.11.2009 g\u00fcn\u00fcnde Ba\u015fbakan\u2019\u0131n yapaca\u011f\u0131 a\u00e7\u0131l\u0131\u015flara kat\u0131l\u0131p kat\u0131lmayacaklar\u0131 sorularak, \u00f6\u011fretim elemanlar\u0131n\u0131n fi\u015flenmesinden ka\u00e7\u0131n\u0131lmam\u0131\u015ft\u0131r. (Orhan Bursal\u0131, Cumhuriyet, 15.11.2009)<\/p>\n<p style=\"text-align: justify;\"><strong>3)<\/strong> \u00dcniversite se\u00e7imlerinde en y\u00fcksek oyu alan \u00f6nceki Rekt\u00f6r Prof. Dr. Semra \u00d6nc\u00fc yerine, Manisa Celal Bayar \u00dcniversitesi Rekt\u00f6rl\u00fc\u011f\u00fc\u2019ne atanan eski ANAP Milletvekili ve Bakan\u0131 Prof. Dr. Ekrem Pakdemirli\u2019nin o\u011flu, Prof. Dr. Mehmet Pakdemirli, kendisini kutlamaya gelecek AKP H\u00fck\u00fcmeti Ba\u015fbakan Yard\u0131mc\u0131s\u0131 B\u00fclent Ar\u0131n\u00e7\u2019\u0131 protesto etmeye haz\u0131rlanan T\u00fcrkiye Gen\u00e7lik Birli\u011fi\u2019ne ba\u011fl\u0131 \u00f6\u011frencileri, okuldan atmakla tehdit ederek, susturmu\u015ftur.<\/p>\n<p style=\"text-align: justify;\">Atat\u00fcrk taraf\u0131ndan kendilerine \u201cCumhuriyeti koruma g\u00f6revi\u201d verildi\u011fini s\u00f6yleyen gen\u00e7lere, Atat\u00fcrk\u2019ten de\u011fil ancak kendisinden g\u00f6rev alabileceklerini s\u00f6yleyen rekt\u00f6r, \u201c\u00fcniversitenin sahibinin kendisi oldu\u011funu\u201d s\u00f6ylemekten de ka\u00e7\u0131nmam\u0131\u015ft\u0131r. Hi\u00e7 ku\u015fkusuz Rekt\u00f6r\u00fcn tehdit s\u00f6zleri, evrensel temel hak ve \u00f6zg\u00fcrl\u00fcklere ayk\u0131r\u0131 d\u00fc\u015ft\u00fc\u011f\u00fc gibi \u00fcniversite \u00f6zerkli\u011fi ile de ba\u011fda\u015fmamaktad\u0131r. (Deniz Kavuk\u00e7uo\u011flu, Cumhuriyet, 26.12.2010)<\/p>\n<p style=\"text-align: justify;\"><strong>4)<\/strong> \u0130stanbul \u00dcniversitesi\u2019nde 19 Mart 2010\u2019da d\u00fczenlenen \u201c2. Ulusal \u00c7al\u0131\u015fma Ekonomisi ve Y\u00f6netim Kongresi\u201d \u00e7\u0131k\u0131\u015f\u0131nda Sanayi ve Ticaret Bakan\u0131 Nihat Erg\u00fcn\u2019\u00fc yumurta atarak protesto eden \u00f6\u011frencilere, Rekt\u00f6rl\u00fck\u00e7e birer ay okuldan uzakla\u015ft\u0131rma cezas\u0131 verilmesi \u00e7ok d\u00fc\u015f\u00fcnd\u00fcr\u00fcc\u00fcd\u00fcr. (Cumhuriyet, 27.01.2011, Ali A\u00e7ar) D\u00fc\u015f\u00fcnd\u00fcr\u00fcc\u00fcd\u00fcr, \u00e7\u00fcnk\u00fc, yarg\u0131 \u201cdomates\u201d ya da \u201cyumurta\u201d atarak protestoyu \u201cdemokratik bir tepki\u201d olarak nitelemekte ve failleri beraat ettirmektedir. Nitekim, tekel i\u015f\u00e7ilerine destek amac\u0131yla 3 Nisan 2010\u2019da Ankara\u2019da d\u00fczenlenen eylem s\u0131ras\u0131nda polise yumurta atan 5 gen\u00e7, bu eylemleri nedeniyle yarg\u0131land\u0131klar\u0131 davada, Ankara 6. Asliye Ceza Mahkemesi\u2019nce 16 Aral\u0131k 2010 g\u00fcn\u00fc beraat ettirilmi\u015ftir. Mahkeme karar\u0131nda \u015f\u00f6yle denilmi\u015ftir: \u201cG\u00fcvenlik g\u00fc\u00e7lerine yumurta atma eylemlerinin sabit oldu\u011fu kabul edilse bile, san\u0131klar\u0131n eylemleri t\u00fcm\u00fcyle demokratik bir hakk\u0131n kullan\u0131lmas\u0131na y\u00f6neliktir.\u201d (Cumhuriyet, 27.01.2011)<\/p>\n<p style=\"text-align: justify;\">18 Nisan 1999 mitingi \u00f6ncesinde Anavatan Partisi Genel Ba\u015fkan\u0131 Mesut Y\u0131lmaz\u2019a, Elaz\u0131\u011f\u2019da otob\u00fcs \u00fczerinden konu\u015ftu\u011fu s\u0131rada domates at\u0131lm\u0131\u015ft\u0131r. Bu olayla ilgili olarak a\u00e7\u0131lan soru\u015fturma sonucunda 16 May\u0131s 2001 tarihinde Yarg\u0131tay 8. Ceza Dairesi de, \u201ceylemin a\u015f\u0131r\u0131l\u0131\u011fa ka\u00e7an, ancak ceza yapt\u0131r\u0131m\u0131 gerektirmeyen demokratik bir tepki niteli\u011finde oldu\u011funa\u201d karar vermi\u015ftir. (Suay Karaman, ilkkur\u015fun.com, 13.12.2010)<\/p>\n<p style=\"text-align: justify;\"><strong>5)<\/strong> \u0130stanbul \u00dcniversitesi\u2019nin ba\u015fvurusu ve Fatih Emniyet M\u00fcd\u00fcrl\u00fc\u011f\u00fc\u2019n\u00fcn istemi \u00fczerine \u0130stanbul 1. Sulh Ceza Mahkemesi taraf\u0131ndan, 30.11.2010 g\u00fcn\u00fcnde, \u0130stanbul \u00dcniversitesi\u2019nin Beyaz\u0131t\u2019ta bulunan fak\u00fclte, y\u00fcksekokul ve idari binalar\u0131nda 1 y\u0131l s\u00fcreyle \u201c\u00f6nleme aramas\u0131\u201d yap\u0131lmas\u0131na karar verilmi\u015ftir. Bu karara g\u00f6re, \u00dcniversite i\u00e7inde ve d\u0131\u015f\u0131nda polis, gerek\u00e7e g\u00f6stermeden istedi\u011fi zaman \u00f6\u011frencileri arayabilecek, bunun i\u00e7in polisin \u00dcniversite\u2019den izin istemesine de gerek olmayacakt\u0131r. (Cumhuriyet, 29.12.2010) Neyse ki, bu izin karar\u0131, yap\u0131lan itiraz \u00fczerine, \u0130stanbul 12. Asliye Ceza Mahkemesi\u2019nce iptal edilmi\u015ftir. Karar, \u00f6zel ya\u015fam\u0131n gizlili\u011fi ve masumiyet karinesi gerek\u00e7elerine dayand\u0131r\u0131lm\u0131\u015ft\u0131r. (Cumhuriyet, 19.01.2011)<\/p>\n<p style=\"text-align: justify;\"><strong>6)<\/strong> Sakarya \u00dcniversitesi T\u0131p Fak\u00fcltesi\u2019ndeki kadrola\u015fma bir ba\u015fka boyut i\u00e7ermektedir. \u00d6\u011frencilerini e\u011fitim i\u00e7in Kocaeli \u00dcniversitesi\u2019ne g\u00f6nderen Fak\u00fclte, \u00dcniversite d\u0131\u015f\u0131nda \u00e7al\u0131\u015fan do\u00e7entlere profes\u00f6rl\u00fck kadrosu da\u011f\u0131tmakla me\u015fguld\u00fcr. Ankara Atat\u00fcrk E\u011fitim ve Ara\u015ft\u0131rma Hastanesi Ba\u015fhekimi ile Ankara Etlik \u0130htisas E\u011fitim ve Ara\u015ft\u0131rma Hastanesi Ba\u015fhekimi bunun iki \u00f6rne\u011fini olu\u015fturmaktad\u0131r. Bunlardan ilki, profes\u00f6r olduktan 2 ay sonra, yeni kurulan Y\u0131ld\u0131r\u0131m Beyaz\u0131t \u00dcniversitesi Rekt\u00f6rl\u00fc\u011f\u00fc\u2019ne atanm\u0131\u015ft\u0131r. (Cumhuriyet, 16.12.2010, Murat Uygun)<\/p>\n<p style=\"text-align: justify;\"><strong>7)<\/strong> Dicle \u00dcniversitesi\u2019nde, 2008 y\u0131l\u0131nda Rekt\u00f6r\u2019\u00fcn de\u011fi\u015fmesiyle kadrola\u015fma doru\u011fa \u00e7\u0131km\u0131\u015ft\u0131r. Ya\u015fanan olumsuzluklar ku\u015fkusuz yaln\u0131zca kadrola\u015fmadan ibaret de\u011fildir. Diyarbak\u0131r Sa\u011fl\u0131k Kurulu\u015flar\u0131 Platformu ve Dicle \u00dcniversitesi \u0130zleme Komitesi bu olumsuzluklar\u0131 dile getirmektedirler. Hatta, 6 meslek odas\u0131, 2 sendika ve Diyarbak\u0131r Barosu\u2019ndan olu\u015fan Dicle \u00dcniversitesi \u0130zleme Komitesi bir de rapor haz\u0131rlam\u0131\u015f ve bunu bas\u0131n toplant\u0131s\u0131yla kamuoyuna a\u00e7\u0131klam\u0131\u015f, Y\u00d6K \u00fcyelerine de g\u00f6ndermi\u015ftir.<\/p>\n<p style=\"text-align: justify;\">Kamuoyuna yap\u0131lan a\u00e7\u0131klama ve raporda;<\/p>\n<p style=\"text-align: justify;\">&#8211; \u201cBir cemaatler koalisyonu haline gelmi\u015f olan mevcut \u00dcniversite y\u00f6netiminde, \u2018bize bilim adam\u0131 de\u011fil, bizden adam laz\u0131m\u2019 anlay\u0131\u015f\u0131n\u0131n\u201d egemen oldu\u011fu,<\/p>\n<p style=\"text-align: justify;\">&#8211; \u201c\u00d6tekile\u015ftirme, ayr\u0131mc\u0131l\u0131k ve kay\u0131rma\/kollama(n\u0131n) had safhada\u201d bulundu\u011fu,<\/p>\n<p style=\"text-align: justify;\">&#8211; Akademik kadro ilanlar\u0131nda t\u00fcm\u00fcyle cemaat\u00e7i bir anlay\u0131\u015f\u0131n esas al\u0131nd\u0131\u011f\u0131,<\/p>\n<p style=\"text-align: justify;\">&#8211; \u0130dari kadrola\u015fman\u0131n cemaat ortakl\u0131\u011f\u0131yla birlikte y\u00fcr\u00fct\u00fcld\u00fc\u011f\u00fc,<\/p>\n<p style=\"text-align: justify;\">&#8211; Akademik kadro s\u0131navlar\u0131nda yanl\u0131 ve keyfi davran\u0131ld\u0131\u011f\u0131,<\/p>\n<p style=\"text-align: justify;\">&#8211; Haks\u0131z soru\u015fturma ve istifaya zorlamalarla \u00f6\u011fretim elemanlar\u0131na eziyet edildi\u011fi,<\/p>\n<p style=\"text-align: justify;\">Dile getirilmi\u015ftir. Son s\u0131rada yer verilen iddian\u0131n en \u00f6nemli \u00f6rne\u011fi, Rekt\u00f6r aday\u0131 olup, \u00dcniversitedeki se\u00e7imde en y\u00fcksek oyu alan, ama Y\u00d6K taraf\u0131ndan listeye bile al\u0131nmayan Prof. Dr. Naime Canoru\u00e7\u2019un ba\u015f\u0131na gelenlerdir. Prof. Canoru\u00e7 hakk\u0131nda, \u00e7o\u011fu sudan nedenlerle tam 11 soru\u015fturma a\u00e7\u0131lm\u0131\u015ft\u0131r. Dicle \u00dcniversitesi\u2019nin tek g\u00f6\u011f\u00fcs cerrah\u0131 Prof. Dr. Cemal \u00d6z\u00e7elik de, zorla d\u0131\u015f g\u00f6reve g\u00f6nderilmek istenmesi \u00fczerine ya\u015fad\u0131\u011f\u0131 s\u0131k\u0131nt\u0131lar nedeniyle kalp krizi ge\u00e7irmi\u015ftir. (Cumhuriyet, 05.07.2009, Mahmut Oral)<\/p>\n<p style=\"text-align: justify;\">Dicle \u00dcniversitesi \u00d6\u011frenci Derne\u011fi de, y\u00f6netimin \u201c\u00f6\u011frenci ve \u00f6\u011fretim \u00fcyelerine bask\u0131 uygulad\u0131\u011f\u0131\u201d ve \u201c\u00dcniversitede cemaat kadrola\u015fmas\u0131n\u0131n ya\u015fand\u0131\u011f\u0131\u201d gerek\u00e7esiyle protesto g\u00f6sterisi yapm\u0131\u015ft\u0131r. (Cumhuriyet, 04.03.2010)<\/p>\n<p style=\"text-align: justify;\"><strong>8 )<\/strong> Harran \u00dcniversitesi\u2019nde Nisan ya da May\u0131s ay\u0131 i\u00e7inde yap\u0131lacak Rekt\u00f6rl\u00fck se\u00e7imleri \u00f6ncesi cemaatler kendilerine yak\u0131n olan isimleri destekleyeceklerini a\u00e7\u0131k bir \u015fekilde dile getirmeye ba\u015flam\u0131\u015flard\u0131r. Nur cemaatinin kollar\u0131ndan olan Yeniasyac\u0131lar Prof. Dr. G\u00fcrb\u00fcz Aksoy\u2019u, K\u0131rk\u0131nc\u0131 Hoca taraftarlar\u0131 da Prof. Dr. Bahri Karl\u0131\u2019y\u0131 desteklerken, halen g\u00f6revde olan Rekt\u00f6r Prof. Dr. \u0130brahim Halil Mutlu Urfal\u0131l\u0131k kimli\u011fi ile oy kullanacak \u00f6\u011fretim \u00fcyelerinden destek istemektedir. Harran \u00dcniversitesinde yakla\u015f\u0131k 120 \u00d6\u011fretim \u00fcyesinin bulundu\u011fu G\u00fclen cemaati Rekt\u00f6rl\u00fck i\u00e7in hen\u00fcz bir aday g\u00f6stermemi\u015ftir (Yerel haber sitesi \u201csanliurfa.com\u201ddan aktaran Odatv.com , 29.01.2011)<\/p>\n<p style=\"text-align: justify;\"><strong>BEN\u0130M REKT\u00d6RLER\u0130M <\/strong><\/p>\n<p style=\"text-align: justify;\">Rekt\u00f6rl\u00fck se\u00e7imleri sonras\u0131 \u00fcniversitelerde ya\u015fanan olaylardan k\u00fc\u00e7\u00fck bir demet sunmaya \u00e7al\u0131\u015ft\u0131k. Ama as\u0131l \u00f6nemli olan, rekt\u00f6rler belirlenirken, Anayasa buyru\u011fu gere\u011fi Atat\u00fcrk\u00e7\u00fc d\u00fc\u015f\u00fcnce sistemine sahip \u00f6\u011fretim \u00fcyelerinin hi\u00e7 dikkate al\u0131nmamas\u0131d\u0131r. \u0130kinci s\u0131rada ise, \u00fcniversite \u00f6\u011fretim \u00fcyelerinin iradesinin hi\u00e7e say\u0131lmas\u0131 vard\u0131r. Rekt\u00f6rl\u00fck se\u00e7imlerinde tam bir demokrasi oyunu oynanmaktad\u0131r. Kendi iradelerine sayg\u0131s\u0131zl\u0131k yap\u0131l\u0131rken, ne yaz\u0131k ki \u00f6\u011fretim \u00fcyelerinden, eyleme dayal\u0131 olmayan birka\u00e7 c\u0131l\u0131z ses d\u0131\u015f\u0131nda hi\u00e7bir tepki gelmemektedir.<\/p>\n<p style=\"text-align: justify;\">Toplumsal olaylarda ortak sorumlulu\u011fu bulunan bilim insanlar\u0131, b\u0131rak\u0131n\u0131z toplumsal olaylar\u0131, kendi sorunlar\u0131na bile sahip \u00e7\u0131kmamaktad\u0131r. Onlar\u0131n tepkisizli\u011fi, bir sonraki se\u00e7imlere temel haz\u0131rlamaktad\u0131r.<\/p>\n<p style=\"text-align: justify;\">Ba\u015fbakan Erdo\u011fan, t\u00fcm \u00fcniversite rekt\u00f6rleri de\u011fi\u015fip, \u201cbenim \u00fcniversitelerim\u201d, \u201cbenim rekt\u00f6rlerim\u201d durumuna gelince, rekt\u00f6rlerle, nedense Dolmabah\u00e7e Saray\u0131\u2019nda toplant\u0131 yapm\u0131\u015ft\u0131r. Onlar toplant\u0131dayken \u00f6\u011frencilerin d\u0131\u015far\u0131da polis taraf\u0131ndan d\u00f6v\u00fcl\u00fcp biber gaz\u0131yla y\u0131prat\u0131lmalar\u0131, ne yaz\u0131k ki hi\u00e7bir rekt\u00f6rden tepki almam\u0131\u015f; rekt\u00f6rler \u00f6\u011frencilerine, yani \u00e7ocuklar\u0131na sahip \u00e7\u0131kmam\u0131\u015flard\u0131r. 1960 olaylar\u0131n\u0131 an\u0131msayanlar, bu tabloyu h\u00fcz\u00fcnle kar\u015f\u0131lam\u0131\u015flard\u0131r.<\/p>\n<p style=\"text-align: justify;\">\u00d6\u011frencilerin tutumlar\u0131 da \u00f6\u011fretim \u00fcyelerininkinden farkl\u0131 de\u011fildir. \u201cPorno Tez\u201d konusunda \u00fcniversitenin tutumunu protesto eden \u00f6\u011frenciler, ya\u015fanan bunca olumsuzlu\u011fa kar\u015f\u0131n seslerini \u00e7\u0131karmamaktad\u0131rlar. Ku\u015fkusuz bu arada, T\u00fcrkiye Gen\u00e7lik Birli\u011fi, \u00d6\u011frenci Kolektifleri gibi kimi birlikteliklerde sava\u015f\u0131m veren k\u00fc\u00e7\u00fck bir grup gencimizin y\u00fcrekli tav\u0131rlar\u0131n\u0131 sayg\u0131 ve takdirle anmadan ge\u00e7memeliyiz. Ama \u00f6nemli olan, \u201cBu g\u00f6revi bana Atat\u00fcrk verdi\u201d diyen gencimizin tav\u0131r ve bilincinin t\u00fcm gen\u00e7lerimizde de olmas\u0131d\u0131r.<\/p>\n<p style=\"text-align: justify;\">Yak\u0131narak belirtmeliyiz ki, 12 Eyl\u00fcl askeri darbesinin yaratt\u0131\u011f\u0131 depolitizasyonun faturas\u0131n\u0131 T\u00fcrkiye bug\u00fcn a\u011f\u0131r bi\u00e7imde \u00f6demektedir. Ama art\u0131k, T\u00fcrkiye\u2019de ya\u015fanan geli\u015fmelerin fark\u0131na varma zaman\u0131d\u0131r. Atat\u00fcrk Cumhuriyeti sona yakla\u015fmaktad\u0131r. Haziran 2011 se\u00e7imlerinden ve yeni anayasadan sonra, tam anlam\u0131yla d\u00f6n\u00fclmez bir yola girilecek ve laik, demokratik T\u00fcrkiye Cumhuriyeti y\u00f6n\u00fcnden son nokta konulacakt\u0131r.<\/p>\n<p style=\"text-align: justify;\"><a href=\"http:\/\/www.odatv.com\/n.php?n=iste-madde-madde-benim-rektorlerimin-icraatlari-0602111200\" target=\"_blank\"><span style=\"color: #888888;\">Kaynak : B\u00fclent Serim &#8211; Odatv.com<\/span><\/a><\/p>\n","protected":false},"excerpt":{"rendered":"<p style=\"text-align: center;\">\n<p style=\"text-align: justify;\">\u00dcniversiteler nas\u0131l ele ge\u00e7irildi?<\/p>\n<p id=\"caption-attachment-27804\" class=\"wp-caption-text\">B\u00fclent Serim<\/p>\n<p style=\"text-align: justify;\">\u00dcniversitelerin nas\u0131l ele ge\u00e7irildi\u011fine ili\u015fkin yaz\u0131lar\u0131m\u0131n sonuncusu, \u00fcniversitede ya\u015fananlarla ilgilidir ve bu yaz\u0131mda \u00fcniversite y\u00f6netimlerinin neden oldu\u011fu somut olaylardan \u00f6rnekler vermeye \u00e7al\u0131\u015faca\u011f\u0131m.<\/p>\n<p style=\"text-align: justify;\">Yeni atanan rekt\u00f6rlerin uygulamalar\u0131 inan\u0131lacak gibi de\u011fildir. Ku\u015fkusuz bu \u00fcniversitelerde \u00f6ncelikle \u201cideolojik\u201d kadrola\u015fma hareketleri ba\u015flam\u0131\u015ft\u0131r. Y\u0131llard\u0131r, <\/p>\n","protected":false},"author":1,"featured_media":0,"comment_status":"open","ping_status":"closed","sticky":false,"template":"","format":"standard","meta":{"footnotes":""},"categories":[105],"tags":[287],"class_list":["post-27797","post","type-post","status-publish","format-standard","hentry","category-gundem","tag-bulent-serim","odd"],"_links":{"self":[{"href":"http:\/\/www.korhanyilmaz.com\/index.php?rest_route=\/wp\/v2\/posts\/27797","targetHints":{"allow":["GET"]}}],"collection":[{"href":"http:\/\/www.korhanyilmaz.com\/index.php?rest_route=\/wp\/v2\/posts"}],"about":[{"href":"http:\/\/www.korhanyilmaz.com\/index.php?rest_route=\/wp\/v2\/types\/post"}],"author":[{"embeddable":true,"href":"http:\/\/www.korhanyilmaz.com\/index.php?rest_route=\/wp\/v2\/users\/1"}],"replies":[{"embeddable":true,"href":"http:\/\/www.korhanyilmaz.com\/index.php?rest_route=%2Fwp%2Fv2%2Fcomments&post=27797"}],"version-history":[{"count":0,"href":"http:\/\/www.korhanyilmaz.com\/index.php?rest_route=\/wp\/v2\/posts\/27797\/revisions"}],"wp:attachment":[{"href":"http:\/\/www.korhanyilmaz.com\/index.php?rest_route=%2Fwp%2Fv2%2Fmedia&parent=27797"}],"wp:term":[{"taxonomy":"category","embeddable":true,"href":"http:\/\/www.korhanyilmaz.com\/index.php?rest_route=%2Fwp%2Fv2%2Fcategories&post=27797"},{"taxonomy":"post_tag","embeddable":true,"href":"http:\/\/www.korhanyilmaz.com\/index.php?rest_route=%2Fwp%2Fv2%2Ftags&post=27797"}],"curies":[{"name":"wp","href":"https:\/\/api.w.org\/{rel}","templated":true}]}}