{"id":27793,"date":"2011-02-06T07:22:09","date_gmt":"2011-02-06T05:22:09","guid":{"rendered":"http:\/\/www.korhanyilmaz.com\/?p=27793"},"modified":"2011-02-06T07:22:09","modified_gmt":"2011-02-06T05:22:09","slug":"arsivden-cikan-ifsaat","status":"publish","type":"post","link":"http:\/\/www.korhanyilmaz.com\/?p=27793","title":{"rendered":"Ar\u015fivden \u00e7\u0131kan if\u015faat"},"content":{"rendered":"<p style=\"text-align: center;\"><a href=\"http:\/\/www.korhanyilmaz.com\/wp-content\/uploads\/2011\/02\/116.jpg\"  class=\"lightview\"><img loading=\"lazy\" decoding=\"async\" class=\"aligncenter size-full wp-image-27794\" src=\"http:\/\/www.korhanyilmaz.com\/wp-content\/uploads\/2011\/02\/116.jpg\" alt=\"\" width=\"464\" height=\"248\" \/><\/a><\/p>\n<p style=\"text-align: justify;\">\u2019\u2019Ba\u015fkanl\u0131k sitemi denemesi bilinmezliklerle dolu maceral\u0131 bir yolculuk, sultanl\u0131kt\u0131r\u2019\u2019 dedi. Bu g\u00f6r\u00fc\u015flerini DYP milletvekiliyken 12 y\u0131l \u00f6nce Meclis tutanaklar\u0131na ge\u00e7iren \u0130yimaya \u015fimdi ise konu\u015fmuyor\u2026<\/p>\n<p style=\"text-align: justify;\">ANKARA &#8211; Ba\u015fbakan Erdo\u011fan\u2019\u0131n g\u00fcndeme getirdi\u011fi ba\u015fkanl\u0131k sistemi tart\u0131\u015fmalar\u0131ndan uzak duran Meclis Adalet Komisyonu Ba\u015fkan\u0131 Ahmet \u0130yimaya\u2019n\u0131n g\u00f6r\u00fc\u015fleri, TBMM tutanaklar\u0131ndan \u00e7\u0131kt\u0131. 1999\u2019da DYP milletvekili olarak Meclis\u2019te bulunan \u0130yimaya, Cumhurba\u015fkanl\u0131\u011f\u0131 b\u00fct\u00e7esi g\u00f6r\u00fc\u015f\u00fcl\u00fcrken, Genel Kurul\u2019da yapt\u0131\u011f\u0131 konu\u015fmada ba\u015fkanl\u0131k sistemini yerden yerde vurdu. <!--more--><\/p>\n<p style=\"text-align: justify;\">\u2018\u2019Demokrasi tarihinde, Ba\u015fkanl\u0131k sisteminden parlamenter sisteme, parlamenter sistemden ba\u015fkanl\u0131k sistemine ge\u00e7i\u015f denemesi, yok denecek kadar azd\u0131r. B\u00f6yle bir deneme, bilinmezlik ve belirsizliklerle dolu maceral\u0131 bir yolculuktur\u2019\u2019 diyen \u0130yimaya, ba\u015fkanl\u0131k sistemini \u2018\u2019Sultanl\u0131k olarak\u2019\u2019 niteledi ve \u015fu g\u00f6r\u00fc\u015fleri savundu:<\/p>\n<p style=\"text-align: justify;\"><strong>SALTANAT K\u00d6\u015eK\u00dc<\/strong><\/p>\n<p style=\"text-align: justify;\">Parlamenter sistemin aksayan yanlar\u0131n\u0131 gidermek dururken, bir ba\u015fka sistem aray\u0131\u015f\u0131 ve orada bir saltanat k\u00f6\u015fk\u00fcn\u00fc kapma pahas\u0131na, milleti me\u00e7hul bir tecr\u00fcbe galerisinden ge\u00e7irmeye hakk\u0131m\u0131z var m\u0131d\u0131r!<\/p>\n<p style=\"text-align: justify;\"><strong>DEMOKRAS\u0130YE VEDA<\/strong><\/p>\n<p style=\"text-align: justify;\">B\u00f6yle bir sistemde y\u00fcr\u00fctme g\u00fcc\u00fcn\u00fcn tamam\u0131n\u0131 elinde tutan kudretli bir devlet ba\u015fkan\u0131 ve \u00e7o\u011funlu\u011fu ba\u015fkan\u0131n ba\u015fkan\u0131n\u0131n partisinden olmayan bir parlamento d\u00fc\u015f\u00fcn\u00fcn. Kriz belirdi; kanunlar \u00e7\u0131kar\u0131lam\u0131yor veya ba\u015fkan veto ediyor. Bu krizi nas\u0131l a\u015facaks\u0131n\u0131z? Bunu ya\u015fayan \u00fclkeler, a\u015famad\u0131lar; \u00fclkelerine ac\u0131lar \u00e7ektirdiler ve demokrasiye veda ettiler.<\/p>\n<p style=\"text-align: justify;\"><strong>ASKER\u0130 DARBE<\/strong><\/p>\n<p style=\"text-align: justify;\">Bu sistemdeki kriz, hareketsizli\u011fe yol a\u00e7\u0131yor; aksi, askeri darbeleri davet ediyor; rejimi, ba\u015fkanc\u0131 veya totaliter yap\u0131ya d\u00f6n\u00fc\u015ft\u00fcr\u00fcyor.T\u00fcrkiye\u2019de ba\u015fkanl\u0131k sistemi, bize has kriz yetene\u011fimizle d\u00fc\u015f\u00fcn\u00fcld\u00fc\u011f\u00fcnde, en demokrat bir devlet ba\u015fkan\u0131n\u0131 dahi, \u00e7ok k\u0131sa s\u00fcrede despotla\u015ft\u0131rabilecektir. T\u00fcrk Milleti, b\u00f6yle bir deneye m\u00fcstahak de\u011fildir.<\/p>\n<p style=\"text-align: justify;\"><strong>\u00c7ARE PARLAMENTER S\u0130STEM<\/strong><\/p>\n<p style=\"text-align: justify;\">\u00c7are parlamenter sisteme devamd\u0131r. Deneme, yan\u0131lma ve d\u00fczeltme y\u00f6nteminin \u015fa\u015fmaz s\u00fcrecinde ve evrim kanunlar\u0131 i\u00e7inde parlamenter sistemi korumak, bir demokrasi \u015fart\u0131d\u0131r. Sorunlar, parlamenter sistemin \u00e7ok genel yap\u0131s\u0131 i\u00e7erisinde \u00e7\u00f6z\u00fclebilir; ama, sorunlar\u0131n kayna\u011f\u0131, sistemin kendisi de\u011fil, sorunlar\u0131n karakterleridir.<\/p>\n<p style=\"text-align: justify;\"><strong>F\u0130\u0130LEN ZATEN VAR<\/strong><\/p>\n<p style=\"text-align: justify;\">Cumhurba\u015fkan\u0131na ba\u011fl\u0131 kurulu\u015flar ve Cumhurba\u015fkan\u0131n\u0131n yetkileri d\u00fc\u015f\u00fcn\u00fcld\u00fc\u011f\u00fcnde, sistemimiz, bir anayasa m\u00fchendisli\u011fi sakatl\u0131\u011f\u0131 ta\u015f\u0131yor. G\u00fcn\u00fcm\u00fczde fiili bir ba\u015fkanl\u0131k rejiminin uyguland\u0131\u011f\u0131n\u0131 ve parlamenter sistemin fiilen terk edilmi\u015f oldu\u011funu ifade etmek, abart\u0131l\u0131 say\u0131lmaz.<\/p>\n<p style=\"text-align: justify;\"><strong>SULTAN OLMAK \u0130ST\u0130YOR<\/strong><\/p>\n<p style=\"text-align: justify;\">S\u00fcleyman Demirel, bir d\u00f6nem bu t\u00fcr tart\u0131\u015fmalara anlaml\u0131 bir nokta koymu\u015f ve &#8220;\u00d6zal sultan olmak istiyor&#8221; demi\u015fti. Bu s\u00f6z o g\u00fcn i\u00e7in do\u011fruydu, bug\u00fcn i\u00e7in do\u011frudur, yar\u0131nlar i\u00e7in de do\u011fru olacakt\u0131r.<\/p>\n<p style=\"text-align: justify;\"><a href=\"http:\/\/www.gazeteport.com.tr\/SIYASET\/NEWS\/GP_848700\" target=\"_blank\"><span style=\"color: #888888;\">Kaynak : Yusuf Sahici &#8211; GAZETEPORT<\/span><\/a><\/p>\n","protected":false},"excerpt":{"rendered":"<p style=\"text-align: center;\">\n<p style=\"text-align: justify;\">\u2019\u2019Ba\u015fkanl\u0131k sitemi denemesi bilinmezliklerle dolu maceral\u0131 bir yolculuk, sultanl\u0131kt\u0131r\u2019\u2019 dedi. Bu g\u00f6r\u00fc\u015flerini DYP milletvekiliyken 12 y\u0131l \u00f6nce Meclis tutanaklar\u0131na ge\u00e7iren \u0130yimaya \u015fimdi ise konu\u015fmuyor\u2026<\/p>\n<p style=\"text-align: justify;\">ANKARA &#8211; Ba\u015fbakan Erdo\u011fan\u2019\u0131n g\u00fcndeme getirdi\u011fi ba\u015fkanl\u0131k sistemi tart\u0131\u015fmalar\u0131ndan uzak duran Meclis Adalet Komisyonu Ba\u015fkan\u0131 Ahmet \u0130yimaya\u2019n\u0131n g\u00f6r\u00fc\u015fleri, TBMM tutanaklar\u0131ndan \u00e7\u0131kt\u0131. 1999\u2019da DYP milletvekili <\/p>\n","protected":false},"author":1,"featured_media":0,"comment_status":"open","ping_status":"closed","sticky":false,"template":"","format":"standard","meta":{"footnotes":""},"categories":[105],"tags":[],"class_list":["post-27793","post","type-post","status-publish","format-standard","hentry","category-gundem","odd"],"_links":{"self":[{"href":"http:\/\/www.korhanyilmaz.com\/index.php?rest_route=\/wp\/v2\/posts\/27793","targetHints":{"allow":["GET"]}}],"collection":[{"href":"http:\/\/www.korhanyilmaz.com\/index.php?rest_route=\/wp\/v2\/posts"}],"about":[{"href":"http:\/\/www.korhanyilmaz.com\/index.php?rest_route=\/wp\/v2\/types\/post"}],"author":[{"embeddable":true,"href":"http:\/\/www.korhanyilmaz.com\/index.php?rest_route=\/wp\/v2\/users\/1"}],"replies":[{"embeddable":true,"href":"http:\/\/www.korhanyilmaz.com\/index.php?rest_route=%2Fwp%2Fv2%2Fcomments&post=27793"}],"version-history":[{"count":0,"href":"http:\/\/www.korhanyilmaz.com\/index.php?rest_route=\/wp\/v2\/posts\/27793\/revisions"}],"wp:attachment":[{"href":"http:\/\/www.korhanyilmaz.com\/index.php?rest_route=%2Fwp%2Fv2%2Fmedia&parent=27793"}],"wp:term":[{"taxonomy":"category","embeddable":true,"href":"http:\/\/www.korhanyilmaz.com\/index.php?rest_route=%2Fwp%2Fv2%2Fcategories&post=27793"},{"taxonomy":"post_tag","embeddable":true,"href":"http:\/\/www.korhanyilmaz.com\/index.php?rest_route=%2Fwp%2Fv2%2Ftags&post=27793"}],"curies":[{"name":"wp","href":"https:\/\/api.w.org\/{rel}","templated":true}]}}