{"id":27789,"date":"2011-02-01T17:12:54","date_gmt":"2011-02-01T15:12:54","guid":{"rendered":"http:\/\/www.korhanyilmaz.com\/?p=27789"},"modified":"2011-02-01T17:12:54","modified_gmt":"2011-02-01T15:12:54","slug":"ip-genel-baskan-vekili-mehmet-bedri-gultekin-akp-torba-yasa-tasarisi-ile-emekcilerin-kafasina-cuval-gecirmek-istiyor","status":"publish","type":"post","link":"http:\/\/www.korhanyilmaz.com\/?p=27789","title":{"rendered":"\u0130P Genel Ba\u015fkan Vekili Mehmet Bedri G\u00fcltekin: AKP, Torba Yasa Tasar\u0131s\u0131 \u0130le Emek\u00e7ilerin Kafas\u0131na \u00c7uval Ge\u00e7irmek \u0130stiyor"},"content":{"rendered":"<p style=\"text-align: center;\"><a href=\"http:\/\/www.korhanyilmaz.com\/wp-content\/uploads\/2011\/02\/115.jpg\"  class=\"lightview\"><img loading=\"lazy\" decoding=\"async\" class=\"aligncenter size-full wp-image-27790\" src=\"http:\/\/www.korhanyilmaz.com\/wp-content\/uploads\/2011\/02\/115.jpg\" alt=\"\" width=\"400\" height=\"268\" \/><\/a><\/p>\n<p style=\"text-align: justify;\">\u0130\u015f\u00e7i Partisi Genel Ba\u015fkan Vekili Mehmet Bedri G\u00fcltekin, AKP\u2019nin g\u00fcndeme getirdi\u011fi Torba Yasa Tasar\u0131s\u0131&#8217;n\u0131 de\u011ferlendiren bir bas\u0131n a\u00e7\u0131klmas\u0131 yapt\u0131. G\u00fcltekin&#8217;in a\u00e7\u0131klmas\u0131 \u015f\u00f6yle;<\/p>\n<p style=\"text-align: justify;\">AKP\u2019nin g\u00fcndeme getirdi\u011fi Torba Yasa Tasar\u0131s\u0131, emek\u00e7ileri k\u00f6lele\u015ftirmeyi ve i\u015f\u00e7i fonlar\u0131n\u0131 ya\u011fmalamay\u0131 ama\u00e7lamaktad\u0131r.<!--more--><\/p>\n<p style=\"text-align: justify;\"><strong>1<\/strong>&#8211; AKP, \u0130\u015fsizlik Sigortas\u0131 Fonunu ya\u011fmalamak istiyor.<\/p>\n<p style=\"text-align: justify;\"><strong>a<\/strong>&#8211; AKP, i\u015fsiz kalan i\u015f\u00e7iler i\u00e7in olu\u015fturulan Fon\u2019un % 50\u2019sine \u2018yat\u0131r\u0131mlarda kullanmak\u2019 ad\u0131yla el koymaya \u00e7al\u0131\u015fmaktad\u0131r.<\/p>\n<p style=\"text-align: justify;\"><strong>b<\/strong>&#8211; AKP tasar\u0131da, i\u015fe yeni giren i\u015f\u00e7iler i\u00e7in i\u015fverenlerden kesilmesi gereken SGK primini Devlet ad\u0131na \u00fcstlenerek, i\u015fvereni prim y\u00fck\u00fcnden kurtarmakla yetinmiyor, bu primi i\u015f\u00e7iler i\u00e7in olu\u015fturulan \u0130\u015fsizlik Fonu\u2019ndan kar\u015f\u0131lamay\u0131 ama\u00e7l\u0131yor.<\/p>\n<p style=\"text-align: justify;\"><strong>2-<\/strong> AKP\u2019nin Torba Yasa Tasar\u0131s\u0131, i\u015f\u00e7ileri k\u00f6lele\u015ftirmeyi ama\u00e7lamaktad\u0131r. \u00c7a\u011fr\u0131 usul\u00fc \u00e7al\u0131\u015fma, evden \u00e7al\u0131\u015fma ve uzaktan \u00e7al\u0131\u015fma gibi esnek \u00e7al\u0131\u015fma form\u00fcllerini yayg\u0131nla\u015ft\u0131rarak, sendikas\u0131, sa\u011fl\u0131k ve emeklilik sigortas\u0131, \u00e7al\u0131\u015fma saatleri olamayan k\u00f6leler ordusu yaratmay\u0131 ama\u00e7l\u0131yor.<\/p>\n<p style=\"text-align: justify;\"><strong>3<\/strong>&#8211; Bu yasayla, memurlar\u0131n yasal haklar\u0131n\u0131 ortadan kald\u0131r\u0131larak, azg\u0131nca s\u00f6m\u00fcr\u00fclen k\u00f6leler yaratmak istiyorlar.<\/p>\n<p style=\"text-align: justify;\">AKP, daha sonra \u00e7\u0131kar\u0131lacak Bakanlar Kurulu Karar\u0131 ile 657 say\u0131l\u0131 yasadaki haklar\u0131 ortadan kald\u0131rmaya, haftal\u0131k \u00e7al\u0131\u015fma saatlerini yasadaki 40 saatten, istedikleri kadar fazla \u00e7al\u0131\u015ft\u0131rabilecekleri bir konuma ta\u015f\u0131maya ve memurlar\u0131 \u00e7al\u0131\u015ft\u0131klar\u0131 yer d\u0131\u015f\u0131nda herhangi bir kurum ya da ile s\u00fcrmenin yolunu a\u00e7maya \u00e7al\u0131\u015fmaktad\u0131r.<\/p>\n<p style=\"text-align: justify;\"><strong>4<\/strong>&#8211; AKP, memurlar\u0131n, \u0130LO s\u00f6zle\u015fmelerinden kaynaklanan ve Anayasan\u0131n 90. maddesinde dayanak bulan grev hakk\u0131n\u0131 kanunla yasaklamak istiyor.<\/p>\n<p style=\"text-align: justify;\"><strong>5<\/strong>&#8211; Bu yasayla, yetkileri ve hizmet alan\u0131 geni\u015fletilmi\u015f olan \u0130l \u00d6zel \u0130dareleri eliyle, 4857 say\u0131l\u0131 yasaya tabi olarak \u00e7al\u0131\u015fan i\u015f\u00e7iler, Karayollar\u0131na aktar\u0131larak, t\u00fcm\u00fcyle ta\u015feronlar\u0131n azg\u0131n s\u00f6m\u00fcr\u00fcs\u00fcne terk ediliyor.<\/p>\n<p style=\"text-align: justify;\"><strong>6<\/strong>&#8211; Bu yasayla, Belediyelerde \u00e7al\u0131\u015fan i\u015f\u00e7iler, Emniyet Genel M\u00fcd\u00fcrl\u00fc\u011f\u00fc ve Milli E\u011fitim Bakanl\u0131\u011f\u0131 gibi, ilgisiz Bakanl\u0131klara aktar\u0131larak, bran\u015f d\u0131\u015f\u0131 \u00e7al\u0131\u015fmaya mecbur b\u0131rak\u0131lmakla kal\u0131nm\u0131yor, aktar\u0131lacak i\u015f\u00e7ilerin m\u00fcktesep haklar\u0131 ancak bir d\u00f6nem korunaca\u011f\u0131 i\u00e7in, d\u00f6nem sonunda 4-C ko\u015fullar\u0131nda \u00e7al\u0131\u015fmaya mahkum edilmek isteniyor.<\/p>\n<p style=\"text-align: justify;\">Bu yasa, Belediyeleri, ta\u015feron cenneti haline getiriyor.<\/p>\n<p style=\"text-align: justify;\"><strong>7<\/strong>&#8211; AKP\u2019nin, bu yasayla Sa\u011fl\u0131kta D\u00f6n\u00fc\u015f\u00fcm Projesi olarak sunmaya \u00e7al\u0131\u015ft\u0131\u011f\u0131, sa\u011fl\u0131\u011f\u0131n paral\u0131 hale gelmesini, hastanelerin metala\u015fmas\u0131n\u0131, ba\u015fta doktorlar olmak \u00fczere, sa\u011fl\u0131k personelinin k\u00f6lele\u015ftirilmesinin yolunu a\u00e7\u0131yor.<\/p>\n<p style=\"text-align: justify;\">AKP\u2019nin Torba Yasa ad\u0131 alt\u0131nda ger\u00e7ekle\u015ftirdi\u011fi bu sald\u0131r\u0131, b\u00fct\u00fcn emek\u00e7ileredir. Ba\u015fta T\u00fcrk-\u0130\u015f olmak \u00fczere, b\u00fct\u00fcn emek\u00e7i \u00f6rg\u00fctleri, g\u00fc\u00e7 ve eylem birli\u011fi yaparak bu sald\u0131r\u0131y\u0131 p\u00fcsk\u00fcrtmek zorundad\u0131r.<\/p>\n<p style=\"text-align: justify;\">\u0130\u015f\u00e7i Partisi, D\u0130SK, KESK, TMMOB ve TTB\u2019nin yurt \u00e7ap\u0131nda ba\u015flatt\u0131klar\u0131 eylemleri desteklemektedir ve b\u00fct\u00fcn olanaklar\u0131 ile emek\u00e7ilerimizin hakl\u0131 eylemlerinin yan\u0131ndad\u0131r.<\/p>\n<p style=\"text-align: justify;\"><a href=\"http:\/\/ip.org.tr\/lib\/pages\/detay.asp?goster=haberdetay&amp;idhaber=2947\" target=\"_blank\"><span style=\"color: #888888;\">Kaynak : http:\/\/ip.org.tr\/lib\/pages\/detay.asp?goster=haberdetay&amp;idhaber=2947<\/span><\/a><\/p>\n","protected":false},"excerpt":{"rendered":"<p style=\"text-align: center;\">\n<p style=\"text-align: justify;\">\u0130\u015f\u00e7i Partisi Genel Ba\u015fkan Vekili Mehmet Bedri G\u00fcltekin, AKP\u2019nin g\u00fcndeme getirdi\u011fi Torba Yasa Tasar\u0131s\u0131&#8217;n\u0131 de\u011ferlendiren bir bas\u0131n a\u00e7\u0131klmas\u0131 yapt\u0131. G\u00fcltekin&#8217;in a\u00e7\u0131klmas\u0131 \u015f\u00f6yle;<\/p>\n<p style=\"text-align: justify;\">AKP\u2019nin g\u00fcndeme getirdi\u011fi Torba Yasa Tasar\u0131s\u0131, emek\u00e7ileri k\u00f6lele\u015ftirmeyi ve i\u015f\u00e7i fonlar\u0131n\u0131 ya\u011fmalamay\u0131 ama\u00e7lamaktad\u0131r.<\/p>\n","protected":false},"author":1,"featured_media":0,"comment_status":"open","ping_status":"closed","sticky":false,"template":"","format":"standard","meta":{"footnotes":""},"categories":[105],"tags":[],"class_list":["post-27789","post","type-post","status-publish","format-standard","hentry","category-gundem","odd"],"_links":{"self":[{"href":"http:\/\/www.korhanyilmaz.com\/index.php?rest_route=\/wp\/v2\/posts\/27789","targetHints":{"allow":["GET"]}}],"collection":[{"href":"http:\/\/www.korhanyilmaz.com\/index.php?rest_route=\/wp\/v2\/posts"}],"about":[{"href":"http:\/\/www.korhanyilmaz.com\/index.php?rest_route=\/wp\/v2\/types\/post"}],"author":[{"embeddable":true,"href":"http:\/\/www.korhanyilmaz.com\/index.php?rest_route=\/wp\/v2\/users\/1"}],"replies":[{"embeddable":true,"href":"http:\/\/www.korhanyilmaz.com\/index.php?rest_route=%2Fwp%2Fv2%2Fcomments&post=27789"}],"version-history":[{"count":0,"href":"http:\/\/www.korhanyilmaz.com\/index.php?rest_route=\/wp\/v2\/posts\/27789\/revisions"}],"wp:attachment":[{"href":"http:\/\/www.korhanyilmaz.com\/index.php?rest_route=%2Fwp%2Fv2%2Fmedia&parent=27789"}],"wp:term":[{"taxonomy":"category","embeddable":true,"href":"http:\/\/www.korhanyilmaz.com\/index.php?rest_route=%2Fwp%2Fv2%2Fcategories&post=27789"},{"taxonomy":"post_tag","embeddable":true,"href":"http:\/\/www.korhanyilmaz.com\/index.php?rest_route=%2Fwp%2Fv2%2Ftags&post=27789"}],"curies":[{"name":"wp","href":"https:\/\/api.w.org\/{rel}","templated":true}]}}