{"id":27784,"date":"2011-02-04T22:20:39","date_gmt":"2011-02-04T20:20:39","guid":{"rendered":"http:\/\/www.korhanyilmaz.com\/?p=27784"},"modified":"2011-02-04T22:20:39","modified_gmt":"2011-02-04T20:20:39","slug":"diktatoryal-federasyon","status":"publish","type":"post","link":"http:\/\/www.korhanyilmaz.com\/?p=27784","title":{"rendered":"Diktatoryal federasyon"},"content":{"rendered":"<p style=\"text-align: justify;\"><a href=\"http:\/\/www.korhanyilmaz.com\/wp-content\/uploads\/2011\/02\/114.jpg\"  class=\"lightview\"><img loading=\"lazy\" decoding=\"async\" class=\"aligncenter size-full wp-image-27786\" src=\"http:\/\/www.korhanyilmaz.com\/wp-content\/uploads\/2011\/02\/114.jpg\" alt=\"\" width=\"398\" height=\"224\" \/><\/a><\/p>\n<p style=\"text-align: justify;\">DSP Genel Ba\u015fkan Yard\u0131mc\u0131s\u0131 Hasan Macit, ba\u015fkanl\u0131k, 2 parti ve federatif yap\u0131 \u00e7abalar\u0131na sert \u00e7\u0131kt\u0131: Ba\u015fkanl\u0131k sistemi, federal yap\u0131 ve kurumsal yerellikler gerektirir. Yak\u0131n tehlike budur: Yasama ve yarg\u0131n\u0131n ba\u015fkana ba\u011fl\u0131 oldu\u011fu diktatoryal federasyon!<!--more--><\/p>\n<p style=\"text-align: justify;\"><strong>\u00dclkemizi b\u00fcy\u00fck tehlike bekliyor<\/strong><\/p>\n<p style=\"text-align: justify;\">DSP Genel Ba\u015fkan Yard\u0131mc\u0131s\u0131 Hasan Macit d\u00fczenledi\u011fi bas\u0131n toplant\u0131s\u0131nda, ba\u015fkanl\u0131k sistemi tart\u0131\u015fmalar\u0131n\u0131 de\u011ferlendirdi. Hasan Macit, Ba\u015fbakan Recep Tayyip Erdo\u011fan\u2019\u0131n ba\u015fkanl\u0131k ve iki partili sistemin tart\u0131\u015f\u0131lmas\u0131n\u0131 istedi\u011fini kaydederek, \u015f\u00f6yle konu\u015ftu: \u201cBa\u015fkanl\u0131k sistemi, i\u015fsizli\u011fi ortadan m\u0131 kald\u0131racakt\u0131r, yoksullu\u011fu mu azaltacakt\u0131r? Hay\u0131r, ama Say\u0131n Ba\u015fbakan bunlara ihtiya\u00e7 duymaktad\u0131r. Ba\u015fkanl\u0131k sistemi, federal bir yap\u0131 ile kurumsal yerellikler gerektirir. Bunlar\u0131n \u00fclkemizde bulunmad\u0131\u011f\u0131 a\u00e7\u0131kt\u0131r. Acaba bunlar\u0131 isteyenler, \u00fclkemizi federatif bir yap\u0131ya m\u0131 g\u00f6t\u00fcrmek istemektedir? Yasaman\u0131n ve yarg\u0131n\u0131n ba\u015fkana ba\u011fl\u0131 oldu\u011fu diktatoryal bir sistem istenmektedir. \u00dclkemizi bekleyen yak\u0131n tehlike budur. AKP ve yanda\u015flar\u0131n\u0131n s\u0131k s\u0131k iradesini referans g\u00f6sterdi\u011fi millet kimdir? Milletten sadece cemaatler ve Soros\u2019\u00e7u g\u00fc\u00e7ler mi anla\u015f\u0131lacak?\u201d DSP\u2019li Macit, Ba\u015fbakan Erdo\u011fan\u2019\u0131n g\u00f6stermelik a\u00e7\u0131l\u0131\u015flar i\u00e7in gitti\u011fi illerde, vatanda\u015flar\u0131n protesto edecekleri gerek\u00e7esiyle g\u00f6zalt\u0131na al\u0131nd\u0131\u011f\u0131n\u0131 da \u00f6ne s\u00fcrerek, \u201cDaha \u00f6nceleri Sultan Abd\u00fclhamit d\u00f6neminde ya\u015fanm\u0131\u015f olan ve \u015fimdi Erzurum, Denizli ve Burdur\u2019da ya\u015fanan g\u00f6zalt\u0131lardan dolay\u0131 H\u00fck\u00fcmeti k\u0131n\u0131yoruz\u201d dedi.<\/p>\n<p style=\"text-align: justify;\"><a href=\"http:\/\/www.yg.yenicaggazetesi.com.tr\/habergoster.php?haber=45552\" target=\"_blank\"><span style=\"color: #888888;\">Kaynak : yenicaggazetesi.com.tr<\/span><\/a><\/p>\n","protected":false},"excerpt":{"rendered":"<p style=\"text-align: justify;\">\n<p style=\"text-align: justify;\">DSP Genel Ba\u015fkan Yard\u0131mc\u0131s\u0131 Hasan Macit, ba\u015fkanl\u0131k, 2 parti ve federatif yap\u0131 \u00e7abalar\u0131na sert \u00e7\u0131kt\u0131: Ba\u015fkanl\u0131k sistemi, federal yap\u0131 ve kurumsal yerellikler gerektirir. Yak\u0131n tehlike budur: Yasama ve yarg\u0131n\u0131n ba\u015fkana ba\u011fl\u0131 oldu\u011fu diktatoryal federasyon!<\/p>\n","protected":false},"author":1,"featured_media":0,"comment_status":"open","ping_status":"closed","sticky":false,"template":"","format":"standard","meta":{"footnotes":""},"categories":[105],"tags":[],"class_list":["post-27784","post","type-post","status-publish","format-standard","hentry","category-gundem","odd"],"_links":{"self":[{"href":"http:\/\/www.korhanyilmaz.com\/index.php?rest_route=\/wp\/v2\/posts\/27784","targetHints":{"allow":["GET"]}}],"collection":[{"href":"http:\/\/www.korhanyilmaz.com\/index.php?rest_route=\/wp\/v2\/posts"}],"about":[{"href":"http:\/\/www.korhanyilmaz.com\/index.php?rest_route=\/wp\/v2\/types\/post"}],"author":[{"embeddable":true,"href":"http:\/\/www.korhanyilmaz.com\/index.php?rest_route=\/wp\/v2\/users\/1"}],"replies":[{"embeddable":true,"href":"http:\/\/www.korhanyilmaz.com\/index.php?rest_route=%2Fwp%2Fv2%2Fcomments&post=27784"}],"version-history":[{"count":0,"href":"http:\/\/www.korhanyilmaz.com\/index.php?rest_route=\/wp\/v2\/posts\/27784\/revisions"}],"wp:attachment":[{"href":"http:\/\/www.korhanyilmaz.com\/index.php?rest_route=%2Fwp%2Fv2%2Fmedia&parent=27784"}],"wp:term":[{"taxonomy":"category","embeddable":true,"href":"http:\/\/www.korhanyilmaz.com\/index.php?rest_route=%2Fwp%2Fv2%2Fcategories&post=27784"},{"taxonomy":"post_tag","embeddable":true,"href":"http:\/\/www.korhanyilmaz.com\/index.php?rest_route=%2Fwp%2Fv2%2Ftags&post=27784"}],"curies":[{"name":"wp","href":"https:\/\/api.w.org\/{rel}","templated":true}]}}