{"id":27780,"date":"2011-02-04T22:22:18","date_gmt":"2011-02-04T20:22:18","guid":{"rendered":"http:\/\/www.korhanyilmaz.com\/?p=27780"},"modified":"2011-02-04T22:22:18","modified_gmt":"2011-02-04T20:22:18","slug":"akp-ile-pkk%e2%80%99nin-ahlaksiz-pazarligi","status":"publish","type":"post","link":"http:\/\/www.korhanyilmaz.com\/?p=27780","title":{"rendered":"AKP ile PKK\u2019n\u0131n ahlaks\u0131z pazarl\u0131\u011f\u0131"},"content":{"rendered":"<p style=\"text-align: center;\"><a href=\"http:\/\/www.korhanyilmaz.com\/wp-content\/uploads\/2011\/02\/113.jpg\"  class=\"lightview\"><img loading=\"lazy\" decoding=\"async\" class=\"aligncenter size-full wp-image-27782\" src=\"http:\/\/www.korhanyilmaz.com\/wp-content\/uploads\/2011\/02\/113.jpg\" alt=\"\" width=\"350\" height=\"263\" \/><\/a><\/p>\n<p style=\"text-align: justify;\">MHP Genel Ba\u015fkan Yard\u0131mc\u0131s\u0131 Deniz B\u00f6l\u00fckba\u015f\u0131, \u2018kutsal ittifak\u2019a sert tepki g\u00f6sterdi: S\u00f6zde ate\u015fkesi uzat ki, ben de se\u00e7imi kazan\u0131rsam senin isteklerine g\u00f6re yeni anayasa yapay\u0131m. \u0130\u015fte, t\u00fcm pazarl\u0131\u011f\u0131n \u00f6zeti budur. Bu \u00e7ok \u00e7irkin ve ahlaks\u0131z bir pazarl\u0131kt\u0131r!<!--more--><\/p>\n<p style=\"text-align: justify;\"><strong>T\u00fcrkiye\u2019ye hi\u00e7 yak\u0131\u015fm\u0131yor<\/strong><\/p>\n<p style=\"text-align: justify;\">B\u00f6l\u00fckba\u015f\u0131, \u201cTer\u00f6rle m\u00fccadele yerine m\u00fczakere eden Ba\u015fbakan bu \u00fclkeye yak\u0131\u015fm\u0131yor\u201d dedi.<\/p>\n<p style=\"text-align: justify;\"><strong>Ter\u00f6rle m\u00fczakere d\u00f6nemi ba\u015flat\u0131ld\u0131<\/strong><\/p>\n<p style=\"text-align: justify;\">Bursa Esnaf ve Sanatkarlar Odas\u0131 Ba\u015fkan\u0131 Tak, MHP Genel Ba\u015fkan Yard\u0131mc\u0131s\u0131 B\u00f6l\u00fckba\u015f\u0131\u2019na plaket verdi.<\/p>\n<p style=\"text-align: justify;\">MHP Genel Ba\u015fkan Yard\u0131mc\u0131s\u0131 Deniz B\u00f6l\u00fckba\u015f\u0131, Bursa Esnaf ve Sanatkarlar Odas\u0131 (BESOB) Ba\u015fkan\u0131 Arif Tak\u2019\u0131 ziyaret etti. B\u00f6l\u00fckba\u015f\u0131 burada gazetecilerin sorular\u0131n\u0131 cevapland\u0131rd\u0131. Bir gazetecinin, \u201cEmniyet Genel M\u00fcd\u00fcrl\u00fc\u011f\u00fcn\u00fcn yapt\u0131\u011f\u0131 a\u00e7\u0131klamada MHP Genel Ba\u015fkan\u0131 ve \u00fcst d\u00fczey yetkililere suikast planlar\u0131ndan s\u00f6z ediliyor. Bu konuda ne d\u00fc\u015f\u00fcn\u00fcyorsunuz?\u201d sorusuna B\u00f6l\u00fckba\u015f\u0131, \u201cAllah\u2019\u0131n dedi\u011fi olur\u201d dedi. \u201c\u0130mral\u0131\u2019dan yeni bir mesaj geldi. \u00d6calan, ge\u00e7en hafta devletle g\u00f6r\u00fc\u015ft\u00fc\u011f\u00fcn\u00fc, ancak bu bar\u0131\u015f s\u00fcrecinde rol\u00fcn\u00fc iyi oynayabilmesi i\u00e7in ko\u015fullar\u0131n\u0131n iyile\u015ftirilmesi gerekti\u011fini s\u00f6yledi. Bunun hakk\u0131nda ne d\u00fc\u015f\u00fcn\u00fcyorsunuz?\u201d sorusunu ise B\u00f6l\u00fckba\u015f\u0131, \u015f\u00f6yle yan\u0131tlad\u0131: \u201cSay\u0131n Ba\u015fbakan ilk ba\u015fta ne kadar inkar etmeye \u00e7al\u0131\u015fsa bile 2010 y\u0131l\u0131n\u0131n Haziran ay\u0131ndan bu yana kendisiyle bir pazarl\u0131k s\u00fcreci y\u00fcr\u00fct\u00fcyor. Bu pazarl\u0131\u011f\u0131 ilk MHP a\u00e7\u0131klad\u0131\u011f\u0131 zaman hat\u0131rlayacaks\u0131n\u0131z, say\u0131n Ba\u015fbakan \u2019B\u00f6yle bir \u015fey yoktur, bunu s\u00f6yleyen \u015ferefsizdir, al\u00e7akt\u0131r\u2019 demi\u015ftir. Ama sonra bu pazarl\u0131\u011f\u0131n s\u00fcrd\u00fcr\u00fcld\u00fc\u011f\u00fc art\u0131k saklanamaz hale gelince \u2019Evet g\u00f6r\u00fc\u015f\u00fcyorlar, ama devlet g\u00f6r\u00fc\u015f\u00fcyor\u2019 dedi.\u201d<\/p>\n<p style=\"text-align: justify;\"><strong>T\u00fcrkiye\u2019ye yak\u0131\u015fm\u0131yor<\/strong><\/p>\n<p style=\"text-align: justify;\">B\u00f6l\u00fckba\u015f\u0131, \u201cSanki M\u0130T M\u00fcste\u015farl\u0131\u011f\u0131 kendisine ba\u011fl\u0131 de\u011fil. Siz bir kere bunu ba\u015flat\u0131rsan\u0131z bu \u0130mral\u0131 canisi denen adam da her g\u00fcn yeni bir taleple gelir, \u2019Ev hapsine beni al\u0131n\u2019 der, \u015funu der, bunu der. Say\u0131n Ba\u015fbakan bizi neyle su\u00e7layacak bilmiyorum, ama ben gizli pazarl\u0131kta ne g\u00f6r\u00fc\u015f\u00fcld\u00fc\u011f\u00fcn\u00fc payla\u015fay\u0131m, devlet memurlar\u0131 taraf\u0131ndan yap\u0131l\u0131yor, ama bunlar Ba\u015fbakana ba\u011fl\u0131 memurlard\u0131r\u201d ifadelerini kulland\u0131. B\u00f6l\u00fckba\u015f\u0131, \u201cPazarl\u0131\u011f\u0131n \u00f6zeti \u015fudur; \u2019Bu s\u00f6zde ate\u015fkesi 12 Haziran se\u00e7imlerinden sonraya kadar uzat ki benim se\u00e7im s\u00fcrecinde elim rahatlas\u0131n. Buna kar\u015f\u0131l\u0131k PKK a\u00e7\u0131l\u0131m\u0131yla yerine getirmeyi s\u00f6z verdi\u011fi talepleri 12 Hazirandan sonra iktidarda kalabilirsem yeni anayasayla kar\u015f\u0131layabilirim.\u2019 Bunun pazarl\u0131\u011f\u0131 yap\u0131lmaktad\u0131r. Bu \u00e7irkin bir pazarl\u0131\u011f\u0131n \u00f6tesinde ahlaks\u0131z bir pazarl\u0131kt\u0131r. Etnik b\u00f6l\u00fcc\u00fcl\u00fc\u011f\u00fcn siyasi s\u00fcre\u00e7lerle ama\u00e7lar\u0131n\u0131 ger\u00e7ekle\u015ftirme s\u00fcreci bu bak\u0131mdan Ba\u015fbakan\u0131 tarihi bir vebal alt\u0131nda b\u0131rakacakt\u0131r. Ter\u00f6rle m\u00fccadeleyi b\u0131rak\u0131p da m\u00fczakere s\u00fcreci ba\u015flatan bir Ba\u015fbakan, T\u00fcrkiye\u2019ye yak\u0131\u015fmamakt\u0131r, bu oyunun bozulmas\u0131na 126 g\u00fcn kalm\u0131\u015ft\u0131r\u201d diye konu\u015ftu.<\/p>\n<p style=\"text-align: justify;\"><a href=\"http:\/\/www.yg.yenicaggazetesi.com.tr\/habergoster.php?haber=45553\" target=\"_blank\"><span style=\"color: #888888;\">Kaynak : yenicaggazetesi.com.tr<\/span><\/a><\/p>\n","protected":false},"excerpt":{"rendered":"<p style=\"text-align: center;\">\n<p style=\"text-align: justify;\">MHP Genel Ba\u015fkan Yard\u0131mc\u0131s\u0131 Deniz B\u00f6l\u00fckba\u015f\u0131, \u2018kutsal ittifak\u2019a sert tepki g\u00f6sterdi: S\u00f6zde ate\u015fkesi uzat ki, ben de se\u00e7imi kazan\u0131rsam senin isteklerine g\u00f6re yeni anayasa yapay\u0131m. \u0130\u015fte, t\u00fcm pazarl\u0131\u011f\u0131n \u00f6zeti budur. Bu \u00e7ok \u00e7irkin ve ahlaks\u0131z bir pazarl\u0131kt\u0131r!<\/p>\n","protected":false},"author":1,"featured_media":0,"comment_status":"open","ping_status":"closed","sticky":false,"template":"","format":"standard","meta":{"footnotes":""},"categories":[105],"tags":[],"class_list":["post-27780","post","type-post","status-publish","format-standard","hentry","category-gundem","odd"],"_links":{"self":[{"href":"http:\/\/www.korhanyilmaz.com\/index.php?rest_route=\/wp\/v2\/posts\/27780","targetHints":{"allow":["GET"]}}],"collection":[{"href":"http:\/\/www.korhanyilmaz.com\/index.php?rest_route=\/wp\/v2\/posts"}],"about":[{"href":"http:\/\/www.korhanyilmaz.com\/index.php?rest_route=\/wp\/v2\/types\/post"}],"author":[{"embeddable":true,"href":"http:\/\/www.korhanyilmaz.com\/index.php?rest_route=\/wp\/v2\/users\/1"}],"replies":[{"embeddable":true,"href":"http:\/\/www.korhanyilmaz.com\/index.php?rest_route=%2Fwp%2Fv2%2Fcomments&post=27780"}],"version-history":[{"count":0,"href":"http:\/\/www.korhanyilmaz.com\/index.php?rest_route=\/wp\/v2\/posts\/27780\/revisions"}],"wp:attachment":[{"href":"http:\/\/www.korhanyilmaz.com\/index.php?rest_route=%2Fwp%2Fv2%2Fmedia&parent=27780"}],"wp:term":[{"taxonomy":"category","embeddable":true,"href":"http:\/\/www.korhanyilmaz.com\/index.php?rest_route=%2Fwp%2Fv2%2Fcategories&post=27780"},{"taxonomy":"post_tag","embeddable":true,"href":"http:\/\/www.korhanyilmaz.com\/index.php?rest_route=%2Fwp%2Fv2%2Ftags&post=27780"}],"curies":[{"name":"wp","href":"https:\/\/api.w.org\/{rel}","templated":true}]}}