{"id":27776,"date":"2011-02-05T12:51:57","date_gmt":"2011-02-05T10:51:57","guid":{"rendered":"http:\/\/www.korhanyilmaz.com\/?p=27776"},"modified":"2011-02-05T12:51:57","modified_gmt":"2011-02-05T10:51:57","slug":"ucube-savasi","status":"publish","type":"post","link":"http:\/\/www.korhanyilmaz.com\/?p=27776","title":{"rendered":"&#8216;Ucube&#8217; sava\u015f\u0131"},"content":{"rendered":"<p style=\"text-align: center;\"><a href=\"http:\/\/www.korhanyilmaz.com\/wp-content\/uploads\/2011\/02\/112.jpg\"  class=\"lightview\"><img loading=\"lazy\" decoding=\"async\" class=\"aligncenter size-full wp-image-27777\" src=\"http:\/\/www.korhanyilmaz.com\/wp-content\/uploads\/2011\/02\/112.jpg\" alt=\"\" width=\"341\" height=\"230\" \/><\/a><\/p>\n<p style=\"text-align: justify;\">Heykelt\u0131ra\u015f Mehmet Aksoy\u2019un avukat\u0131 Turgut Kazan, pazartesi g\u00fcn\u00fc Erzurum\u2019a giderek dava a\u00e7\u0131lmas\u0131 i\u00e7in dilek\u00e7e vereceklerini s\u00f6yledi. Avukat Kazan, \u201cAn\u0131t\u0131n yap\u0131m\u0131n\u0131n hukuki temeli son derece sa\u011flam\u201d diye konu\u015ftu.<!--more--><\/p>\n<p style=\"text-align: justify;\">KARS &#8211; Kars Belediyesi \u201cHeykel sit alan\u0131nda, sanat\u00e7\u0131yla s\u00f6zle\u015fme yok\u201d demi\u015fti fakat&#8230;<\/p>\n<p style=\"text-align: justify;\"><strong>Ba\u015fkan: An\u0131t sit alan\u0131nda<\/strong><\/p>\n<p style=\"text-align: justify;\">Kars Belediye Ba\u015fkan\u0131 Nevzat Bozku\u015f, Ba\u015fbakan Erdo\u011fan\u2019\u0131n Kars ziyaretinde \u201cUcube\u201d benzetmesinden sonra an\u0131t\u0131n sit alan\u0131 i\u00e7inde oldu\u011funu ve y\u0131k\u0131laca\u011f\u0131n\u0131 a\u00e7\u0131klad\u0131. Hatta y\u0131k\u0131m yetkisini de K\u00fclt\u00fcr ve Turizm Bakanl\u0131\u011f\u0131 K\u00fclt\u00fcr ve Tabiat Varl\u0131klar\u0131n\u0131 Koruma Y\u00fcksek Kurulu\u2019nun karar\u0131ndan ald\u0131\u011f\u0131n\u0131 s\u00f6yledi.<\/p>\n<p style=\"text-align: justify;\">Habert\u00fcrk&#8217;\u00fcn haberine g\u00f6re;<\/p>\n<p style=\"text-align: justify;\">Koruma kurulu: Sit alan\u0131 d\u0131\u015f\u0131nda<\/p>\n<p style=\"text-align: justify;\">Koruma Kurulu kararlar\u0131na g\u00f6re ise \u0130nsanl\u0131k An\u0131t\u0131 sit alan\u0131 i\u00e7inde de\u011fil. K\u00fclt\u00fcr ve Turizm Bakanl\u0131\u011f\u0131 M\u00fcste\u015far\u0131 \u0130smet Y\u0131lmaz\u2019\u0131n ba\u015fkanl\u0131\u011f\u0131n\u0131 yapt\u0131\u011f\u0131 16 ki\u015filik Koruma Kurulu\u2019nun \u00fcyeleri aras\u0131nda Ba\u015fbakanl\u0131k M\u00fcste\u015far Yard\u0131mc\u0131s\u0131 Ruhi \u00d6zbilgi\u00e7\u2019in yan\u0131 s\u0131ra AK Parti\u2019nin yerel se\u00e7imlerde Kad\u0131k\u00f6y Belediye Ba\u015fkan aday\u0131 olan \u00fcnl\u00fc Mimar Sinan Genim de bulunuyor. 6 Ocak 2011 tarihli kararda da an\u0131t\u0131n sit alan\u0131 olarak tescillenen alan\u0131n d\u0131\u015f\u0131nda oldu\u011fu belirtiliyor.<\/p>\n<p style=\"text-align: justify;\"><strong>Kurul: Hazine arazisinde, ka\u00e7ak<\/strong><\/p>\n<p style=\"text-align: justify;\">Koruma Y\u00fcksek Kurulu karar\u0131na g\u00f6re an\u0131t\u0131n bulundu\u011fu b\u00f6lge belediyeye de\u011fil Hazine\u2019ye ait.<\/p>\n<p style=\"text-align: justify;\"><strong>Eski ba\u015fkan: Kentsel d\u00f6n\u00fc\u015f\u00fcm<\/strong><\/p>\n<p style=\"text-align: justify;\">Kentsel D\u00f6n\u00fc\u015f\u00fcm Projeleri kapsam\u0131nda belediyelerin izin almaks\u0131z\u0131n Hazine arazisi \u00fczerine park, bah\u00e7e ve sosyal donat\u0131 yapma yetkisi oldu\u011funu ileri s\u00fcren eski Kars Belediye Ba\u015fkan\u0131 Naif Alibeyo\u011flu ise \u201cKentsel d\u00f6n\u00fc\u015f\u00fcm i\u00e7in gecekondular\u0131 y\u0131kt\u0131k, halk\u0131 TOK\u0130\u2019den ald\u0131\u011f\u0131m\u0131z konutlara yerle\u015ftirdik. An\u0131t da kentsel d\u00f6n\u00fc\u015f\u00fcm kapsam\u0131nda\u201d diyor.<\/p>\n<p style=\"text-align: justify;\"><strong>Ba\u015fkan: Sanat\u00e7\u0131n\u0131n ad\u0131 yok<\/strong><\/p>\n<p style=\"text-align: justify;\">Kars Belediye Ba\u015fkan\u0131 Nevzat Bozku\u015f, heykelt\u0131ra\u015f Mehmet Aksoy ile belediye aras\u0131nda yap\u0131lm\u0131\u015f herhangi bir s\u00f6zle\u015fme olmad\u0131\u011f\u0131n\u0131, bu nedenle s\u00f6z hakk\u0131 olamayaca\u011f\u0131n\u0131 ileri s\u00fcrd\u00fc. Bozku\u015f, \u201cKay\u0131tlarda yapt\u0131\u011f\u0131m\u0131z incelemelerde resmi evrak\u0131n hi\u00e7birinde Say\u0131n Aksoy\u2019un ad\u0131 ge\u00e7miyor. \u00c7evre d\u00fczenlemesi ihalesini alan firmada da ad\u0131 yok. Bu durumda heykelle ilgili s\u00f6z hakk\u0131 bulunmuyor\u201d dedi.<\/p>\n<p style=\"text-align: justify;\"><strong>Heykeltra\u015f: S\u00f6zle\u015fmede elimde<\/strong><\/p>\n<p style=\"text-align: justify;\">Mehmet Aksoy ise belediye ile aralar\u0131nda yapt\u0131klar\u0131 s\u00f6zle\u015fmenin bir kopyas\u0131n\u0131n kendisinde bulundu\u011funu s\u00f6yledi. Eski Ba\u015fkan Alibeyo\u011flu da sanat\u00e7\u0131 ile yapt\u0131klar\u0131 s\u00f6zle\u015fmenin belediyede bulundu\u011funu, kaybolmas\u0131n\u0131n m\u00fcmk\u00fcn olmad\u0131\u011f\u0131n\u0131 ifade etti.<\/p>\n<p style=\"text-align: justify;\"><strong>G\u00fcnay: Belediyenin \u00f6zel yetkisi yok<\/strong><\/p>\n<p style=\"text-align: justify;\">An\u0131tla ilgili tart\u0131\u015fmalar\u0131n ba\u015f\u0131ndan beri spek\u00fcle edildi\u011fini s\u00f6yleyen K\u00fclt\u00fcr ve Turizm Bakan\u0131 Ertu\u011frul G\u00fcnay ise \u201cKoruma Kurulu\u2019nun uygun g\u00f6rmesi halinde, onun uygun g\u00f6rd\u00fc\u011f\u00fc y\u00f6nteme g\u00f6re davran\u0131lacak. Bizim de belediyenin de bu alanda \u00f6zel bir yetkisi yok\u2019\u2019 diye konu\u015fmu\u015ftu.<\/p>\n<p style=\"text-align: justify;\"><strong>Kurul: Yetki b\u00f6lge kurulunda<\/strong><\/p>\n<p style=\"text-align: justify;\">Ama Koruma Y\u00fcksek Kurulu\u2019nun 6 Ocak 2011 tarihli karar\u0131nda tescil alan\u0131 d\u0131\u015f\u0131nda kald\u0131\u011f\u0131 i\u00e7in alandaki an\u0131t\u0131n durumunun belediye taraf\u0131ndan \u0130mar Kanunu\u2019na g\u00f6re de\u011ferlendirilmesi gerekti\u011fi belirtiliyor. Tescil kapsam\u0131nda kalan b\u00f6lge i\u00e7inse belediye yapaca\u011f\u0131 projeyi Erzurum B\u00f6lge Koruma Kurulu\u2019nun onay\u0131na sunmak zorunda.<\/p>\n<p style=\"text-align: justify;\"><strong>Mehmet Aksoy pazartesi dava a\u00e7acak <\/strong><\/p>\n<p style=\"text-align: justify;\"><strong>Heykelde ke\u015fif<\/strong><\/p>\n<p style=\"text-align: justify;\">MHP \u0130l Ba\u015fkanl\u0131\u011f\u0131\u2019n\u0131n an\u0131t\u0131n sit alan\u0131na yap\u0131ld\u0131\u011f\u0131 gerek\u00e7esiyle a\u00e7t\u0131\u011f\u0131 dava nedeniyle Kars Sulh Hukuk Mahkemesi h\u00e2kimi, an\u0131t ve \u00e7evresinde ke\u015fif ama\u00e7l\u0131 incelemelerde bulundu. G\u00f6r\u00fcnt\u00fc al\u0131nmas\u0131 engellendi.<\/p>\n<p style=\"text-align: justify;\"><strong>Y\u0131k\u0131m \u00f6l\u00e7\u00fcm\u00fc<\/strong><\/p>\n<p style=\"text-align: justify;\">An\u0131t i\u00e7in Belediye Meclisi\u2019nden y\u0131k\u0131m karar\u0131n\u0131n \u00e7\u0131kmas\u0131n\u0131n ard\u0131ndan Kars Belediyesi kollar\u0131 s\u0131vad\u0131. Ba\u015fkan Yard\u0131mc\u0131s\u0131 Zafer Aslano\u011flu ba\u015fkanl\u0131\u011f\u0131ndaki ekip \u0130nsanl\u0131k An\u0131t\u0131\u2019nda \u00f6l\u00e7\u00fcm yapt\u0131.<\/p>\n<p style=\"text-align: justify;\"><strong>Yapt\u0131r\u0131m karar\u0131<\/strong><\/p>\n<p style=\"text-align: justify;\">Kars Belediyesi Meclisi, 7 Kas\u0131m 2005 tarihinde oybirli\u011fiyle \u0130nsanl\u0131k An\u0131t\u0131 yapt\u0131r\u0131lmas\u0131 karar\u0131 verdi.<\/p>\n<p style=\"text-align: justify;\"><strong>Kurul: Hazine arazisi<\/strong><\/p>\n<p style=\"text-align: justify;\">K\u00fclt\u00fcr ve Tabiat Varl\u0131klar\u0131n\u0131 Koruma Y\u00fcksek Kurulu, 6 Ocak 2011 tarihli yaz\u0131da, \u2018B\u00f6lge Hazine arazisi\u2019 dedi.<\/p>\n<p style=\"text-align: justify;\"><strong>Kurul: Sit de\u011fil<\/strong><\/p>\n<p style=\"text-align: justify;\">Koruma Y\u00fcksek Kurulu, 6 Ocak 2011 tarihli yaz\u0131da b\u00f6lgenin tescil kapsam\u0131 d\u0131\u015f\u0131nda oldu\u011funu bildirdi.<\/p>\n<p style=\"text-align: justify;\"><strong>\u0130\u015fte s\u00f6zle\u015fme<\/strong><\/p>\n<p style=\"text-align: justify;\">Kars Belediye Ba\u015fkan\u0131 Nevzat Bozku\u015f, \u201cSanat\u00e7\u0131 ile s\u00f6zle\u015fme yok\u201d dedi, Aksoy, s\u00f6zle\u015fmeyi g\u00f6sterdi.<\/p>\n<p style=\"text-align: justify;\"><strong>Ba\u015fbakan ne demi\u015fti?<\/strong><\/p>\n<p style=\"text-align: justify;\">KARS gezisinde Ba\u015fbakan Erdo\u011fan, \u0130nsanl\u0131k An\u0131t\u0131 i\u00e7in \u015funlar\u0131 s\u00f6yledi: \u201cHasan Harakani\u2018nin t\u00fcrbesinin yan\u0131na bir ucube koymu\u015flar, garip bir \u015fey dikmi\u015fler. Oradaki t\u00fcm vak\u0131f eserlerinin, o sanatk\u00e2rane eserlerin oldu\u011fu yerde b\u00f6yle bir \u015fey olmas\u0131 d\u00fc\u015f\u00fcn\u00fclemez. Konuyla ilgili olarak belediye ba\u015fkan\u0131m\u0131z g\u00f6revini s\u00fcratle yerine getirecektir.\u2019\u2019 K\u00fclt\u00fcr ve Turizm Bakan\u0131 Ertu\u011frul G\u00fcnay, Erdo\u011fan\u2019\u0131n bunlar\u0131 gecekondular i\u00e7in s\u00f6yledi\u011fini belirtmi\u015fti. Ancak daha sonra Ba\u015fbakan Erdo\u011fan \u201cUcubeyi heykel i\u00e7in s\u00f6yledim\u201d a\u00e7\u0131klamas\u0131yla bu d\u00fczeltmeyi d\u00fczeltmi\u015fti.<\/p>\n<p style=\"text-align: justify;\"><strong>Ekinci: An\u0131t ka\u00e7ak de\u011fil<\/strong><\/p>\n<p style=\"text-align: justify;\">M\u0130MARLAR Odas\u0131 Onursal Ba\u015fkan\u0131 Oktay Ekinci, y\u0131k\u0131m karar\u0131na tepkili. Ekinci \u201cY\u00fcksek Kurul bu karar\u0131 ile an\u0131t\u0131n sit alan\u0131 i\u00e7inde olmad\u0131\u011f\u0131na h\u00fckmediyor. Sit i\u00e7inde olsa yap\u0131m\u0131na izin vermezdik. An\u0131t ka\u00e7ak de\u011fil\u201d dedi.<\/p>\n<p style=\"text-align: justify;\"><a href=\"http:\/\/www.gazeteport.com.tr\/GUNCEL\/NEWS\/GP_848486\" target=\"_blank\"><span style=\"color: #888888;\">Kaynak : GAZETEPORT<\/span><\/a><\/p>\n","protected":false},"excerpt":{"rendered":"<p style=\"text-align: center;\">\n<p style=\"text-align: justify;\">Heykelt\u0131ra\u015f Mehmet Aksoy\u2019un avukat\u0131 Turgut Kazan, pazartesi g\u00fcn\u00fc Erzurum\u2019a giderek dava a\u00e7\u0131lmas\u0131 i\u00e7in dilek\u00e7e vereceklerini s\u00f6yledi. Avukat Kazan, \u201cAn\u0131t\u0131n yap\u0131m\u0131n\u0131n hukuki temeli son derece sa\u011flam\u201d diye konu\u015ftu.<\/p>\n","protected":false},"author":1,"featured_media":0,"comment_status":"open","ping_status":"closed","sticky":false,"template":"","format":"standard","meta":{"footnotes":""},"categories":[105],"tags":[],"class_list":["post-27776","post","type-post","status-publish","format-standard","hentry","category-gundem","odd"],"_links":{"self":[{"href":"http:\/\/www.korhanyilmaz.com\/index.php?rest_route=\/wp\/v2\/posts\/27776","targetHints":{"allow":["GET"]}}],"collection":[{"href":"http:\/\/www.korhanyilmaz.com\/index.php?rest_route=\/wp\/v2\/posts"}],"about":[{"href":"http:\/\/www.korhanyilmaz.com\/index.php?rest_route=\/wp\/v2\/types\/post"}],"author":[{"embeddable":true,"href":"http:\/\/www.korhanyilmaz.com\/index.php?rest_route=\/wp\/v2\/users\/1"}],"replies":[{"embeddable":true,"href":"http:\/\/www.korhanyilmaz.com\/index.php?rest_route=%2Fwp%2Fv2%2Fcomments&post=27776"}],"version-history":[{"count":0,"href":"http:\/\/www.korhanyilmaz.com\/index.php?rest_route=\/wp\/v2\/posts\/27776\/revisions"}],"wp:attachment":[{"href":"http:\/\/www.korhanyilmaz.com\/index.php?rest_route=%2Fwp%2Fv2%2Fmedia&parent=27776"}],"wp:term":[{"taxonomy":"category","embeddable":true,"href":"http:\/\/www.korhanyilmaz.com\/index.php?rest_route=%2Fwp%2Fv2%2Fcategories&post=27776"},{"taxonomy":"post_tag","embeddable":true,"href":"http:\/\/www.korhanyilmaz.com\/index.php?rest_route=%2Fwp%2Fv2%2Ftags&post=27776"}],"curies":[{"name":"wp","href":"https:\/\/api.w.org\/{rel}","templated":true}]}}