{"id":27768,"date":"2011-02-05T09:12:07","date_gmt":"2011-02-05T07:12:07","guid":{"rendered":"http:\/\/www.korhanyilmaz.com\/?p=27768"},"modified":"2011-02-05T09:12:07","modified_gmt":"2011-02-05T07:12:07","slug":"ocalan-kurtleri-misir-halki-gibi-meydanlara-cagirdi","status":"publish","type":"post","link":"http:\/\/www.korhanyilmaz.com\/?p=27768","title":{"rendered":"\u00d6calan, K\u00fcrtleri M\u0131s\u0131r halk\u0131 gibi meydanlara \u00e7a\u011f\u0131rd\u0131"},"content":{"rendered":"<p><a href=\"http:\/\/www.korhanyilmaz.com\/wp-content\/uploads\/2011\/02\/110.jpg\"  class=\"lightview\"><img loading=\"lazy\" decoding=\"async\" class=\"aligncenter size-full wp-image-27769\" src=\"http:\/\/www.korhanyilmaz.com\/wp-content\/uploads\/2011\/02\/110.jpg\" alt=\"\" width=\"386\" height=\"223\" \/><\/a><\/p>\n<p style=\"text-align: justify;\">PKK lideri M\u0131s\u0131r&#8217;da halk\u0131n M\u00fcbarek rejimine ba\u015fkald\u0131r\u0131s\u0131na benzer \u015fekilde K\u00fcrtlerin Diyarbak\u0131r&#8217;da g\u00f6steriler yapmas\u0131 halinde AKP h\u00fck\u00fcmetinin K\u00fcrt sorununu \u00e7\u00f6zmek zorunda kalaca\u011f\u0131n\u0131 ileri s\u00fcrd\u00fc.<!--more--><\/p>\n<p><strong>KUZEY IRAK G\u00dcNCES\u0130<\/strong><\/p>\n<p><strong>Kim ne dedi? Ne yapt\u0131? Ne anlama geliyor? <\/strong><\/p>\n<p>4 \u015eUBAT 2011 SAAT: 18.30<\/p>\n<p style=\"text-align: justify;\"><strong>PKK <\/strong><\/p>\n<p style=\"text-align: justify;\">\u00d6calan, devlet heyetiyle g\u00f6r\u00fc\u015fmelerin s\u00fcrd\u00fc\u011f\u00fcn\u00fc, mart ay\u0131n\u0131n s\u00fcrecin ne y\u00f6ne evrilece\u011fini belirleyece\u011fini s\u00f6yledi. F\u0131rat Haber Ajans\u0131\u2019n\u0131n d\u00fcnk\u00fc haberine g\u00f6re \u00d6calan mart ay\u0131na kadar ko\u015fullar\u0131n\u0131n iyile\u015ftirilmesi halinde sorunun \u00e7\u00f6z\u00fcm\u00fc konusunda rol\u00fcn\u00fc oynayabilece\u011fini aksi takdirde aradan \u00e7ekilebilece\u011fini belirtti. \u00d6calan \u015funlar\u0131 s\u00f6yledi: \u201cBen konumum gere\u011fi buradan m\u00fczakere y\u00fcr\u00fctemem. Burada ancak sorunun \u00e7\u00f6z\u00fcm\u00fcnde kolayla\u015ft\u0131r\u0131c\u0131 bir rol oynayabilirim. Devlet de bu s\u00fcre\u00e7te \u00fczerine d\u00fc\u015fen rol\u00fc oynamal\u0131d\u0131r.\u201d. \u00d6calan demokratik kitle g\u00f6sterilerinin de bir \u00f6z savunma bi\u00e7imi oldu\u011funu ileri s\u00fcrerek \u201c\u00d6rne\u011fin Diyarbak\u0131r\u2019da halk, M\u0131s\u0131r\u2019daki gibi g\u00fcnlerce sokaklardan ayr\u0131lmazsa, taleplerini dile getirirse i\u015fte o zaman bar\u0131\u015f gelir, bak\u0131n bakal\u0131m o zaman AKP kal\u0131r m\u0131 kalmaz m\u0131. \u0130\u015fte o zaman Erdo\u011fan\u2019\u0131n kendisi bu sorunun \u00e7\u00f6z\u00fcm\u00fcn\u00fc talep edecektir\u201d dedi.<\/p>\n<p style=\"text-align: justify;\">\u00d6calan silahlar\u0131n devreden \u00e7\u0131kar\u0131lmas\u0131 i\u00e7in demokratik kanallar\u0131n a\u00e7\u0131lmas\u0131 gerekti\u011fini ifade ederek \u201cSilahs\u0131zlanmay\u0131 b\u00f6yle ele almak gerekiyor. Demokratik kanallar a\u00e7\u0131lmadan silahs\u0131zlanmadan bahsetmek bir tehlikedir\u201d diye konu\u015ftu.<\/p>\n<p style=\"text-align: justify;\"><strong>GEL\u0130\u015eMELER NEYE \u0130\u015eARET ED\u0130YOR <\/strong><\/p>\n<p style=\"text-align: justify;\">\u00d6calan, M\u0131s\u0131r\u2019daki halk hareketine benzer \u015fekilde K\u00fcrtlerin milyonluk g\u00f6sterilerle h\u00fck\u00fcmeti \u00e7\u00f6z\u00fcme zorlayabilece\u011fini d\u00fc\u015f\u00fcn\u00fcyor. Marta bir ay kala \u00f6zellikle daha \u00f6nce \u201cK\u00fcrtlerin soyk\u0131r\u0131m g\u00fcn\u00fc\u201d olarak ilan etti\u011fi 15 \u015eubat\u2019tan itibaren ba\u015flayacak g\u00f6sterilerle Ankara\u2019n\u0131n \u00fczerinde bas\u0131n\u00e7 olu\u015fturulmas\u0131 halinde silahlar\u0131n devre d\u0131\u015f\u0131 kalmas\u0131na d\u00f6n\u00fck demokratik kanallar\u0131n a\u00e7\u0131labilece\u011fini hesapl\u0131yor.<\/p>\n<p style=\"text-align: justify;\"><span style=\"text-decoration: underline;\">\u00d6calan\u2019\u0131n burada al\u0131nt\u0131 yap\u0131lan a\u00e7\u0131klamas\u0131n\u0131n t\u00fcm\u00fc g\u00f6z \u00f6n\u00fcne al\u0131nd\u0131\u011f\u0131nda:<\/span><\/p>\n<p style=\"text-align: justify;\"><strong>1<\/strong>-\u0130mral\u0131-Ankara temas\u0131n\u0131n s\u00fcrd\u00fc\u011f\u00fc, Ankara\u2019n\u0131n PKK\u2019n\u0131n silah b\u0131rakmas\u0131n\u0131 \u00f6ncelikli \u015fart ko\u015ftu\u011fu<\/p>\n<p style=\"text-align: justify;\"><strong>2<\/strong>-\u0130mral\u0131\u2019n\u0131n buna kar\u015f\u0131 demokratik kanallar\u0131n a\u00e7\u0131lmas\u0131n\u0131 ve ko\u015fullar\u0131n\u0131n \u00f6rg\u00fctle temas\u0131na izin verecek boyuta getirilmesini istedi\u011fi ancak bu konuda herhangi bir kar\u015f\u0131l\u0131k almad\u0131\u011f\u0131 gibi g\u00f6zle g\u00f6r\u00fcl\u00fcr bir geli\u015fme de olmad\u0131\u011f\u0131<\/p>\n<p style=\"text-align: justify;\"><strong>3<\/strong>-Dolay\u0131s\u0131yla \u0130mral\u0131-Ankara temaslar\u0131nda \u2018pratikte\u2019 t\u0131kan\u0131kl\u0131\u011f\u0131n a\u015f\u0131lamad\u0131\u011f\u0131<\/p>\n<p style=\"text-align: justify;\"><strong>4<\/strong>-PKK\u2019n\u0131n \u00d6calan\u2019a kay\u0131ts\u0131z \u015farts\u0131z tabi olmakla birlikte mart ay\u0131yla birlikte hem askeri operasyonlar\u0131n h\u0131zland\u0131\u011f\u0131 hem de h\u00fck\u00fcmetin herhangi bir ad\u0131m atmad\u0131\u011f\u0131 ortamda ate\u015fkes pozisyonunda kalmakta zorlanaca\u011f\u0131<\/p>\n<p style=\"text-align: justify;\"><strong>5<\/strong>-Bunu bilen \u00d6calan\u2019\u0131n rotay\u0131 kitle g\u00f6sterilerine \u00e7evirip Arap d\u00fcnyas\u0131nda kabaran dalgan\u0131n uluslararas\u0131 etkisinden yararlanmak istedi\u011fi g\u00f6r\u00fcl\u00fcyor.<\/p>\n<p style=\"text-align: justify;\"><a href=\"http:\/\/www.radikal.com.tr\/Default.aspx?aType=RadikalYazar&amp;ArticleID=1039025&amp;Yazar=CEVDET&amp;Date=06.02.2011&amp;CategoryID=98\" target=\"_blank\"><span style=\"color: #888888; background-color: #ffffff;\">Kaynak : Cevdet A\u015fk\u0131n &#8211; Radikal<\/span><\/a><\/p>\n","protected":false},"excerpt":{"rendered":"<\/p>\n<p style=\"text-align: justify;\">PKK lideri M\u0131s\u0131r&#8217;da halk\u0131n M\u00fcbarek rejimine ba\u015fkald\u0131r\u0131s\u0131na benzer \u015fekilde K\u00fcrtlerin Diyarbak\u0131r&#8217;da g\u00f6steriler yapmas\u0131 halinde AKP h\u00fck\u00fcmetinin K\u00fcrt sorununu \u00e7\u00f6zmek zorunda kalaca\u011f\u0131n\u0131 ileri s\u00fcrd\u00fc.<\/p>\n","protected":false},"author":1,"featured_media":0,"comment_status":"open","ping_status":"closed","sticky":false,"template":"","format":"standard","meta":{"footnotes":""},"categories":[105],"tags":[],"class_list":["post-27768","post","type-post","status-publish","format-standard","hentry","category-gundem","odd"],"_links":{"self":[{"href":"http:\/\/www.korhanyilmaz.com\/index.php?rest_route=\/wp\/v2\/posts\/27768","targetHints":{"allow":["GET"]}}],"collection":[{"href":"http:\/\/www.korhanyilmaz.com\/index.php?rest_route=\/wp\/v2\/posts"}],"about":[{"href":"http:\/\/www.korhanyilmaz.com\/index.php?rest_route=\/wp\/v2\/types\/post"}],"author":[{"embeddable":true,"href":"http:\/\/www.korhanyilmaz.com\/index.php?rest_route=\/wp\/v2\/users\/1"}],"replies":[{"embeddable":true,"href":"http:\/\/www.korhanyilmaz.com\/index.php?rest_route=%2Fwp%2Fv2%2Fcomments&post=27768"}],"version-history":[{"count":0,"href":"http:\/\/www.korhanyilmaz.com\/index.php?rest_route=\/wp\/v2\/posts\/27768\/revisions"}],"wp:attachment":[{"href":"http:\/\/www.korhanyilmaz.com\/index.php?rest_route=%2Fwp%2Fv2%2Fmedia&parent=27768"}],"wp:term":[{"taxonomy":"category","embeddable":true,"href":"http:\/\/www.korhanyilmaz.com\/index.php?rest_route=%2Fwp%2Fv2%2Fcategories&post=27768"},{"taxonomy":"post_tag","embeddable":true,"href":"http:\/\/www.korhanyilmaz.com\/index.php?rest_route=%2Fwp%2Fv2%2Ftags&post=27768"}],"curies":[{"name":"wp","href":"https:\/\/api.w.org\/{rel}","templated":true}]}}