{"id":27754,"date":"2011-02-05T09:42:13","date_gmt":"2011-02-05T07:42:13","guid":{"rendered":"http:\/\/www.korhanyilmaz.com\/?p=27754"},"modified":"2011-02-05T09:42:13","modified_gmt":"2011-02-05T07:42:13","slug":"aski-ve-karisi-olmayan-adamin-zehirli-hinci","status":"publish","type":"post","link":"http:\/\/www.korhanyilmaz.com\/?p=27754","title":{"rendered":"&#8216;A\u015fk\u0131 ve kar\u0131s\u0131 olmayan adam\u0131n zehirli h\u0131nc\u0131&#8217;"},"content":{"rendered":"<p style=\"text-align: center;\"><a href=\"http:\/\/www.korhanyilmaz.com\/wp-content\/uploads\/2011\/02\/106.jpg\"  class=\"lightview\"><img loading=\"lazy\" decoding=\"async\" class=\"aligncenter size-full wp-image-27755\" src=\"http:\/\/www.korhanyilmaz.com\/wp-content\/uploads\/2011\/02\/106.jpg\" alt=\"\" width=\"413\" height=\"221\" \/><\/a><\/p>\n<p style=\"text-align: justify;\">Sabah Gazetesi yazar\u0131 H\u0131ncal Ulu\u00e7, d\u00fcnk\u00fc k\u00f6\u015fesinde Defne Joy Foster hakk\u0131nda bir yaz\u0131 kaleme ald\u0131.<\/p>\n<p style=\"text-align: justify;\">\u0130STANBUL &#8211; Foster\u2019\u0131n bir gecelik macera i\u00e7in kocas\u0131n\u0131 aldat\u0131rken \u00f6ld\u00fc\u011f\u00fcn\u00fc \u00f6ne s\u00fcren Ulu\u00e7, yaz\u0131s\u0131n\u0131 \u201cDefne\u2019nin \u00f6l\u00fcm\u00fc tipik bir \u2018Su testisi, su yolunda k\u0131r\u0131ld\u0131\u2019 olay\u0131d\u0131r\u201d c\u00fcmlesiyle noktalad\u0131. <!--more--><\/p>\n<p style=\"text-align: justify;\">Bu sat\u0131rlar, \u00f6zellikle sosyal payla\u015f\u0131m sitelerinde b\u00fcy\u00fck tart\u0131\u015fma yaratt\u0131.<\/p>\n<p style=\"text-align: justify;\"><strong>TGC\u2019ye \u015fik\u00e2yet ya\u011fmuru<\/strong><\/p>\n<p style=\"text-align: justify;\">H\u0131ncal Ulu\u00e7\u2019un d\u00fcn Sabah Gazetesi\u2019nde yay\u0131nlanan yaz\u0131s\u0131 \u00fczerine T\u00fcrkiye Gazeteciler Cemiyeti\u2019ne de \u015fik\u00e2yet telefonlar\u0131 ve e-postalar ya\u011fd\u0131. Twitter\u2019dan da Aylin Asl\u0131m, Metin Arolat gibi sanat\u00e7\u0131lar ve pek \u00e7ok Twitter kullan\u0131c\u0131s\u0131 taraf\u0131ndan cemiyetin telefonlar\u0131 ve e-mail adresleri payla\u015f\u0131ld\u0131. TGC Bas\u0131n Senatosu Raport\u00f6r\u00fc S\u00fcleyman Boyo\u011flu, \u201cYo\u011fun bir telefon trafi\u011fi var. Arayan ki\u015filer, cemiyetin bu konuda bir \u015fey yapmas\u0131n\u0131 istiyorlar\u201d dedi.<\/p>\n<p style=\"text-align: justify;\">Ay\u015fe \u00d6zy\u0131lmazel: Bu yaz\u0131 de\u011fil, bu resmen k\u00f6t\u00fcl\u00fck. Bir yaz\u0131 okudum, kan\u0131m dondu, bu kadar\u0131 fazla, \u00e7ok fazla!<\/p>\n<p style=\"text-align: justify;\">Sabah ba\u015fyazar\u0131 Mehmet Barlas:<\/p>\n<p style=\"text-align: justify;\">Geride kalanlar i\u00e7in ac\u0131 olay<\/p>\n<p style=\"text-align: justify;\">&#8220;Onun \u00f6l\u00fcm\u00fcyle ilgili insafs\u0131z \u00e7e\u015fitlemeler yapanlara kar\u015f\u0131 Cengiz Semercio\u011flu d\u00fcnk\u00fc H\u00fcrriyet&#8217;te yay\u0131mlanan yaz\u0131s\u0131nda benim d\u00fc\u015f\u00fcncelerimi yans\u0131t\u0131yordu:<\/p>\n<p style=\"text-align: justify;\">&#8216;Deniyor ki; Evli bir kad\u0131n\u0131n gecenin o saati ba\u015fka bir arkada\u015f\u0131n\u0131n evinde ne i\u015fi var? Diyorum ki; Sana ne! Deniyor ki; &#8216;1.5 ya\u015f\u0131nda bebe\u011fi varken sokaklarda i\u015fi ne? Diyorum ki; Kime ne! Deniyor ki; \u0130\u015fte dejenere ya\u015fam tarz\u0131 budur, gen\u00e7li\u011fe k\u00f6t\u00fc \u00f6rnek oluyorlar. Diyorum ki; Sen de iyi ya\u015fam tarz\u0131nla \u00f6rnek ol! (&#8230;)&#8217;<\/p>\n<p style=\"text-align: justify;\">\u00d6l\u00fcm \u00f6zellikle geride kalan yak\u0131nlar i\u00e7in ac\u0131 bir olayd\u0131r. \u00d6l\u00fcm\u00fc akbabaya d\u00f6n\u00fc\u015fm\u00fc\u015f yarat\u0131klarla birlikte kar\u015f\u0131lamak insanlara h\u00fcz\u00fcn verir.&#8221;<\/p>\n<p style=\"text-align: justify;\">Fatih Altayl\u0131: K\u0131z\u0131n olsa yazar m\u0131yd\u0131n H\u0131ncal Abi?<\/p>\n<p style=\"text-align: justify;\">H\u0131ncal Ulu\u00e7 uzun zamandan beri varl\u0131\u011f\u0131n\u0131 hissettiren bir yaz\u0131 yazm\u0131yordu. D\u00fcn bunu ba\u015fard\u0131. Ama ke\u015fke ba\u015farmasayd\u0131. Defne Joy Foster\u2019\u0131n arkas\u0131ndan \u201cabuk\u201d bir yaz\u0131 yazarak&#8230; \u201cSu testisi su yolunda k\u0131r\u0131ld\u0131\u201d diyerek&#8230; \u201c18 ayl\u0131k bebe\u011fi olan bir kad\u0131n, daha o gece tan\u0131\u015ft\u0131\u011f\u0131 adam\u0131n evine ko\u015fmaz\u201d diye \u201cders\u201d vererek g\u00fcndeme geldi.<\/p>\n<p style=\"text-align: justify;\">Yapma H\u0131ncal Abi.<\/p>\n<p style=\"text-align: justify;\">Bize ne bundan, sana ne bundan.<\/p>\n<p style=\"text-align: justify;\">Sen Defne Joy Foster\u2019\u0131n yapt\u0131\u011f\u0131n\u0131 savunan bir yaz\u0131 g\u00f6rd\u00fcn, yap\u0131lan\u0131 do\u011frulayan bir sat\u0131r okudun mu? Savunmad\u0131k ama kar\u0131\u015fmad\u0131k da.<\/p>\n<p style=\"text-align: justify;\">O ayr\u0131 mesele. Aile meselesi. Onun ac\u0131s\u0131n\u0131 ya\u015fayana b\u0131rak. Sen ac\u0131ya ac\u0131 katma.<\/p>\n<p style=\"text-align: justify;\">Bak ne diyorsun: \u201cYar\u0131n o bebek akl\u0131n\u0131 ba\u015f\u0131na toplayacak ya\u015fa geldi\u011finde \u2018Baba bana annemi anlat\u2019 dedi\u011finde ne anlatacak \u0130lker Yasin.\u201d<\/p>\n<p style=\"text-align: justify;\">Madem bu kadar duyarl\u0131s\u0131n, o zaman bu yaz\u0131 ne?<\/p>\n<p style=\"text-align: justify;\">\u0130lker Yasin bir \u015fey anlat\u0131r. Ne anlatt\u0131\u011f\u0131, ne anlataca\u011f\u0131 seni ilgilendirmez. Ama ya \u0130lker Yasin\u2019in \u00e7ocu\u011fu okuyacak ya\u015fa gelip, senin yazd\u0131\u011f\u0131n bu yaz\u0131y\u0131 okuyup da \u201cAnnem su yolunda k\u0131r\u0131lm\u0131\u015f testi\u201d desin mi istiyorsun!<\/p>\n<p style=\"text-align: justify;\">Ay\u0131p H\u0131ncal Abi!<\/p>\n<p style=\"text-align: justify;\">Seni yak\u0131ndan tan\u0131yan biri olarak soruyorum, daha do\u011frusu sormuyorum. Kesinlikle s\u00f6yl\u00fcyorum.<\/p>\n<p style=\"text-align: justify;\">Defne Joy Foster, senin \u201ckanatlar\u0131n\u0131n alt\u0131nda\u201d dolananlardan biri olsayd\u0131 ve ba\u015fka birisi, d\u00fcn yazd\u0131\u011f\u0131n\u0131 senin \u201ckoruman alt\u0131ndakine\u201d yazsayd\u0131 en b\u00fcy\u00fck tepkiyi sen g\u00f6sterir, ortal\u0131\u011f\u0131 aya\u011fa kald\u0131r\u0131r, savunmalar yapard\u0131n.<\/p>\n<p style=\"text-align: justify;\">Yapmaz m\u0131yd\u0131n, do\u011fru s\u00f6yle. Bana s\u00f6ylemiyorsan, kendine s\u00f6yle en az\u0131ndan. Aleyhte yazanlar\u0131 \u201cucuz ahlak bek\u00e7ili\u011fiyle\u201d su\u00e7lamaz m\u0131yd\u0131n?<\/p>\n<p style=\"text-align: justify;\">Sak\u0131n yanl\u0131\u015f anlama.<\/p>\n<p style=\"text-align: justify;\">Defne Joy Foster\u2019\u0131n yapt\u0131\u011f\u0131n\u0131 savunuyor, \u201cAman ne iyi yapm\u0131\u015f\u201d falan demiyorum.<\/p>\n<p style=\"text-align: justify;\">Dedi\u011fim \u015fu: \u201cBize ne? Biz herkesin bek\u00e7isi miyiz, sorumlusu muyuz?\u201d<\/p>\n<p style=\"text-align: justify;\">Kim veriyor bize bu \u201c\u00f6zel\u201d yetkiyi? Var m\u0131 b\u00f6yle bir yetkin?<\/p>\n<p style=\"text-align: justify;\">Benim yok \u015fahsen.<\/p>\n<p style=\"text-align: justify;\">Kocas\u0131n\u0131n ruh halini soruyorsun. \u0130ster \u00f6l\u00fcm\u00fcne \u00fcz\u00fcl\u00fcr, ister \u00f6l\u00fcm bi\u00e7imine \u00e7\u0131ld\u0131r\u0131r. Onun \u00fcz\u00fcnt\u00fcs\u00fcd\u00fcr bu. Senin derdin, sorunun de\u011fil. Benim de de\u011fil. Hi\u00e7birimizin de\u011fil. Onun, sadece onun.<\/p>\n<p style=\"text-align: justify;\">Onun ac\u0131s\u0131na ac\u0131 katmak da bizim i\u015fimiz de\u011fil.<\/p>\n<p style=\"text-align: justify;\">Bak foto\u011fraflara&#8230; Sar\u0131lm\u0131\u015f tabutuna u\u011furluyor onu. G\u00f6rmedin mi?<\/p>\n<p style=\"text-align: justify;\">O halde sana ne H\u0131ncal Abi! Bize ne!<\/p>\n<p style=\"text-align: justify;\">Ve baz\u0131 yazarlara sormu\u015fsun yaz\u0131nda, \u201cDefne senin kar\u0131n olsayd\u0131 yine bu yaz\u0131y\u0131 yazar m\u0131yd\u0131n?\u201d diye. Bak ben de sana bir soru soruyorum H\u0131ncal Abi.<\/p>\n<p style=\"text-align: justify;\">\u201cDefne senin k\u0131z\u0131n olsayd\u0131 bu yaz\u0131y\u0131 yazar m\u0131yd\u0131n?\u201d diye.<\/p>\n<p style=\"text-align: justify;\">Yazmazd\u0131n de\u011fil mi?<\/p>\n<p style=\"text-align: justify;\">Peki kendi k\u0131zlar\u0131m\u0131za yazmayaca\u011f\u0131m\u0131z yaz\u0131lar\u0131, ba\u015fkalar\u0131n\u0131n k\u0131zlar\u0131na yazma hakk\u0131n\u0131 bize kim veriyor H\u0131ncal Abi?<\/p>\n<p style=\"text-align: justify;\">Dobral\u0131k m\u0131 H\u0131ncal Abi?<\/p>\n<p style=\"text-align: justify;\">Hadi can\u0131m b\u0131rak sen de!<\/p>\n<p style=\"text-align: justify;\">Metin Arolat: Demi\u015f ki \u201cKim oldu\u011funu bile bilmem, yan\u0131mdan ge\u00e7se tan\u0131mam\u201d. Yine de kalemini saplam\u0131\u015f \u201csu testisi su yolunda k\u0131r\u0131l\u0131r\u201d diye. Ke\u015fke tan\u0131sayd\u0131n, ke\u015fke&#8230; O zaman o kalemi kalbine saplar, yine de yazmazd\u0131n. Birileri onun cenazesinde \u201cOnu nas\u0131l bilirdiniz\u201d diye soracak. \u201cAc\u0131mas\u0131zd\u0131, k\u00f6t\u00fc kalpliydi\u201d diye hayk\u0131raca\u011f\u0131m o zaman. Bunlar, Defne\u2019mi bir kez daha \u00f6ld\u00fcrd\u00fcler.<\/p>\n<p style=\"text-align: justify;\">Sevim G\u00f6zay: \u00c7ocu\u011fu, kar\u0131s\u0131, sevgilisi, a\u015fk\u0131, seksi olmayan adam\u0131n \u201ch\u0131nc\u0131\u201d bu kadar zehirli olabiliyor i\u015fte.<\/p>\n<p style=\"text-align: justify;\">I\u015f\u0131n Karaca: Ka\u011f\u0131da dokunan kalem, kibritten daha \u00e7ok yang\u0131n \u00e7\u0131kar\u0131r. Empati yapay\u0131m diyorum, hi\u00e7bir yere s\u0131\u011fm\u0131yorsun.<\/p>\n<p style=\"text-align: justify;\">Arma\u011fan \u00c7a\u011flayan: Vicdan\u0131n sesi olay\u0131m derken, vicdans\u0131zl\u0131\u011f\u0131n sesi olmak!<\/p>\n<p style=\"text-align: justify;\">Tu\u011fba \u00d6zerk: Ben H\u0131ncal Ulu\u00e7\u2019un insan olabilme ihtimalini sevdim&#8230;<\/p>\n<p style=\"text-align: justify;\">P\u0131nar Altu\u011f: E H\u0131ncal yuh ama! Pes, ben ne diyeyim sana!<\/p>\n<p style=\"text-align: justify;\">Biricik Suden: Fular\u0131 biraz gev\u015fetelim, beyine oksijen gitsin. HINC\u0131n\u0131 ALa ala bitiremedi hayattan. \u0130nsanlar\u0131 k\u00f6t\u00fclemek, hatalar\u0131n\u0131 \u00e7\u0131karmak neye iyi geliyor? Ba\u015fkas\u0131na namussuz demek sizi namuslu yapt\u0131 m\u0131 bari?<\/p>\n<p style=\"text-align: justify;\">Defne Joy Foster\u2019\u0131n \u00f6l\u00fcm\u00fc, Twitter\u2019\u0131n d\u00fcnya listesinde en \u00e7ok okunan be\u015finci haber oldu. H\u0131ncal Ulu\u00e7\u2019a y\u00f6nelik \u2018tivit\u2019ler ise saatte 10 bin tivit\u2019i ge\u00e7erek rekor k\u0131rd\u0131.<\/p>\n<p style=\"text-align: justify;\">umitalan: Kitab\u0131n\u0131n \u00e7\u0131kt\u0131\u011f\u0131 g\u00fcn; dikkat \u00e7ekmek i\u00e7in, \u00f6len bir insandan bile faydalanacak kadar al\u00e7alan H\u0131ncal Ulu\u00e7\u2019un kitab\u0131n\u0131 alan bizden de\u011fildir.<\/p>\n<p style=\"text-align: justify;\">by dila_algan: H\u0131ncal Ulu\u00e7\u2019un beyin \u00f6l\u00fcm\u00fc ger\u00e7ekle\u015fmi\u015f.<\/p>\n<p style=\"text-align: justify;\">meryemkruezi: H\u0131ncal, Defne hakk\u0131nda yaz\u0131lar yazaca\u011f\u0131na git 18\u2019lik mankenlerin basama\u011f\u0131 ol.<\/p>\n<p style=\"text-align: justify;\">karaaslan: Hasta ruha sahip bir ki\u015fi.<\/p>\n<p style=\"text-align: justify;\">EzgiDilaver: Umuyorum ki yazd\u0131\u011f\u0131 yaz\u0131, hayat\u0131ndaki son yaz\u0131s\u0131 olacak.<\/p>\n<p style=\"text-align: justify;\">EzgiEcemm: Dediklerinde hakl\u0131l\u0131k pay\u0131 olabilir. Ama vicdan\u0131 \u00e7\u00fcr\u00fcm\u00fc\u015f Ulu\u00e7\u2019un.<\/p>\n<p style=\"text-align: justify;\">slcnmt: H\u0131ncal Ulu\u00e7 fazla ya\u015fl\u0131l\u0131ktan ve a\u011f\u0131z gev\u015fekli\u011finden (i\u011fren\u00e7 kahkahalar\u0131 sonucu) feci sa\u00e7malam\u0131\u015f!!!<\/p>\n<p style=\"text-align: justify;\">ilkbaharkorkmaz: Kim ne derse desin; Defne J.\u2019u krali\u00e7e ilan eden medyay\u0131 de\u011fil, ac\u0131mas\u0131zca anlatan Ulu\u00e7\u2019u destekliyorum.<\/p>\n<p style=\"text-align: justify;\">Rapunzelll: Defne Joy\u2019u k\u0131r\u0131lan testi, Kerem Altan\u2019\u0131 kerata ilan eden, torunu ya\u015f\u0131nda k\u0131zlarla kucak kuca\u011fa gezinen ahlak zab\u0131tas\u0131 H\u0131ncal Ulu\u00e7.<\/p>\n<p style=\"text-align: justify;\">cnkrblt: Herkesin aksine, H\u0131ncal\u2019\u0131n yaz\u0131s\u0131ndaki geride kalan adam i\u00e7in ben de ger\u00e7ekten \u00fcz\u00fcld\u00fcm. Bu konuda hakl\u0131.<\/p>\n<p style=\"text-align: justify;\">GurkanAynaci: Kendinizi H\u0131ncal\u2019\u0131n yerine koyun. Kald\u0131r\u0131mdas\u0131n\u0131z ve her an biri \u00fcst\u00fcn\u00fcze bas\u0131p ayakkab\u0131s\u0131n\u0131 mahvedebilir.<\/p>\n<p style=\"text-align: justify;\">ayse_sagiroglu: Defne Joy\u2019un kocas\u0131 arkas\u0131ndan a\u011flay\u0131p mezar ba\u015f\u0131nda titriyorsa H\u0131ncal Ulu\u00e7\u2019a &#8230; yemek d\u00fc\u015fer.<\/p>\n<p style=\"text-align: justify;\">chataghai: Peki H\u0131ncal Ulu\u00e7\u2019a kim sayg\u0131 duyacak o \u00f6ld\u00fc\u011f\u00fcnde? H\u0131m.<\/p>\n<p style=\"text-align: justify;\">chicqo: H\u0131ncal\u2019\u0131n Defne hakk\u0131ndaki yaz\u0131s\u0131n\u0131, kan\u0131m donarak okudum.<\/p>\n<p style=\"text-align: justify;\">cetings: H\u0131ncal Ulu\u00e7\u2019a soruyorum; Sana ne? Sen ahlak polisi misin? Gazeteci mi?<\/p>\n<p style=\"text-align: justify;\">oezlem71: Kime sayg\u0131n var ki H\u0131ncal Ulu\u00e7 \u00f6l\u00fcye sayg\u0131n olsun.<\/p>\n<p style=\"text-align: justify;\">KthnUlsy: H\u0131ncal Ulu\u00e7\u2019un ve bug\u00fcnk\u00fc yaz\u0131s\u0131n\u0131n her t\u00fcrl\u00fc arkas\u0131nday\u0131m.<\/p>\n<p style=\"text-align: justify;\">@aybenarzu: Yaz\u0131y\u0131 ben de okudum ve \u201chayat\u0131mda ilk kez\u201d kat\u0131l\u0131yorum.<\/p>\n<p style=\"text-align: justify;\">EnTaroAdun: H\u0131ncal Ulu\u00e7\u2019un yaz\u0131s\u0131na bir tane hak veren kad\u0131n olmamas\u0131, erkeklerde ise heterojen bir da\u011f\u0131l\u0131m olmas\u0131n\u0131n bir anlam\u0131 olmal\u0131&#8230;<\/p>\n<p style=\"text-align: justify;\">Qsalih: H\u0131ncal Ulu\u00e7\u2019un Defne yaz\u0131s\u0131na kat\u0131l\u0131yorum ama ne yaz\u0131k ki kendisi de yanl\u0131\u015f bir ya\u015fam bi\u00e7imini tercih etmi\u015f.<\/p>\n<p style=\"text-align: justify;\">_bertan_: H\u0131ncal\u2019\u0131n Defne yaz\u0131s\u0131 zalimce ama daha zalimini de okudu bu g\u00f6zler.<\/p>\n<p style=\"text-align: justify;\"><a href=\"http:\/\/www.gazeteport.com.tr\/GUNCEL\/NEWS\/GP_848355\" target=\"_blank\"><span style=\"color: #888888;\">Kaynak : GAZETEPORT<\/span><\/a><\/p>\n","protected":false},"excerpt":{"rendered":"<p style=\"text-align: center;\">\n<p style=\"text-align: justify;\">Sabah Gazetesi yazar\u0131 H\u0131ncal Ulu\u00e7, d\u00fcnk\u00fc k\u00f6\u015fesinde Defne Joy Foster hakk\u0131nda bir yaz\u0131 kaleme ald\u0131.<\/p>\n<p style=\"text-align: justify;\">\u0130STANBUL &#8211; Foster\u2019\u0131n bir gecelik macera i\u00e7in kocas\u0131n\u0131 aldat\u0131rken \u00f6ld\u00fc\u011f\u00fcn\u00fc \u00f6ne s\u00fcren Ulu\u00e7, yaz\u0131s\u0131n\u0131 \u201cDefne\u2019nin \u00f6l\u00fcm\u00fc tipik bir \u2018Su testisi, su yolunda k\u0131r\u0131ld\u0131\u2019 olay\u0131d\u0131r\u201d c\u00fcmlesiyle noktalad\u0131. <\/p>\n","protected":false},"author":1,"featured_media":0,"comment_status":"open","ping_status":"closed","sticky":false,"template":"","format":"standard","meta":{"footnotes":""},"categories":[105],"tags":[],"class_list":["post-27754","post","type-post","status-publish","format-standard","hentry","category-gundem","odd"],"_links":{"self":[{"href":"http:\/\/www.korhanyilmaz.com\/index.php?rest_route=\/wp\/v2\/posts\/27754","targetHints":{"allow":["GET"]}}],"collection":[{"href":"http:\/\/www.korhanyilmaz.com\/index.php?rest_route=\/wp\/v2\/posts"}],"about":[{"href":"http:\/\/www.korhanyilmaz.com\/index.php?rest_route=\/wp\/v2\/types\/post"}],"author":[{"embeddable":true,"href":"http:\/\/www.korhanyilmaz.com\/index.php?rest_route=\/wp\/v2\/users\/1"}],"replies":[{"embeddable":true,"href":"http:\/\/www.korhanyilmaz.com\/index.php?rest_route=%2Fwp%2Fv2%2Fcomments&post=27754"}],"version-history":[{"count":0,"href":"http:\/\/www.korhanyilmaz.com\/index.php?rest_route=\/wp\/v2\/posts\/27754\/revisions"}],"wp:attachment":[{"href":"http:\/\/www.korhanyilmaz.com\/index.php?rest_route=%2Fwp%2Fv2%2Fmedia&parent=27754"}],"wp:term":[{"taxonomy":"category","embeddable":true,"href":"http:\/\/www.korhanyilmaz.com\/index.php?rest_route=%2Fwp%2Fv2%2Fcategories&post=27754"},{"taxonomy":"post_tag","embeddable":true,"href":"http:\/\/www.korhanyilmaz.com\/index.php?rest_route=%2Fwp%2Fv2%2Ftags&post=27754"}],"curies":[{"name":"wp","href":"https:\/\/api.w.org\/{rel}","templated":true}]}}