{"id":27749,"date":"2011-02-05T05:05:40","date_gmt":"2011-02-05T03:05:40","guid":{"rendered":"http:\/\/www.korhanyilmaz.com\/?p=27749"},"modified":"2011-02-05T05:05:40","modified_gmt":"2011-02-05T03:05:40","slug":"defne-ihanet-etmis-olamaz","status":"publish","type":"post","link":"http:\/\/www.korhanyilmaz.com\/?p=27749","title":{"rendered":"&#8220;Defne ihanet etmi\u015f olamaz&#8221;"},"content":{"rendered":"<p style=\"text-align: center;\"><a href=\"http:\/\/www.korhanyilmaz.com\/wp-content\/uploads\/2011\/02\/107.jpg\"  class=\"lightview\"><img loading=\"lazy\" decoding=\"async\" class=\"aligncenter size-full wp-image-27758\" src=\"http:\/\/www.korhanyilmaz.com\/wp-content\/uploads\/2011\/02\/107.jpg\" alt=\"\" width=\"464\" height=\"245\" \/><\/a><\/p>\n<p style=\"text-align: justify;\">Defne Joy Foster&#8217;\u0131n \u00f6l\u00fcm\u00fcnden sonra ortaya at\u0131lan iddialar e\u015fi \u0130lker Yasin Solmaz&#8217;\u0131n ac\u0131s\u0131n\u0131 ikiye katlad\u0131. Hukuki yollara ba\u015fvurmaya haz\u0131rlanan Solmaz; yak\u0131n arkada\u015f\u0131 Arda Esen&#8217;e, &#8216;Defne&#8217;nin ihanet etti\u011fine inanm\u0131yorum&#8217; dedi.<!--more--><\/p>\n<p style=\"text-align: justify;\">\u0130STANBUL &#8211; \u00d6l\u00fcm\u00fcyle T\u00fcrkiye&#8217;yi \u015foke eden Defne Joy Foster hakk\u0131nda ortaya at\u0131lan iddialar e\u015fi \u0130lker Yasin Solmaz&#8217;\u0131n ac\u0131s\u0131n\u0131 ikiye katlad\u0131. H\u0131ncal Ulu\u00e7&#8217;un, Kerem Altan&#8217;\u0131n evinde \u00f6l\u00fc bulunan Defne Joy Foster hakk\u0131nda kaleme ald\u0131\u011f\u0131 yaz\u0131 t\u00fcm dikkatleri Foster&#8217;\u0131n ac\u0131l\u0131 e\u015fine \u00e7evrilmesine neden oldu.<\/p>\n<p style=\"text-align: justify;\">Korkmaz, iddialara arkada\u015f\u0131 Arda Esen arac\u0131l\u0131\u011f\u0131yla cevap verdi.  Esen, o gece ya\u015fananlar\u0131 anlatt\u0131:<\/p>\n<p style=\"text-align: justify;\"><strong>KABUS DEVAM ED\u0130YOR<\/strong><\/p>\n<p style=\"text-align: justify;\">O gece biz Yasin&#8217;le birlikte Beyo\u011flu&#8217;nda bir y\u00f6netmenle i\u015f yeme\u011fi yiyorduk.  Defne&#8217;yle \u00e7ok yak\u0131n bir yerdeydik. Bizim bulundu\u011fumuz ortam \u00e7ok stresli oldu\u011fu i\u00e7in Yasin, Defne&#8217;nin arkada\u015flar\u0131yla e\u011flenmesine izin verdi. &#8216;Hadi bu gece de arkada\u015flar\u0131yla gezsin&#8217; dedi.<\/p>\n<p style=\"text-align: justify;\">Ak\u015fam gazetesinin haberine g\u00f6re, Defne ile \u0130lker etle t\u0131rnak gibiydi, ayr\u0131 ayr\u0131 gezmezlerdi. Defne, \u0130lker&#8217;i arad\u0131, &#8216;Siz de buraya gelin&#8217; diyerek bizi \u00e7a\u011f\u0131rd\u0131. Ama i\u015f yeme\u011finde oldu\u011fumuz i\u00e7in gidemedik. Yemek uzad\u0131, saat 03.30&#8217;da \u00e7\u0131kt\u0131k. Yasin tela\u015flanarak eve gitti. Onu beklerken uyuya kalm\u0131\u015f, sabah da polisten gelen telefonla g\u00fcne ba\u015flad\u0131. O kabus hala devam ediyor. \u0130lker, &#8216;Sadece tek bir gece ayr\u0131yd\u0131k, ni\u00e7in b\u00f6yle oldu&#8217; diyor ve ya\u015fananlara anlam veremiyor.<\/p>\n<p style=\"text-align: justify;\"><strong>\u0130HANETE \u0130NANMIYORUM<\/strong><\/p>\n<p style=\"text-align: justify;\">\u0130LKER Yasin Korkmaz&#8217;\u0131n, Kerem Altan&#8217;\u0131n ifadelerine dayanarak o gece ya\u015fananlar\u0131n ger\u00e7ek oldu\u011funu d\u00fc\u015f\u00fcnmedi\u011fini s\u00f6yleyen Arda Esen, &#8216;Sonu\u00e7 olarak orada ne ya\u015fand\u0131\u011f\u0131n\u0131 hayatta olan ki\u015finin beyanat\u0131yla biliyoruz. Ama \u00f6lm\u00fc\u015f ki\u015finin a\u011fz\u0131ndan o gece ya\u015fananlar\u0131 bilmiyoruz, mevcut yaz\u0131lanlar\u0131 de\u011ferlendiriyoruz. Yasin, bas\u0131n\u0131n g\u00f6z\u00fcm\u00fcze soktu\u011fu \u015fekilde e\u015finin kendisini aldatt\u0131\u011f\u0131na inanm\u0131yor. Olay\u0131n o noktaya nas\u0131l geldi\u011fini bilmiyoruz. Yasin&#8217;in, Defne&#8217;nin kendisini sevdi\u011finden \u015f\u00fcphesi yok ve ona zerre kadar k\u0131zg\u0131nl\u0131k duymuyor&#8217; diye konu\u015ftu.<\/p>\n<p style=\"text-align: justify;\"><a href=\"http:\/\/www.gazeteport.com.tr\/GUNCEL\/NEWS\/GP_848337\" target=\"_blank\">Kaynak : GAZETEPORT<\/a><\/p>\n","protected":false},"excerpt":{"rendered":"<p style=\"text-align: center;\">\n<p style=\"text-align: justify;\">Defne Joy Foster&#8217;\u0131n \u00f6l\u00fcm\u00fcnden sonra ortaya at\u0131lan iddialar e\u015fi \u0130lker Yasin Solmaz&#8217;\u0131n ac\u0131s\u0131n\u0131 ikiye katlad\u0131. Hukuki yollara ba\u015fvurmaya haz\u0131rlanan Solmaz; yak\u0131n arkada\u015f\u0131 Arda Esen&#8217;e, &#8216;Defne&#8217;nin ihanet etti\u011fine inanm\u0131yorum&#8217; dedi.<\/p>\n","protected":false},"author":1,"featured_media":0,"comment_status":"open","ping_status":"closed","sticky":false,"template":"","format":"standard","meta":{"footnotes":""},"categories":[105],"tags":[],"class_list":["post-27749","post","type-post","status-publish","format-standard","hentry","category-gundem","odd"],"_links":{"self":[{"href":"http:\/\/www.korhanyilmaz.com\/index.php?rest_route=\/wp\/v2\/posts\/27749","targetHints":{"allow":["GET"]}}],"collection":[{"href":"http:\/\/www.korhanyilmaz.com\/index.php?rest_route=\/wp\/v2\/posts"}],"about":[{"href":"http:\/\/www.korhanyilmaz.com\/index.php?rest_route=\/wp\/v2\/types\/post"}],"author":[{"embeddable":true,"href":"http:\/\/www.korhanyilmaz.com\/index.php?rest_route=\/wp\/v2\/users\/1"}],"replies":[{"embeddable":true,"href":"http:\/\/www.korhanyilmaz.com\/index.php?rest_route=%2Fwp%2Fv2%2Fcomments&post=27749"}],"version-history":[{"count":0,"href":"http:\/\/www.korhanyilmaz.com\/index.php?rest_route=\/wp\/v2\/posts\/27749\/revisions"}],"wp:attachment":[{"href":"http:\/\/www.korhanyilmaz.com\/index.php?rest_route=%2Fwp%2Fv2%2Fmedia&parent=27749"}],"wp:term":[{"taxonomy":"category","embeddable":true,"href":"http:\/\/www.korhanyilmaz.com\/index.php?rest_route=%2Fwp%2Fv2%2Fcategories&post=27749"},{"taxonomy":"post_tag","embeddable":true,"href":"http:\/\/www.korhanyilmaz.com\/index.php?rest_route=%2Fwp%2Fv2%2Ftags&post=27749"}],"curies":[{"name":"wp","href":"https:\/\/api.w.org\/{rel}","templated":true}]}}