{"id":27732,"date":"2011-02-04T19:04:50","date_gmt":"2011-02-04T17:04:50","guid":{"rendered":"http:\/\/www.korhanyilmaz.com\/?p=27732"},"modified":"2011-02-04T19:04:50","modified_gmt":"2011-02-04T17:04:50","slug":"hanefi-avci-necdet-kilici-bolye-uyarmis-onlar-normal-polis-degil","status":"publish","type":"post","link":"http:\/\/www.korhanyilmaz.com\/?p=27732","title":{"rendered":"Hanefi Avc\u0131, Necdet K\u0131l\u0131\u00e7&#8217;\u0131 b\u00f6lye uyarm\u0131\u015f: Onlar normal polis de\u011fil"},"content":{"rendered":"<p style=\"text-align: justify;\"><a href=\"http:\/\/www.korhanyilmaz.com\/wp-content\/uploads\/2011\/02\/102.jpg\"  class=\"lightview\"><img loading=\"lazy\" decoding=\"async\" class=\"aligncenter size-full wp-image-27733\" src=\"http:\/\/www.korhanyilmaz.com\/wp-content\/uploads\/2011\/02\/102.jpg\" alt=\"\" width=\"320\" height=\"214\" \/><\/a><\/p>\n<p style=\"text-align: justify;\">Devrimci Karargah \u00d6rg\u00fct\u00fc&#8217;ne ili\u015fkin haz\u0131rlanan iddianamede, Hanefi Avc\u0131&#8217;n\u0131n K\u0131l\u0131\u00e7&#8217;la yapt\u0131\u011f\u0131 telefon g\u00f6r\u00fc\u015fmelerinde, takibi yapanlar\u0131n normal polis olmad\u0131\u011f\u0131n\u0131, cemaatin adamlar\u0131 oldu\u011funu s\u00f6yledi\u011fi ileri s\u00fcr\u00fcld\u00fc.<\/p>\n<p style=\"text-align: justify;\">Tutuklu Emniyet M\u00fcd\u00fcr\u00fc Hanefi Avc\u0131&#8217;n\u0131n da aralar\u0131nda bulundu\u011fu 22 ki\u015fi hakk\u0131nda, &#8221;Devrimci Karargah \u00d6rg\u00fct\u00fc&#8221; soru\u015fturmas\u0131 kapsam\u0131nda haz\u0131rlanan ve \u0130stanbul 12. A\u011f\u0131r Ceza Mahkemesince kabul edilen iddianamede, &#8221;tutuklu san\u0131k Nejdet K\u0131l\u0131\u00e7&#8217;\u0131n, Devrimci Karargah ter\u00f6r \u00f6rg\u00fct\u00fcn\u00fcn devrimci gruplar ile yan yana durup i\u015f yapma stratejisinin gere\u011fi olarak sol ter\u00f6r \u00f6rg\u00fctlerinde kurucu, aktif ve sorumlu d\u00fczeyde faaliyet y\u00fcr\u00fctm\u00fc\u015f bir k\u0131s\u0131m ki\u015fileri bulu\u015fturmaya \u00e7al\u0131\u015ft\u0131\u011f\u0131n\u0131n belirlendi\u011fi&#8221; ifade edildi. <!--more--><\/p>\n<p style=\"text-align: justify;\">\u0130ddianamede, san\u0131klardan Hanefi Avc\u0131&#8217;n\u0131n kulland\u0131\u011f\u0131 telefonun sahibi oldu\u011fu iddia edilen tutuklu san\u0131k Nejdet K\u0131l\u0131\u00e7&#8217;\u0131n soru\u015fturma dosyas\u0131nda, di\u011fer san\u0131klara ait emniyet ar\u015fiv kay\u0131tlar\u0131n\u0131n incelendi\u011fi belirtilerek, Mersin&#8217;de yasa d\u0131\u015f\u0131 THKP\/C-Kurtulu\u015f \u00f6rg\u00fct\u00fcne y\u00f6nelik yap\u0131lan operasyonlarda, 17 Kas\u0131m 1980 tarihinde yakaland\u0131\u011f\u0131, 12 Mart 1981&#8217;de g\u00f6nderildi\u011fi S\u0131k\u0131y\u00f6netim Mahkemesince tutukland\u0131\u011f\u0131 ve 4 Kas\u0131m 1987&#8217;de de tahliye edildi\u011fi bilgisi verildi.<\/p>\n<p style=\"text-align: justify;\">\u0130ddianamede, 26 Ocak 1981&#8217;de Mersin&#8217;in Tarsus il\u00e7esinde yasa d\u0131\u015f\u0131 Kurtulu\u015f \u00f6rg\u00fct\u00fcne y\u00f6nelik yap\u0131lan \u00e7al\u0131\u015fmada 1980 y\u0131l\u0131 \u00f6ncesi \u00f6rg\u00fct ad\u0131na silahl\u0131 gasp, pankart asma, duvarlara yaz\u0131 yazma, silahl\u0131 kahvehane bask\u0131n\u0131 yapmak, bildiri da\u011f\u0131tma, silahla adam ka\u00e7\u0131rma ve Tarsus Zirai Donat\u0131m Kurumunun soyulmas\u0131na te\u015febb\u00fcs etmek su\u00e7undan dolay\u0131 yakalanan ve 11 Mart 1981&#8217;de yap\u0131lan sorgu sonucunda sevk edildikleri S\u0131k\u0131y\u00f6netim Mahkemesince tutuklanan Mustafa Avc\u0131, Muvaffak Bal\u0131k\u00e7\u0131 ve Serpil \u00d6zcan Ercan adl\u0131 \u00f6rg\u00fct \u00fcyelerinin verdikleri ifadelerde, Tarsus&#8217;ta 1980 \u00f6ncesi kendileriyle birlikte faaliyet g\u00f6steren &#8221;Ha\u015fmet&#8221; kod adl\u0131 \u00f6rg\u00fct \u00fcyesi olarak \u015f\u00fcpheli Nejdet K\u0131l\u0131\u00e7&#8217;\u0131 ifade ettikleri aktar\u0131ld\u0131.<\/p>\n<p style=\"text-align: justify;\">\u0130ddianamede, 2 \u015eubat 1983&#8217;de S\u0131k\u0131y\u00f6netim 1 nolu Askeri Mahkemesinin gerek\u00e7eli bir karar\u0131yla, Mersin&#8217;de yakalan\u0131p tutukland\u0131\u011f\u0131 anla\u015f\u0131lan san\u0131k K\u0131l\u0131\u00e7&#8217;\u0131n, al\u0131nan mahkeme kararlar\u0131na istinaden evinde yap\u0131lan aramalarda, \u015funlar\u0131n ele ge\u00e7irildi\u011fi kaydedildi:<\/p>\n<p style=\"text-align: justify;\">&#8221;1 ses ve gaz tabancas\u0131, \u015farj\u00f6r\u00fc ve 2 fi\u015fe\u011fi, 8 kurus\u0131k\u0131 tabancaya ait fi\u015fek, 1 adet \u00fczerinde herhangi bir numara bulunmayan tek namlulu k\u0131rma av t\u00fcfe\u011fi, 1 k\u00fct\u00fckl\u00fck, 18 av t\u00fcfe\u011fi fi\u015fe\u011fi kovan\u0131, 1 adet namlusunun sol y\u00fczeyinde &#8221;Fujununjie Making Columbia Fujunjie USA A123&#8221; ibaresi bulunan, siyah renkli kabzal\u0131 b\u0131\u00e7ak, 1 adet sol y\u00fczeyinde &#8221;Stainless steel steel chiha&#8221; ibareli sustal\u0131 b\u0131\u00e7ak, 1 laptop bilgisayar, 2 flash disk, 2 cep telefonu, 1 sim kart, 29 CD ve DVD, 13 foto\u011fraf, 1 not defteri, 16 video kaset, 1 adet Hanefi Avc\u0131 taraf\u0131ndan N.K\u0131l\u0131\u00e7&#8217;a hitaben imzalanm\u0131\u015f olan &#8221;Hali\u00e7te Ya\u015fayan Simonlar D\u00fcn Devlet Bug\u00fcn Cemaat&#8221; adl\u0131 kitap ve \u00e7ok say\u0131da bilgisayar \u00e7\u0131kt\u0131s\u0131, el yaz\u0131s\u0131 dok\u00fcmanlar.&#8221;<\/p>\n<p style=\"text-align: justify;\"><strong>KILI\u00c7&#8217;IN EYLEMC\u0130 GRUPLA B\u0130RL\u0130KTE EYLEMLERDE AKT\u0130F B\u0130\u00c7\u0130MDE YER ALMASI<\/strong><\/p>\n<p style=\"text-align: justify;\">\u0130ddianamede, al\u0131nan mahkeme karar\u0131na y\u00f6nelik yap\u0131lan fiziki takipte, Nejdet K\u0131l\u0131\u00e7&#8217;\u0131n 5 \u015eubat 2010 g\u00fcn\u00fc, \u0130stiklal Caddesi Galatasaray Lisesi \u00f6n\u00fcnde \u0130brahim Turgut ile bulu\u015ftu\u011fu, bu ki\u015filerin birlikte Taksim, G\u00fcm\u00fc\u015fsuyu, Dolmabah\u00e7e ve Be\u015fikta\u015f istikametine do\u011fru y\u00fcr\u00fcd\u00fckleri, Be\u015fikta\u015f&#8217;taki bir fotokopi d\u00fckkan\u0131na girdikleri, arkalar\u0131ndan san\u0131klardan R\u0131dvan Turan ve Af\u015fin Burak Umar&#8217;\u0131n da ayn\u0131 d\u00fckkana girdikleri, s\u00f6z konusu ki\u015filerin, fotokopi d\u00fckkan\u0131n\u0131n sahibi oldu\u011fu de\u011ferlendirilen Halis Me\u015fe ile birlikte d\u00fckkan\u0131 kapat\u0131p \u00e7ar\u015f\u0131ya do\u011fru y\u00fcr\u00fcd\u00fckleri ve bir ticari taksiye binerek uzakla\u015ft\u0131klar\u0131n\u0131n g\u00f6r\u00fcld\u00fc\u011f\u00fc dile getirildi.<\/p>\n<p style=\"text-align: justify;\">San\u0131k K\u0131l\u0131\u00e7&#8217;\u0131n evinde yap\u0131lan aramada elde edilen 2 gigabaytl\u0131k flash belle\u011fin incelemesinde &#8221;Movie_001&#8221; isimli video bulundu\u011fu belirtilen iddianamede, video i\u00e7eri\u011finde, ellerinde Sosyalist Demokrasi Partisi (SDP) pankart\u0131 ta\u015f\u0131yan, y\u00fczleri k\u0131rm\u0131z\u0131 siyah fularlarla kapal\u0131 ki\u015filerin sloganlar atarak ka\u00e7\u0131\u015ft\u0131klar\u0131n\u0131n ve 2009 y\u0131l\u0131n\u0131n 1 May\u0131s\u0131nda \u00e7ekildi\u011fi de\u011ferlendirilen g\u00f6r\u00fcnt\u00fclerde de DEV-GEN\u00c7 pankart\u0131 arkas\u0131nda bulunan y\u00fczleri maskeli gurubun SDP pankart\u0131 ta\u015f\u0131yan y\u00fczleri kapal\u0131 gurupla birlikte ellerinde molotofkokteylleriyle ortakla\u015fa hareket ettiklerinin g\u00f6r\u00fcld\u00fc\u011f\u00fc anlat\u0131ld\u0131. Ayr\u0131ca, ellerinde SDP pankart\u0131 ta\u015f\u0131yan, ta\u015f ve sapanlarla g\u00fcvenlik g\u00fc\u00e7lerine sald\u0131ran grup i\u00e7erisinde tutuklu SDP Merkez Y\u00fcr\u00fctme Kurulu (MYK) \u00fcyesi Ula\u015f Bayraktaro\u011flu&#8217;nun y\u00fcz\u00fcn\u00fcn k\u0131rm\u0131z\u0131 fularla kapal\u0131 olarak ellerinde molotofkokteyli bulunan eylemci grupla birlikte eylemler i\u00e7inde aktif olarak yer ald\u0131\u011f\u0131n\u0131n g\u00f6r\u00fcld\u00fc\u011f\u00fc de anlat\u0131ld\u0131.<\/p>\n<p style=\"text-align: justify;\">Dosya kapsam\u0131nda K\u0131l\u0131\u00e7&#8217;\u0131n takip edilen ADSL hatt\u0131nda yap\u0131lan incelemede, T\u00fcrk Ceza Kanunu&#8217;nun (TCK) &#8221;Genel Ahlaka Kar\u015f\u0131 Su\u00e7lar&#8221; b\u00f6l\u00fcm\u00fcnde tarifi bulunan &#8221;\u00c7ocuklar\u0131n kullan\u0131ld\u0131\u011f\u0131 m\u00fcstehcen g\u00f6r\u00fcnt\u00fc, yaz\u0131 veya s\u00f6zleri i\u00e7eren \u00fcr\u00fcnleri depolad\u0131\u011f\u0131 ve bulundurdu\u011funun&#8221; tespit edildi\u011fi kaydedilen iddianamede, bu konuya ili\u015fkin soru\u015fturman\u0131n, soru\u015fturma kapsam\u0131ndan ayr\u0131larak, Beyo\u011flu Cumhuriyet Ba\u015fsavc\u0131l\u0131\u011f\u0131na g\u00f6nderildi\u011fi ifade edildi.<\/p>\n<p style=\"text-align: justify;\"><strong>\u00c7ATI\u015eMADA \u00d6LD\u00dcR\u00dcLEN YILMAZKAYA \u0130LE \u0130L\u0130\u015eK\u0130<\/strong><\/p>\n<p style=\"text-align: justify;\">\u0130ddianamede, 27 Nisan 2009&#8217;da Devrimci Karargah ter\u00f6r \u00f6rg\u00fct\u00fcne y\u00f6nelik yap\u0131lan operasyonlarda, g\u00fcvenlik g\u00fc\u00e7leriyle girdi\u011fi silahl\u0131 \u00e7at\u0131\u015fmada \u00f6l\u00fc olarak ele ge\u00e7irilen Orhan Y\u0131lmazkaya&#8217;n\u0131n bilgisayar\u0131nda kurtar\u0131lan belgeler aras\u0131nda &#8221;Unallocated Clusters-1311&#8221; adl\u0131 bir belge yer ald\u0131\u011f\u0131 ve bu belgede, &#8221;SDP&#8217;ye harmanlama s\u00fcrecinin \u00f6n a\u015famalar\u0131ndan birisi olabilecek bir kurguya sahip oldu\u011fu, bu nedenle kendisini \u00e7at\u0131 partisi olarak tarif etti\u011fi i\u00e7in; K\u00fcrt ulusal hareketiyle yak\u0131n durma stratejik yakla\u015f\u0131m\u0131n\u0131n, bizim K\u00fcrt devrimi T\u00fcrkiye devriminin stratejik orta\u011f\u0131d\u0131r. Stratejik yakla\u015f\u0131m\u0131m\u0131za \u00e7ok yak\u0131n d\u00fc\u015ft\u00fc\u011f\u00fc i\u00e7in, bizim harmanlama a\u00e7\u0131s\u0131ndan \u00f6nemli g\u00f6rd\u00fc\u011f\u00fcm\u00fcz devrimci gruplarla yan yana durup i\u015f yapmaya \u00f6zen g\u00f6sterdi\u011fi i\u00e7in; gen\u00e7lik i\u00e7inde son 2 y\u0131lda yaratt\u0131\u011f\u0131 birikimin \u00d6DP deneyiminin bu parti kadrolar\u0131 ve siyaset yapma bi\u00e7iminde yaratt\u0131\u011f\u0131 tahribat\u0131 giderme potansiyeli ta\u015f\u0131d\u0131\u011f\u0131n\u0131 tespit etti\u011fimiz i\u00e7in kat\u0131ld\u0131k&#8221; \u015feklinde bir yaz\u0131n\u0131n oldu\u011fu aktar\u0131larak, yaz\u0131ya g\u00f6re yasa d\u0131\u015f\u0131 Devrimci Karargah ter\u00f6r \u00f6rg\u00fct\u00fcn\u00fcn, SDP ile b\u00fct\u00fcnle\u015fmesinin gerek\u00e7esinin a\u00e7\u0131kland\u0131\u011f\u0131 da anlat\u0131ld\u0131.<\/p>\n<p style=\"text-align: justify;\">Devrimci Karargah \u00d6rg\u00fct\u00fcn\u00fcn amac\u0131n\u0131n, T\u00fcrkiye sosyalizminde egemenli\u011fini s\u00fcrd\u00fcren alternatif devrimci bir yol \u00e7izme g\u00f6revinde birle\u015fik bir \u00f6rg\u00fctsel yap\u0131 olu\u015fturma \u015feklinde belirlendi\u011fi \u00f6ne s\u00fcr\u00fclen iddianamede, \u015fu ifadeler yer ald\u0131:<\/p>\n<p style=\"text-align: justify;\">&#8221;Devrimci Karargah ter\u00f6r \u00f6rg\u00fct\u00fc mensuplar\u0131 ile ili\u015fki ve irtibat i\u00e7erisinde bulundu\u011fu tespit edilen \u015f\u00fcpheli Nejdet K\u0131l\u0131\u00e7&#8217;\u0131n \u00f6rg\u00fct\u00fcn devrimci gruplarla yan yana durup i\u015f yapma stratejisinin gere\u011fi olarak kullanm\u0131\u015f oldu\u011fu, bir cep telefonuyla Haziran ve Eyl\u00fcl 2010&#8217;da yapm\u0131\u015f oldu\u011fu g\u00f6r\u00fc\u015fmelerde, Abdullah B\u00fclent Uluer, \u0130lhami Aras, soru\u015fturma kapsam\u0131nda yakalanamayan Salih Mahir Say\u0131n, Ertu\u011frul K\u00fcrk\u00e7\u00fc, \u015eaban \u0130ba, Sezai Sar\u0131o\u011flu ve Ha\u015fim Bar\u0131\u015f gibi isimleri bir araya toplamaya \u00e7al\u0131\u015ft\u0131\u011f\u0131, &#8216;Herkesi kucaklamaya \u00e7al\u0131yoruz yani, tamam benim s\u00f6yledi\u011fim isimleri akl\u0131nda tut tamam m\u0131, gelenler bunlar yani b\u00fct\u00fcn dedeler, a\u011falar gelecek anlad\u0131n m\u0131, her t\u00fcrl\u00fc&#8217; \u015feklindeki beyanlar\u0131yla Devrimci Karargah ter\u00f6r \u00f6rg\u00fct\u00fcn\u00fcn yay\u0131n organ\u0131 oldu\u011fu tespit edilen Demokratik D\u00f6n\u00fc\u015f\u00fcm dergisi yazarlar\u0131n\u0131n yan\u0131nda, sol ter\u00f6r \u00f6rg\u00fctlerinde kurucu, aktif ve sorumlu d\u00fczeyde faaliyet y\u00fcr\u00fctm\u00fc\u015f ki\u015fileri bulu\u015fturmaya \u00e7al\u0131\u015ft\u0131\u011f\u0131 tespit edilmi\u015ftir.&#8221;<\/p>\n<p style=\"text-align: justify;\"><strong>KILI\u00c7&#8217;IN SOL TER\u00d6R \u00d6RG\u00dcTLER\u0130NDEK\u0130 FAAL K\u0130\u015e\u0130LER\u0130 BULU\u015eTURMA \u00c7ABASI<\/strong><\/p>\n<p style=\"text-align: justify;\">\u0130ddianamede, san\u0131k K\u0131l\u0131\u00e7&#8217;\u0131n, ter\u00f6r \u00f6rg\u00fct\u00fc ge\u00e7mi\u015fi olan baz\u0131 ki\u015fileri bir araya toplamaya \u00e7al\u0131\u015ft\u0131\u011f\u0131n\u0131n, firari san\u0131k olan Salih Mahir Say\u0131n&#8217;\u0131n 5 Ekim 2010&#8217;da Samanyolu televizyonundaki haber program\u0131nda yay\u0131nlanan bir beyan\u0131na g\u00f6re anla\u015f\u0131ld\u0131\u011f\u0131n\u0131n ve s\u00f6z konusu beyanda K\u0131l\u0131\u00e7&#8217;\u0131n Kurtulu\u015f ter\u00f6r \u00f6rg\u00fct\u00fc i\u00e7erisinde faaliyet y\u00fcr\u00fctenleri birle\u015ftirmeye \u00e7al\u0131\u015ft\u0131\u011f\u0131n\u0131n ifade edildi\u011fi aktar\u0131ld\u0131.<\/p>\n<p style=\"text-align: justify;\">San\u0131klardan Salih Mahir Say\u0131n&#8217;\u0131n, ayn\u0131 haber program\u0131nda, &#8221;Bunun i\u00e7in son olarak Nejdet ile bizim g\u00f6r\u00fc\u015fmemiz, onun bana Adana&#8217;ya gidi\u015f-d\u00f6n\u00fc\u015f bileti ayarlamas\u0131 i\u00e7in konu\u015fmam\u0131z \u015feklinde oldu\u011fu&#8221; hususundaki beyanlar\u0131ndan, &#8221;Eski kurtulu\u015f ter\u00f6r \u00f6rg\u00fct\u00fcyle irtibatl\u0131 \u015fah\u0131slar\u0131n yeniden birlikte hareket etmek amac\u0131yla topland\u0131klar\u0131n\u0131n&#8221; ve &#8221;Devrimci karargah ter\u00f6r \u00f6rg\u00fct\u00fcyle olan irtibatlar\u0131n\u0131 de\u011ferlendireceklerinin&#8221; anla\u015f\u0131ld\u0131\u011f\u0131 aktar\u0131lan iddianamede, Nejdet K\u0131l\u0131\u00e7&#8217;\u0131n Devrimci Karargah ter\u00f6r \u00f6rg\u00fct\u00fcn\u00fcn devrimci gruplar ile yan yana durup i\u015f yapma stratejisinin gere\u011fi olarak yap\u0131lan teknik takiplerde baz\u0131 ki\u015fileri toplamaya, &#8221;Herkesi kucaklamaya \u00e7al\u0131\u015f\u0131yoruz yani.. yani b\u00fct\u00fcn dedeler a\u011falar gelecek anlad\u0131n m\u0131&#8221; gibi beyanlarla sol ter\u00f6r \u00f6rg\u00fctlerinde kurucu, aktif ve sorumlu d\u00fczeyde faaliyet y\u00fcr\u00fctm\u00fc\u015f bir k\u0131s\u0131m ki\u015fileri bulu\u015fturmaya \u00e7al\u0131\u015ft\u0131\u011f\u0131n\u0131n belirlendi\u011fi ifade edildi.<\/p>\n<p style=\"text-align: justify;\"><a href=\"http:\/\/www.radikal.com.tr\/Radikal.aspx?aType=RadikalDetayV3&amp;ArticleID=1039004&amp;Date=04.02.2011&amp;CategoryID=77\" target=\"_blank\"><span style=\"color: #888888;\">Kaynak : Radikal<\/span><\/a><\/p>\n","protected":false},"excerpt":{"rendered":"<p style=\"text-align: justify;\">\n<p style=\"text-align: justify;\">Devrimci Karargah \u00d6rg\u00fct\u00fc&#8217;ne ili\u015fkin haz\u0131rlanan iddianamede, Hanefi Avc\u0131&#8217;n\u0131n K\u0131l\u0131\u00e7&#8217;la yapt\u0131\u011f\u0131 telefon g\u00f6r\u00fc\u015fmelerinde, takibi yapanlar\u0131n normal polis olmad\u0131\u011f\u0131n\u0131, cemaatin adamlar\u0131 oldu\u011funu s\u00f6yledi\u011fi ileri s\u00fcr\u00fcld\u00fc.<\/p>\n<p style=\"text-align: justify;\">Tutuklu Emniyet M\u00fcd\u00fcr\u00fc Hanefi Avc\u0131&#8217;n\u0131n da aralar\u0131nda bulundu\u011fu 22 ki\u015fi hakk\u0131nda, &#8221;Devrimci Karargah \u00d6rg\u00fct\u00fc&#8221; soru\u015fturmas\u0131 kapsam\u0131nda haz\u0131rlanan ve \u0130stanbul 12. A\u011f\u0131r Ceza Mahkemesince kabul edilen <\/p>\n","protected":false},"author":1,"featured_media":0,"comment_status":"open","ping_status":"closed","sticky":false,"template":"","format":"standard","meta":{"footnotes":""},"categories":[105],"tags":[],"class_list":["post-27732","post","type-post","status-publish","format-standard","hentry","category-gundem","odd"],"_links":{"self":[{"href":"http:\/\/www.korhanyilmaz.com\/index.php?rest_route=\/wp\/v2\/posts\/27732","targetHints":{"allow":["GET"]}}],"collection":[{"href":"http:\/\/www.korhanyilmaz.com\/index.php?rest_route=\/wp\/v2\/posts"}],"about":[{"href":"http:\/\/www.korhanyilmaz.com\/index.php?rest_route=\/wp\/v2\/types\/post"}],"author":[{"embeddable":true,"href":"http:\/\/www.korhanyilmaz.com\/index.php?rest_route=\/wp\/v2\/users\/1"}],"replies":[{"embeddable":true,"href":"http:\/\/www.korhanyilmaz.com\/index.php?rest_route=%2Fwp%2Fv2%2Fcomments&post=27732"}],"version-history":[{"count":0,"href":"http:\/\/www.korhanyilmaz.com\/index.php?rest_route=\/wp\/v2\/posts\/27732\/revisions"}],"wp:attachment":[{"href":"http:\/\/www.korhanyilmaz.com\/index.php?rest_route=%2Fwp%2Fv2%2Fmedia&parent=27732"}],"wp:term":[{"taxonomy":"category","embeddable":true,"href":"http:\/\/www.korhanyilmaz.com\/index.php?rest_route=%2Fwp%2Fv2%2Fcategories&post=27732"},{"taxonomy":"post_tag","embeddable":true,"href":"http:\/\/www.korhanyilmaz.com\/index.php?rest_route=%2Fwp%2Fv2%2Ftags&post=27732"}],"curies":[{"name":"wp","href":"https:\/\/api.w.org\/{rel}","templated":true}]}}