{"id":27726,"date":"2011-02-04T20:32:10","date_gmt":"2011-02-04T18:32:10","guid":{"rendered":"http:\/\/www.korhanyilmaz.com\/?p=27726"},"modified":"2011-02-04T20:32:10","modified_gmt":"2011-02-04T18:32:10","slug":"isci-partisi-destekleyecegi-partiyi-acikladi","status":"publish","type":"post","link":"http:\/\/www.korhanyilmaz.com\/?p=27726","title":{"rendered":"AK Parti&#8217;den kurtulmak i\u00e7in ittifak istediler"},"content":{"rendered":"<p style=\"text-align: justify;\"><a href=\"http:\/\/www.korhanyilmaz.com\/wp-content\/uploads\/2011\/02\/101.jpg\"  class=\"lightview\"><img loading=\"lazy\" decoding=\"async\" class=\"aligncenter size-full wp-image-27727\" src=\"http:\/\/www.korhanyilmaz.com\/wp-content\/uploads\/2011\/02\/101.jpg\" alt=\"\" width=\"292\" height=\"219\" \/><\/a><\/p>\n<p style=\"text-align: justify;\">\u0130\u015f\u00e7i Partisi Genel Ba\u015fkan Vekili Mehmet Bedri G\u00fcltekin, &#8220;Son se\u00e7imlerde belediye ba\u015fkanl\u0131\u011f\u0131nda AKP&#8217;nin kar\u015f\u0131s\u0131ndaki en g\u00fc\u00e7l\u00fc aday\u0131 destekledik. \u0130l genel meclisinde ise t\u00fcm T\u00fcrkiye&#8217;de \u0130\u015f\u00e7i Partisi olarak se\u00e7imlere girdik. \u0130nan\u0131yorum ki do\u011fru bir g\u00fc\u00e7birli\u011fi ile \u00fclkemizi AKP&#8217;den kurtaraca\u011f\u0131z&#8221; dedi. <!--more--><\/p>\n<p style=\"text-align: justify;\">G\u00fcltekin, partisinin Sel\u00e7uk \u0130l\u00e7e Ba\u015fkanl\u0131\u011f\u0131 binas\u0131n\u0131n a\u00e7\u0131l\u0131\u015f\u0131nda yapt\u0131\u011f\u0131 konu\u015fmada, \u0130zmir ve il\u00e7elerindeki \u00f6rg\u00fctlenmelerini h\u0131zl\u0131 bir \u015fekilde s\u00fcrd\u00fcrd\u00fcklerini belirterek, partilerinin \u00f6rg\u00fctlenme h\u0131z\u0131n\u0131n, ba\u015fka hi\u00e7bir partide olmad\u0131\u011f\u0131n\u0131 savundu.<\/p>\n<p style=\"text-align: justify;\">Genel se\u00e7imlere 5 ay gibi \u00e7ok az bir s\u00fcre kald\u0131\u011f\u0131n\u0131 ve T\u00fcrkiye&#8217;nin bu s\u00fcre\u00e7 sonunda AK Parti iktidar\u0131ndan mutlaka kurtulmas\u0131 gerekti\u011fini savunan G\u00fcltekin, \u015fu g\u00f6r\u00fc\u015fleri dile getirdi:<\/p>\n<p style=\"text-align: justify;\">&#8220;Son se\u00e7imlerde belediye ba\u015fkanl\u0131\u011f\u0131nda AKP&#8217;nin kar\u015f\u0131s\u0131ndaki en g\u00fc\u00e7l\u00fc aday\u0131 destekledik. \u0130l Genel Meclisinde ise t\u00fcm T\u00fcrkiye&#8217;de \u0130\u015f\u00e7i Partisi olarak se\u00e7imlere girdik. \u0130nan\u0131yorum ki do\u011fru bir g\u00fc\u00e7birli\u011fi ile \u00fclkemizi AKP&#8217;den kurtaraca\u011f\u0131z. Bu noktada CHP, g\u00fc\u00e7 birli\u011fi \u00e7a\u011fr\u0131lar\u0131m\u0131za evet demelidir. CHP art\u0131k milletvekili hesab\u0131 yapmamal\u0131d\u0131r, \u00f6nemli olan AKP&#8217;nin y\u0131k\u0131lmas\u0131d\u0131r. T\u00fcrkiye&#8217;de AKP&#8217;nin y\u0131k\u0131lma potansiyeli \u00e7ok y\u00fcksektir ve bunu da en son referandum se\u00e7imlerinde g\u00f6rd\u00fck. \u015eimdi buna g\u00fc\u00e7 vererek bu \u00e7a\u011fr\u0131n\u0131n yap\u0131lmas\u0131 laz\u0131m. Biz y\u0131llar \u00f6nce yapt\u0131\u011f\u0131m\u0131z g\u00fc\u00e7birli\u011finin her zaman arkas\u0131nday\u0131z.&#8221;<\/p>\n<p style=\"text-align: justify;\">G\u00fcltekin, \u0130zmir&#8217;de Karaburun il\u00e7esine ba\u011fl\u0131 Mordo\u011fan ile Tire il\u00e7esine ba\u011fl\u0131 Duatepe ve G\u00f6k\u00e7en beldelerinde de partisinin temsilcilik a\u00e7\u0131l\u0131\u015flar\u0131na kat\u0131ld\u0131.<\/p>\n<p style=\"text-align: justify;\"><a href=\"http:\/\/www.cnnturk.com\/2011\/turkiye\/02\/04\/ak.partiden.kurtulmak.icin.ittifak.istediler\/605756.0\/index.html\" target=\"_blank\"><span style=\"color: #888888;\">CNN T\u00dcRK<\/span><\/a><\/p>\n","protected":false},"excerpt":{"rendered":"<p style=\"text-align: justify;\">\n<p style=\"text-align: justify;\">\u0130\u015f\u00e7i Partisi Genel Ba\u015fkan Vekili Mehmet Bedri G\u00fcltekin, &#8220;Son se\u00e7imlerde belediye ba\u015fkanl\u0131\u011f\u0131nda AKP&#8217;nin kar\u015f\u0131s\u0131ndaki en g\u00fc\u00e7l\u00fc aday\u0131 destekledik. \u0130l genel meclisinde ise t\u00fcm T\u00fcrkiye&#8217;de \u0130\u015f\u00e7i Partisi olarak se\u00e7imlere girdik. \u0130nan\u0131yorum ki do\u011fru bir g\u00fc\u00e7birli\u011fi ile \u00fclkemizi AKP&#8217;den kurtaraca\u011f\u0131z&#8221; dedi. <\/p>\n","protected":false},"author":1,"featured_media":0,"comment_status":"open","ping_status":"closed","sticky":false,"template":"","format":"standard","meta":{"footnotes":""},"categories":[105],"tags":[],"class_list":["post-27726","post","type-post","status-publish","format-standard","hentry","category-gundem","odd"],"_links":{"self":[{"href":"http:\/\/www.korhanyilmaz.com\/index.php?rest_route=\/wp\/v2\/posts\/27726","targetHints":{"allow":["GET"]}}],"collection":[{"href":"http:\/\/www.korhanyilmaz.com\/index.php?rest_route=\/wp\/v2\/posts"}],"about":[{"href":"http:\/\/www.korhanyilmaz.com\/index.php?rest_route=\/wp\/v2\/types\/post"}],"author":[{"embeddable":true,"href":"http:\/\/www.korhanyilmaz.com\/index.php?rest_route=\/wp\/v2\/users\/1"}],"replies":[{"embeddable":true,"href":"http:\/\/www.korhanyilmaz.com\/index.php?rest_route=%2Fwp%2Fv2%2Fcomments&post=27726"}],"version-history":[{"count":0,"href":"http:\/\/www.korhanyilmaz.com\/index.php?rest_route=\/wp\/v2\/posts\/27726\/revisions"}],"wp:attachment":[{"href":"http:\/\/www.korhanyilmaz.com\/index.php?rest_route=%2Fwp%2Fv2%2Fmedia&parent=27726"}],"wp:term":[{"taxonomy":"category","embeddable":true,"href":"http:\/\/www.korhanyilmaz.com\/index.php?rest_route=%2Fwp%2Fv2%2Fcategories&post=27726"},{"taxonomy":"post_tag","embeddable":true,"href":"http:\/\/www.korhanyilmaz.com\/index.php?rest_route=%2Fwp%2Fv2%2Ftags&post=27726"}],"curies":[{"name":"wp","href":"https:\/\/api.w.org\/{rel}","templated":true}]}}