{"id":27722,"date":"2011-02-04T13:50:14","date_gmt":"2011-02-04T11:50:14","guid":{"rendered":"http:\/\/www.korhanyilmaz.com\/?p=27722"},"modified":"2011-02-04T13:50:14","modified_gmt":"2011-02-04T11:50:14","slug":"hincal-ulucun-defne-joy-yazisi-sanal-dunyada-kiyamet-kopartti","status":"publish","type":"post","link":"http:\/\/www.korhanyilmaz.com\/?p=27722","title":{"rendered":"H\u0131ncal Ulu\u00e7&#8217;un Defne Joy yaz\u0131s\u0131 sanal d\u00fcnyada k\u0131yamet kopartt\u0131"},"content":{"rendered":"<p style=\"text-align: center;\"><a href=\"http:\/\/www.korhanyilmaz.com\/wp-content\/uploads\/2011\/02\/100.jpg\"  class=\"lightview\"><img loading=\"lazy\" decoding=\"async\" class=\"aligncenter size-full wp-image-27723\" src=\"http:\/\/www.korhanyilmaz.com\/wp-content\/uploads\/2011\/02\/100.jpg\" alt=\"\" width=\"341\" height=\"202\" \/><\/a><\/p>\n<p style=\"text-align: justify;\"><strong>&#8216;Kimse Defne&#8217;yi azize ilan etmesin!&#8217;<\/strong><\/p>\n<p style=\"text-align: justify;\">H\u0131ncal Ulu\u00e7, Defne Joy Foster\u2019\u0131n ard\u0131ndan tart\u0131\u015f\u0131lacak bir yaz\u0131 kaleme ald\u0131. &#8220;Su testisi su yolunda k\u0131r\u0131ld\u0131&#8221; diyen Ulu\u00e7&#8217;a Radikal Yazar\u0131 Evrim S\u00fcmer, &#8220;Ulu\u00e7 aile dan\u0131\u015fmanl\u0131\u011f\u0131na m\u0131 soyundu ne!&#8221; diyerek cevap verdi.<\/p>\n<p style=\"text-align: justify;\">Sabah yazar\u0131 H\u0131ncal Ulu\u00e7, kendisini Defne Joy Foster&#8217;\u0131n e\u015finin yerine koydu ve u\u00e7 sorular sordu. <!--more--><\/p>\n<p style=\"text-align: justify;\"><strong><em>Ulu\u00e7&#8217;un k\u00f6\u015fe yaz\u0131s\u0131 \u015f\u00f6yle:<\/em><\/strong><\/p>\n<p style=\"text-align: justify;\"><strong>Bu nas\u0131l bir mahalle bask\u0131s\u0131d\u0131r?..<\/strong><\/p>\n<p style=\"text-align: justify;\">Per\u015fembe sabah\u0131, evde kahvemi i\u00e7ip gazetemi okurken, Fato\u015f geldi. Evdeki yard\u0131mc\u0131m..<\/p>\n<p style=\"text-align: justify;\">&#8220;H\u0131ncal Bey haberiniz var m\u0131, Defne Joy \u00f6lm\u00fc\u015f.. Evinde \u00f6l\u00fc bulmu\u015flar&#8221; dedi..<\/p>\n<p style=\"text-align: justify;\">Defne Joy&#8217;la tan\u0131\u015fmay\u0131z. Televizyon izleyen biri olmad\u0131\u011f\u0131m i\u00e7in, sokakta yan\u0131mdan ge\u00e7se tan\u0131mam.. Ama hele son zamanlardaki \u00fcn\u00fcn\u00fc hemen her g\u00fcn gazetelerin magazin sayfalar\u0131nda okuyorum. Acun&#8217;un, her program\u0131 olay olan, bence g\u00fcn\u00fcm\u00fcz\u00fcn 1 nolu yap\u0131mc\u0131s\u0131 Acun&#8217;un son yar\u0131\u015fmas\u0131 &#8220;Yok B\u00f6yle Dans&#8221;\u0131n y\u0131ld\u0131zlar\u0131ndan.. Yar\u0131\u015fmay\u0131 kazanaca\u011f\u0131n\u0131 kimse tahmin etmiyor, ama kimse de elenmesini istemiyor. \u00d6yle sempatik, \u00f6yle hayat doluymu\u015f..<\/p>\n<p style=\"text-align: justify;\">Hatta Sevgili Y\u00fcksel (Aytu\u011f) &#8220;Acun bu k\u0131z elenirse onu sunucu yap, kaybetme&#8221; diye \u00f6\u011f\u00fct de veriyordu ge\u00e7en hafta, Yak\u0131n Kumanda&#8217;da..<\/p>\n<p style=\"text-align: justify;\">\u0130\u015fte \u00f6len, o daha iki gece evvel seyircilerini co\u015fturan hayat dolu k\u0131z..<\/p>\n<p style=\"text-align: justify;\">Hemen TV&#8217;ye davrand\u0131m.. Haberleri izliyorum.. Ekran\u0131n ba\u015f\u0131nda donup kald\u0131\u011f\u0131m\u0131 hat\u0131rl\u0131yorum..<\/p>\n<p style=\"text-align: justify;\">Arka arkaya \u015foklar..<\/p>\n<p style=\"text-align: justify;\">Defne Joy&#8217;un \u00f6l\u00fc bulundu\u011fu yer kendi evi de\u011fil. Bir bekar erke\u011fin evi..<\/p>\n<p style=\"text-align: justify;\">Bekar erkek, benim k\u00fc\u00e7\u00fck kuzenim, Sanem&#8217;in karde\u015fi Kerem..<\/p>\n<p style=\"text-align: justify;\">Beni donduran, Defne&#8217;nin \u00f6l\u00fc bulundu\u011fu evin \u00f6n\u00fcnde canl\u0131 yay\u0131n yapan NTV habercisinin s\u00f6zlerinden biri oldu.<\/p>\n<p style=\"text-align: justify;\">&#8220;Defne Joy Foster&#8217;in kocas\u0131 \u0130lker Yasin Solmaz, az \u00f6nce buraya geldi. \u00c7ok \u00fczg\u00fcn g\u00f6r\u00fcn\u00fcyordu..&#8221;<\/p>\n<p style=\"text-align: justify;\">\u0130\u015fte o an, orda kalakald\u0131m.<\/p>\n<p style=\"text-align: justify;\">O \u00e7ar\u015famba sabah\u0131, d\u00fcnyada yerinde olmay\u0131 istemeyece\u011fim bir tek ki\u015fi vard\u0131.. \u0130lker Yasin Solmaz..<\/p>\n<p style=\"text-align: justify;\">D\u00fc\u015f\u00fcnebiliyor musunuz?..<\/p>\n<p style=\"text-align: justify;\">Sabaha kar\u015f\u0131 telefonunuz \u00e7al\u0131yor ve haber veriyorlar.<\/p>\n<p style=\"text-align: justify;\">&#8220;E\u015finiz \u00f6ld\u00fc. Gelin cenazeyi al\u0131n..&#8221;<\/p>\n<p style=\"text-align: justify;\">&#8220;Nerde, nas\u0131l, ne zaman?..&#8221;<\/p>\n<p style=\"text-align: justify;\">&#8220;Sabaha kar\u015f\u0131 bir bekar evinde \u00f6l\u00fc bulundu. Polis soru\u015fturuyor..&#8221;<\/p>\n<p style=\"text-align: justify;\">Ne hale gelirsiniz?.. Ne d\u00fc\u015f\u00fcn\u00fcrs\u00fcz?..<\/p>\n<p style=\"text-align: justify;\">Ne olursunuz?..<\/p>\n<p style=\"text-align: justify;\">D\u00fcn sabah gazeteme bakt\u0131m..<\/p>\n<p style=\"text-align: justify;\">Tonla haber, tonla yaz\u0131.. Defne \u00fczerine.. \u00d6len Defne&#8217;nin dram\u0131 \u00fczerine..<\/p>\n<p style=\"text-align: justify;\">Ama as\u0131l \u00f6l\u00fc, hem de &#8220;Ya\u015fayan \u00d6l\u00fc&#8221; \u0130lker Yasin Solmaz&#8217;la ilgili tek sat\u0131r yok.. As\u0131l trajediyi ya\u015fayan adam\u0131n ad\u0131 ge\u00e7miyor nerdeyse, haberler ve yorumlarda..<\/p>\n<p style=\"text-align: justify;\">\u0130nsanl\u0131k \u00f6lm\u00fc\u015f sanki..<\/p>\n<p style=\"text-align: justify;\">Defne \u00f6ld\u00fc.. Onun i\u00e7in her \u015fey bitti..<\/p>\n<p style=\"text-align: justify;\">Ama bu gen\u00e7 adam ya\u015fayacak.. 18 ayl\u0131k bebe\u011fi ile ya\u015fayacak..<\/p>\n<p style=\"text-align: justify;\">Yar\u0131n o bebek akl\u0131n\u0131 ba\u015f\u0131na toplayacak ya\u015fa geldi\u011finde &#8220;Baba bana annemi anlat&#8221; diyecek?..<\/p>\n<p style=\"text-align: justify;\">Ne anlatacak \u0130lker Yasin?.<\/p>\n<p style=\"text-align: justify;\">Gencecik, hayat dolu kar\u0131s\u0131, 18 ayl\u0131k bebe\u011finin annesi beklenmedik \u015fekilde \u00f6lm\u00fc\u015f.. Ona m\u0131 a\u011flayacak \u0130lker Yasin.. Yoksa bir bekar evinde, sabaha kar\u015f\u0131 kan\u0131nda tonla alkolle \u00f6l\u00fc bulunmu\u015f, ona m\u0131 \u00e7\u0131ld\u0131racak?..<\/p>\n<p style=\"text-align: justify;\">Empati, mempati.. Hadi kendinizi \u0130lker Yasin&#8217;in yerine koyun dostlar\u0131m..<\/p>\n<p style=\"text-align: justify;\">&#8220;Acun yar\u0131\u015fmay\u0131 durdursun.. Kupay\u0131 da Defne&#8217;nin 18 ayl\u0131k bebe\u011fine versin&#8221; diye hamasi bir tavsiyede bulunan Sevgili Y\u00fcksel&#8217;e sorum var..<\/p>\n<p style=\"text-align: justify;\">Defne senin e\u015fin olsayd\u0131, dikkat et, sadece &#8220;Olsayd\u0131&#8221; diyorum.. O &#8220;Mesela&#8221; y\u0131 okurken bile ne hale geldi\u011fini tahmin etti\u011fim i\u00e7in.. &#8220;Defne senin kar\u0131n olsayd\u0131, gene bu yaz\u0131y\u0131 yazar m\u0131yd\u0131n..&#8221;<\/p>\n<p style=\"text-align: justify;\">Kerem&#8217;in ad\u0131n\u0131 duyunca, G\u00f6kmen \u00d6zdemir&#8217;i arad\u0131m, Vatan&#8217;dan.. Arkada\u015f\u0131..<\/p>\n<p style=\"text-align: justify;\">&#8220;Sor bakal\u0131m kerataya, evli barkl\u0131 ve \u00e7ocuklu kad\u0131n\u0131 niye g\u00f6t\u00fcrm\u00fc\u015f evine&#8221; dedim. &#8220;Sordum bile a\u011fbi&#8221; dedi, G\u00f6kmen.. &#8220;Vallahi daha o gece tan\u0131\u015ft\u0131k. \u0130kimizin de kafas\u0131 iyiydi. Gittik i\u015fte&#8221; demi\u015f, Kerem..<\/p>\n<p style=\"text-align: justify;\">Defne&#8217;yi nerdeyse &#8220;Azize&#8221; ilan eden Ay\u015fe karde\u015fim..<\/p>\n<p style=\"text-align: justify;\">\u0130\u015fte anlatmak istedi\u011fim bu..<\/p>\n<p style=\"text-align: justify;\">Bizim zaman\u0131m\u0131zda A\u015fka d\u00fc\u015f\u00fcl\u00fcrd\u00fc.. Falling in love..<\/p>\n<p style=\"text-align: justify;\">Daha tan\u0131\u015ft\u0131\u011f\u0131n gece, eve, yata\u011fa ko\u015fman\u0131n ad\u0131 da love.. Ama onun fiili ba\u015fka.. A\u015fk Yapmak.. Making love..<\/p>\n<p style=\"text-align: justify;\">Benim a\u015fka d\u00fc\u015fmeye sayg\u0131m var.. Ama a\u015fk yapmaya yok..<\/p>\n<p style=\"text-align: justify;\">\u0130nsan evliyken de \u00e2\u015f\u0131k olabilir. Evli birine de \u00e2\u015f\u0131k olabilir.. G\u00f6n\u00fcl ferman dinlemez, demi\u015f eskiler.. Durup dururken dememi\u015fler.. Y\u00fczlerce y\u0131ll\u0131k deneyim..<\/p>\n<p style=\"text-align: justify;\">G\u00f6n\u00fcl ferman dinlemez tamam ama, 18 ayl\u0131k bebe\u011fi olan evli gen\u00e7 kad\u0131n da, daha o gece tan\u0131\u015ft\u0131\u011f\u0131 erke\u011fin evine ko\u015fmaz..<\/p>\n<p style=\"text-align: justify;\">Bunu bana kimse kabul ettiremez. Ben mahalle bask\u0131s\u0131ndan da korkmam. Kafam\u0131 kesseler d\u00fc\u015f\u00fcnd\u00fc\u011f\u00fcm\u00fc s\u00f6ylerim..<\/p>\n<p style=\"text-align: justify;\">Defne bo\u015fanma karar\u0131 alm\u0131\u015f m\u0131?. Mahkemeye ba\u015f vurmu\u015f mu?. Evini ay\u0131rm\u0131\u015f m\u0131?. Ayr\u0131 m\u0131 ya\u015f\u0131yor e\u015finden, bebe\u011finden..<\/p>\n<p style=\"text-align: justify;\">Bilmiyorum.. O konuda sat\u0131r okumad\u0131m, ne \u00f6ncesinde magazin sayfalar\u0131nda. Ne de \u00f6l\u00fcm\u00fc sonras\u0131 haberlerde ve yorumlarda..<\/p>\n<p style=\"text-align: justify;\">Yani..<\/p>\n<p style=\"text-align: justify;\">Ortada \u00e7ok a\u00e7\u0131k, \u00e7ok se\u00e7ik bir &#8220;\u0130hanet&#8221; var.. Hem de a\u015fk aldatmas\u0131 bile de\u011fil. Bir gecelik macera\/ One night stand i\u00e7in, aldat\u0131lan bir koca ve unutulan bir bebek..<\/p>\n<p style=\"text-align: justify;\">\u00d6lm\u00fc\u015f.. Allah rahmet eylesin..<\/p>\n<p style=\"text-align: justify;\">Ama b\u00f6yle bir insana, \u00f6ld\u00fc diye sayg\u0131 duymam\u0131 kimse benden beklemesin..<\/p>\n<p style=\"text-align: justify;\">Kimse de, onu Azize ilan ederek, gen\u00e7li\u011fin \u00f6n\u00fcne &#8220;Rol model&#8221; diye koymaya kalkmas\u0131n..<\/p>\n<p style=\"text-align: justify;\">Defne Joy Foster&#8217;in \u00f6l\u00fcm sebebi bilinmiyor..<\/p>\n<p style=\"text-align: justify;\">Ast\u0131m hastas\u0131ym\u0131\u015f. Fena halde sarho\u015fmu\u015f. Bilinen o.. Alkol m\u00fc?. Son zamanlarda zarar\u0131 bilimsel ara\u015ft\u0131rmalara konu olan, bir nevi doping, enerji i\u00e7eceklerinin a\u015f\u0131r\u0131 kullan\u0131lmas\u0131 m\u0131?. Uyu\u015fturucu mu?. 10 g\u00fcn i\u00e7inde Adli T\u0131p ger\u00e7e\u011fi a\u00e7\u0131klayacakm\u0131\u015f.. \u00d6\u011frenece\u011fiz.<\/p>\n<p style=\"text-align: justify;\">Ama benim g\u00f6r\u00fc\u015f\u00fcm de\u011fi\u015fmeyecek.<\/p>\n<p style=\"text-align: justify;\">Defne&#8217;nin \u00f6l\u00fcm\u00fc tipik bir &#8220;Su testisi, su yolunda k\u0131r\u0131ld\u0131&#8221; olay\u0131d\u0131r!..<\/p>\n<p style=\"text-align: justify;\"><a href=\"http:\/\/www.milliyet.com.tr\/hincal-uluc-un-defne-joy-yazisi-sanal-dunyada-kiyamet-kopartti\/turkiye\/sondakika\/04.02.2011\/1348240\/default.htm\" target=\"_blank\"><span style=\"color: #888888;\">Kaynak : Milliyet<\/span><\/a><\/p>\n","protected":false},"excerpt":{"rendered":"<p style=\"text-align: center;\">\n<p style=\"text-align: justify;\">&#8216;Kimse Defne&#8217;yi azize ilan etmesin!&#8217;<\/p>\n<p style=\"text-align: justify;\">H\u0131ncal Ulu\u00e7, Defne Joy Foster\u2019\u0131n ard\u0131ndan tart\u0131\u015f\u0131lacak bir yaz\u0131 kaleme ald\u0131. &#8220;Su testisi su yolunda k\u0131r\u0131ld\u0131&#8221; diyen Ulu\u00e7&#8217;a Radikal Yazar\u0131 Evrim S\u00fcmer, &#8220;Ulu\u00e7 aile dan\u0131\u015fmanl\u0131\u011f\u0131na m\u0131 soyundu ne!&#8221; diyerek cevap verdi.<\/p>\n<p style=\"text-align: justify;\">Sabah yazar\u0131 H\u0131ncal Ulu\u00e7, kendisini Defne Joy Foster&#8217;\u0131n e\u015finin yerine <\/p>\n","protected":false},"author":1,"featured_media":0,"comment_status":"open","ping_status":"closed","sticky":false,"template":"","format":"standard","meta":{"footnotes":""},"categories":[105],"tags":[],"class_list":["post-27722","post","type-post","status-publish","format-standard","hentry","category-gundem","odd"],"_links":{"self":[{"href":"http:\/\/www.korhanyilmaz.com\/index.php?rest_route=\/wp\/v2\/posts\/27722","targetHints":{"allow":["GET"]}}],"collection":[{"href":"http:\/\/www.korhanyilmaz.com\/index.php?rest_route=\/wp\/v2\/posts"}],"about":[{"href":"http:\/\/www.korhanyilmaz.com\/index.php?rest_route=\/wp\/v2\/types\/post"}],"author":[{"embeddable":true,"href":"http:\/\/www.korhanyilmaz.com\/index.php?rest_route=\/wp\/v2\/users\/1"}],"replies":[{"embeddable":true,"href":"http:\/\/www.korhanyilmaz.com\/index.php?rest_route=%2Fwp%2Fv2%2Fcomments&post=27722"}],"version-history":[{"count":0,"href":"http:\/\/www.korhanyilmaz.com\/index.php?rest_route=\/wp\/v2\/posts\/27722\/revisions"}],"wp:attachment":[{"href":"http:\/\/www.korhanyilmaz.com\/index.php?rest_route=%2Fwp%2Fv2%2Fmedia&parent=27722"}],"wp:term":[{"taxonomy":"category","embeddable":true,"href":"http:\/\/www.korhanyilmaz.com\/index.php?rest_route=%2Fwp%2Fv2%2Fcategories&post=27722"},{"taxonomy":"post_tag","embeddable":true,"href":"http:\/\/www.korhanyilmaz.com\/index.php?rest_route=%2Fwp%2Fv2%2Ftags&post=27722"}],"curies":[{"name":"wp","href":"https:\/\/api.w.org\/{rel}","templated":true}]}}