{"id":27715,"date":"2011-02-04T12:16:38","date_gmt":"2011-02-04T10:16:38","guid":{"rendered":"http:\/\/www.korhanyilmaz.com\/?p=27715"},"modified":"2011-02-04T12:16:38","modified_gmt":"2011-02-04T10:16:38","slug":"trt%e2%80%99de-saylan-skandali","status":"publish","type":"post","link":"http:\/\/www.korhanyilmaz.com\/?p=27715","title":{"rendered":"TRT\u2019de SAYLAN skandal\u0131"},"content":{"rendered":"<p style=\"text-align: center;\"><a href=\"http:\/\/www.korhanyilmaz.com\/wp-content\/uploads\/2011\/02\/099.jpg\"  class=\"lightview\"><img loading=\"lazy\" decoding=\"async\" class=\"aligncenter size-full wp-image-27716\" src=\"http:\/\/www.korhanyilmaz.com\/wp-content\/uploads\/2011\/02\/099.jpg\" alt=\"\" width=\"402\" height=\"255\" \/><\/a><\/p>\n<p style=\"text-align: justify;\">TRT\u2019de \u00c7YDD ile ilgili olarak yap\u0131lan program \u201cso\u011fuk sava\u015f\u201d propagandas\u0131na d\u00f6n\u00fc\u015ft\u00fc. Programda, \u00f6len eski dernek ba\u015fkan\u0131 Prof. T\u00fcrkan Saylan\u2019\u0131n \u201cba\u015f\u0131 \u00f6rt\u00fcl\u00fc \u00f6\u011frencilere hipnozla ba\u015f\u0131n\u0131 a\u00e7t\u0131rd\u0131\u011f\u0131, \u0130slam d\u00fc\u015fman\u0131 oldu\u011fu\u201d belirtildi ve bir\u00e7ok su\u00e7lama y\u00f6neltildi.<!--more--><\/p>\n<p style=\"text-align: justify;\">TRT\u2019nin en \u00e7ok izlenen kanallar\u0131ndan biri olan TRT Haber\u2019de yay\u0131nlanan \u201cB\u00fcy\u00fck Takip\u201d isimli haber program\u0131nda \u00c7a\u011fda\u015f Ya\u015fam\u0131 Destekleme Derne\u011fi (\u00c7YDD) ile ilgili tek tarafl\u0131 iddialara yer verildi. Derne\u011fin b\u00f6l\u00fcc\u00fcl\u00fck faaliyetlerinde bulundu\u011fu \u00f6ne s\u00fcr\u00fclen programda, \u00f6nceki y\u0131l hayat\u0131n\u0131 kaybeden dernek ba\u015fkan\u0131 T\u00fcrkan Saylan\u2019\u0131n \u201c\u0130stanbul \u00dcniversitesi\u2019ndeki ba\u015f\u0131 \u00f6rt\u00fcl\u00fc \u00f6\u011frencilere hipnoz yaparak ba\u015f\u0131n\u0131 a\u00e7t\u0131rd\u0131\u011f\u0131, Atat\u00fcrk\u00e7\u00fcl\u00fc\u011f\u00fc bir maske olarak kulland\u0131\u011f\u0131, \u0130slam d\u00fc\u015fman\u0131 oldu\u011fu\u201d iddia edildi.<\/p>\n<p style=\"text-align: justify;\"><strong>Tek tarafl\u0131 iddialar<\/strong><\/p>\n<p style=\"text-align: justify;\">\u2018B\u00fcy\u00fck Takip\u2019in \u00c7YDD ve \u00c7a\u011fda\u015f E\u011fitim Vakf\u0131\u2019n\u0131 konu alan belgeseli 14 Ocak saat 20.30\u2019da yay\u0131nland\u0131. Yakla\u015f\u0131k 40 dakika s\u00fcren program boyunca, \u00c7YDD ile \u00c7EV ile ilgili tarafl\u0131 iddialara yer verildi. Programda \u015fu yorumlarda bulunuldu:<\/p>\n<p style=\"text-align: justify;\">&#8211;  \u201cBu iki kurulu\u015f y\u0131llarca toplumun \u00f6nde gelen isimleri taraf\u0131ndan korunup kolland\u0131. Her t\u00fcrl\u00fc \u00f6vg\u00fc ve deste\u011fe mazhar k\u0131l\u0131nd\u0131. Taki Ergenekon kapsam\u0131nda yap\u0131lan bask\u0131nlara kadar. 18 Mart\u2019ta duru\u015fma yap\u0131lmas\u0131na karar verildi.<\/p>\n<p style=\"text-align: justify;\">&#8211;  E\u011fitimin yan\u0131nda her \u015fey yap\u0131l\u0131yordu. Baz\u0131 medya organlar\u0131n\u0131n \u00e7izdi\u011fi resim, di\u011fer tarafta savc\u0131lar\u0131n \u00e7izdi\u011fi resim.<\/p>\n<p style=\"text-align: justify;\">&#8211;  \u0130ddinamede, \u00c7YDD\u2019nin burs verdikleri aras\u0131nda PKK, DHKP-C gibi yasa d\u0131\u015f\u0131 \u00f6rg\u00fctlere mensup olanlar\u0131n bulunmas\u0131, \u00f6zellikle k\u0131z \u00f6\u011frenciler kullan\u0131larak askeri okullara s\u0131zma faaliyet y\u00fcr\u00fct\u00fclmesi, t\u00fcm bunlar i\u00e7in yurtd\u0131\u015f\u0131ndan y\u00fckl\u00fc miktarda paralar aktar\u0131lmas\u0131, telefon konu\u015fmalar\u0131na \u015fok ifadelerin yans\u0131mas\u0131 gibi bilgiler yer ald\u0131.<\/p>\n<p style=\"text-align: justify;\">&#8211;  Ergenekon\u2019da h\u00fccre tipi sivil toplum kurulu\u015flar\u0131 var. Savc\u0131lar, bu h\u00fccreler aras\u0131nda \u00c7YDD\u2019nin oldu\u011funu iddia ediyor. \u00d6rg\u00fctsel i\u00e7erikli g\u00f6r\u00fc\u015fmeler yap\u0131ld\u0131\u011f\u0131 aktar\u0131l\u0131yor, \u00e7arp\u0131c\u0131 foto\u011fraflar delil klas\u00f6r\u00fcnde yer al\u0131yor. Saylan, Ergenekon san\u0131klar\u0131yla yan yana&#8230;<\/p>\n<p style=\"text-align: justify;\"><strong>\u2018Leyla ad\u0131n\u0131 ald\u0131\u2019<\/strong><\/p>\n<p style=\"text-align: justify;\">&#8211;  T\u00fcrkiye \u00c7YDD hakk\u0131ndaki farkl\u0131 bilgilerden 4 y\u0131l \u00f6nce M\u0130T taraf\u0131ndan 5 y\u0131l \u00f6nce \u00dcsk\u00fcdar 4. Asliye Hukuk Mahkemesi\u2019ne g\u00f6nderilen bir yaz\u0131yla haberdar oldu. \u00dcsk\u00fcdar Gazetesi Sahibi Adnan Odaba\u015f\u0131\u2019n\u0131n g\u00fcndeme getirdi\u011fi misyonerlik iddialar\u0131 kar\u015f\u0131s\u0131nda derneklerin a\u00e7t\u0131\u011f\u0131 davalar\u0131n karar\u0131n\u0131 bu belge belirledi. O belgede Saylan hakk\u0131nda yap\u0131lan incelemede o g\u00fcne kadar kimsenin bilmedi\u011fi bir kimli\u011fi ortaya \u00e7\u0131kt\u0131. Prof. Saylan hakk\u0131nda yap\u0131lan a\u00e7\u0131klamada annesinin \u0130ngiltere do\u011fumlu oldu\u011fu, Katolik Hristiyan oldu\u011fu, 1936\u2019da Leyla ad\u0131n\u0131 ald\u0131\u011f\u0131, D\u00fcnya Kilisiler Birli\u011fi ile ortakla\u015fa \u00e7al\u0131\u015ft\u0131\u011f\u0131 anlat\u0131l\u0131yordu.\u201d<\/p>\n<p style=\"text-align: justify;\"><strong>Dernekten su\u00e7 duyurusu<\/strong><\/p>\n<p style=\"text-align: justify;\">\u00c7YDD Ba\u015fkan\u0131 ve eski Adalet Bakan\u0131 Prof. Dr. Aysel \u00c7elikel, programda yer alan iddialar kar\u015f\u0131s\u0131nda yarg\u0131 yoluna gitmeye karar verdiklerini a\u00e7\u0131klad\u0131. Dernek, TRT aleyhine \u00f6n\u00fcm\u00fczdeki haftaba\u015f\u0131nda su\u00e7 duyurusunda bulunacak. Dernek y\u00f6neticileri, programda ad\u0131 ge\u00e7en Adem Zencir diye birinin asla dernekte \u00e7al\u0131\u015fmad\u0131\u011f\u0131n\u0131 ve t\u00fcm iddialar\u0131n as\u0131ls\u0131z oldu\u011funu, program\u0131n TRT\u2019de yay\u0131nlanmas\u0131na ak\u0131l erdiremediklerini s\u00f6yledi.<\/p>\n<p style=\"text-align: justify;\"><strong>\u0130NANILMAZ \u0130DD\u0130ALAR<\/strong><\/p>\n<p style=\"text-align: justify;\"><strong>\u2018Hipnoz yap\u0131yor\u2019<\/strong><\/p>\n<p style=\"text-align: justify;\">Programdaki r\u00f6portajlarda dile getirilen iddialar ise \u015f\u00f6yle:<\/p>\n<p style=\"text-align: justify;\">&#8211;  Adnan Odaba\u015f (\u00dcsk\u00fcdar Gazetesi sahibi): \u201cBu insanlar Atat\u00fcrk\u2019\u00fc kalkan yaparak b\u00f6l\u00fcc\u00fcl\u00fck yapt\u0131lar.\u201d<\/p>\n<p style=\"text-align: justify;\">&#8211;  Y\u0131lmaz Dikba\u015f (Ara\u015ft\u0131rmac\u0131): \u201cFakir, i\u015fsiz \u00e7ocuklara T\u00fcrk tarihine, T\u00fcrk geleneklerine, T\u00fcrk karakterine ters bir e\u011fitim verdiler. T\u00fcrkan Saylan bir Atat\u00fcrk\u00e7\u00fc de\u011fildir.\u201d<\/p>\n<p style=\"text-align: justify;\">&#8211;  Adem Zencir (G\u00fcvenilir \u00f6\u011frenci olarak Saylan\u2019\u0131n en yak\u0131n\u0131na kadar y\u00fckselmi\u015f bir isim oldu\u011fu, dernekte \u00e7al\u0131\u015ft\u0131\u011f\u0131, ancak imam hatip k\u00f6kenli oldu\u011fu anla\u015f\u0131l\u0131nca kovuldu\u011fu iddia edilen ki\u015fi): \u201cT\u00fcrk devletine, T\u00fcrk askerine ne kadar d\u00fc\u015fman varsa, onlara \u00fc\u00e7 kat\u0131 para verirlerdi. Deniz Y\u0131ld\u0131zlar\u0131 diye bir programlar\u0131 vard\u0131. Bu seminerlerin i\u00e7eri\u011fi \u0130slam d\u00fc\u015fman\u0131. Ma\u011fdur K\u00fcrt k\u0131zlar\u0131yla, askeri okuldaki bozulmayan \u00e7ocuklar\u0131 sosyal temasa ge\u00e7irmek, bat\u0131 felsefesiyle yeti\u015ftirmek ama\u00e7l\u0131 yap\u0131lan sosyal aktivitelerdi. Saf k\u0131zlar\u0131, yoksul k\u0131zlar\u0131 kona\u011fa al\u0131r, hipnoz yapard\u0131. Ve bunu T\u00fcrkan Saylan yapard\u0131 ve ruh ikizi Kemal Alemdaro\u011flu yapard\u0131.\u201d<\/p>\n<p style=\"text-align: justify;\">Programda CHP eski MYK \u00dcyesi Savc\u0131 Sayan, milletvekili Mehmet Sevigen ve gazeteci Aziz \u00dcstel\u2019in de yorumlar\u0131na yer verildi.<\/p>\n<p style=\"text-align: justify;\"><a href=\"http:\/\/www.milliyet.com.tr\/trt-de-saylan-skandali\/guncel\/haberdetay\/04.02.2011\/1347920\/default.htm\" target=\"_blank\"><span style=\"color: #888888;\">Kaynak : \u015e\u00fckran Pakkan &#8211;\u00a0 Milliyet<\/span><\/a><\/p>\n","protected":false},"excerpt":{"rendered":"<p style=\"text-align: center;\">\n<p style=\"text-align: justify;\">TRT\u2019de \u00c7YDD ile ilgili olarak yap\u0131lan program \u201cso\u011fuk sava\u015f\u201d propagandas\u0131na d\u00f6n\u00fc\u015ft\u00fc. Programda, \u00f6len eski dernek ba\u015fkan\u0131 Prof. T\u00fcrkan Saylan\u2019\u0131n \u201cba\u015f\u0131 \u00f6rt\u00fcl\u00fc \u00f6\u011frencilere hipnozla ba\u015f\u0131n\u0131 a\u00e7t\u0131rd\u0131\u011f\u0131, \u0130slam d\u00fc\u015fman\u0131 oldu\u011fu\u201d belirtildi ve bir\u00e7ok su\u00e7lama y\u00f6neltildi.<\/p>\n","protected":false},"author":1,"featured_media":0,"comment_status":"open","ping_status":"closed","sticky":false,"template":"","format":"standard","meta":{"footnotes":""},"categories":[105],"tags":[],"class_list":["post-27715","post","type-post","status-publish","format-standard","hentry","category-gundem","odd"],"_links":{"self":[{"href":"http:\/\/www.korhanyilmaz.com\/index.php?rest_route=\/wp\/v2\/posts\/27715","targetHints":{"allow":["GET"]}}],"collection":[{"href":"http:\/\/www.korhanyilmaz.com\/index.php?rest_route=\/wp\/v2\/posts"}],"about":[{"href":"http:\/\/www.korhanyilmaz.com\/index.php?rest_route=\/wp\/v2\/types\/post"}],"author":[{"embeddable":true,"href":"http:\/\/www.korhanyilmaz.com\/index.php?rest_route=\/wp\/v2\/users\/1"}],"replies":[{"embeddable":true,"href":"http:\/\/www.korhanyilmaz.com\/index.php?rest_route=%2Fwp%2Fv2%2Fcomments&post=27715"}],"version-history":[{"count":0,"href":"http:\/\/www.korhanyilmaz.com\/index.php?rest_route=\/wp\/v2\/posts\/27715\/revisions"}],"wp:attachment":[{"href":"http:\/\/www.korhanyilmaz.com\/index.php?rest_route=%2Fwp%2Fv2%2Fmedia&parent=27715"}],"wp:term":[{"taxonomy":"category","embeddable":true,"href":"http:\/\/www.korhanyilmaz.com\/index.php?rest_route=%2Fwp%2Fv2%2Fcategories&post=27715"},{"taxonomy":"post_tag","embeddable":true,"href":"http:\/\/www.korhanyilmaz.com\/index.php?rest_route=%2Fwp%2Fv2%2Ftags&post=27715"}],"curies":[{"name":"wp","href":"https:\/\/api.w.org\/{rel}","templated":true}]}}