{"id":27711,"date":"2011-02-04T16:29:50","date_gmt":"2011-02-04T14:29:50","guid":{"rendered":"http:\/\/www.korhanyilmaz.com\/?p=27711"},"modified":"2011-02-04T16:29:50","modified_gmt":"2011-02-04T14:29:50","slug":"basbakan-erdoganin-aciklamalari-uzuntusunden-kaynaklaniyor","status":"publish","type":"post","link":"http:\/\/www.korhanyilmaz.com\/?p=27711","title":{"rendered":"&#8220;Ba\u015fbakan Erdo\u011fan&#8217;\u0131n a\u00e7\u0131klamalar\u0131 \u00fcz\u00fcnt\u00fcs\u00fcnden kaynaklan\u0131yor&#8221;"},"content":{"rendered":"<p style=\"text-align: center;\">\n<div id=\"attachment_27712\" style=\"width: 330px\" class=\"wp-caption aligncenter\"><a href=\"http:\/\/www.korhanyilmaz.com\/wp-content\/uploads\/2011\/02\/098.jpg\"  class=\"lightview\"><img loading=\"lazy\" decoding=\"async\" aria-describedby=\"caption-attachment-27712\" class=\"size-full wp-image-27712 \" src=\"http:\/\/www.korhanyilmaz.com\/wp-content\/uploads\/2011\/02\/098.jpg\" alt=\"\" width=\"320\" height=\"240\" \/><\/a><p id=\"caption-attachment-27712\" class=\"wp-caption-text\">KKTC Ba\u015fbakan\u0131 \u0130rsen K\u00fc\u00e7\u00fck<\/p><\/div>\n<p>KKTC Ba\u015fbakan\u0131 \u0130rsen K\u00fc\u00e7\u00fck, Ba\u015fbakan Recep Tayyip Erdo\u011fan\u2019\u0131n 28 Ocakta Lefko\u015fa\u2019da d\u00fczenlenen bir mitingde T\u00fcrkiye aleyhine a\u00e7\u0131lan pankartlara tepkisiyle ilgili olarak, &#8220;Say\u0131n Erdo\u011fan\u2019\u0131n olaya ili\u015fkin de\u011ferlendirmelerinin, duydu\u011fu derin \u00fcz\u00fcnt\u00fcden kaynakland\u0131\u011f\u0131 g\u00f6r\u00fclmektedir&#8221; dedi. <!--more--><\/p>\n<p style=\"text-align: justify;\">KKTC Ba\u015fbakan\u0131 K\u00fc\u00e7\u00fck, yapt\u0131\u011f\u0131 yaz\u0131l\u0131 a\u00e7\u0131klamada, &#8220;hangi boyutta olursa olsun, nereden g\u00fc\u00e7 al\u0131rsa als\u0131n hi\u00e7bir giri\u015fimin, K\u0131br\u0131s T\u00fcrk halk\u0131n\u0131 Anavatan T\u00fcrkiye\u2019sinden ay\u0131ramayaca\u011f\u0131n\u0131&#8221; ve &#8220;KKTC olarak Anavatan T\u00fcrkiye ve onun h\u00fck\u00fcmetleriyle ayd\u0131nl\u0131k g\u00fcnlere y\u00fcr\u00fcy\u00fc\u015flerini el ele ve kararl\u0131l\u0131kla s\u00fcrd\u00fcreceklerini&#8221; ifadelerine yer verdi.<\/p>\n<p style=\"text-align: justify;\">Ba\u015fbakan K\u00fc\u00e7\u00fck, a\u00e7\u0131klamas\u0131nda \u015funlar\u0131 kaydetti: &#8220;Son g\u00fcnlerde ayr\u0131lmaz par\u00e7as\u0131 oldu\u011fumuz Anavatan T\u00fcrkiye ve onun de\u011ferleriyle aram\u0131z\u0131n bozulmas\u0131 gayretlerinin h\u0131zland\u0131r\u0131ld\u0131\u011f\u0131na her f\u0131rsatta dikkati \u00e7ekmi\u015f, uyar\u0131larda bulunmu\u015ftuk.<\/p>\n<p style=\"text-align: justify;\">Tarihimiz boyunca her t\u00fcrl\u00fc maddi ve manevi deste\u011fi esirgemeyen T\u00fcrkiye\u2019miz i\u00e7in 28 Ocak tarihinde ger\u00e7ekle\u015ftirilen eylemde s\u00f6ylenenleri, a\u00e7\u0131lan pankartlar\u0131, G\u00fcney K\u0131br\u0131s\u2019tan davet edilenler huzurunda at\u0131lan sloganlar\u0131 t\u00fcm K\u0131br\u0131s T\u00fcrk\u00fcne mal etmemekle birlikte, kabul etmek m\u00fcmk\u00fcn de\u011fildir. T\u00fcrkiye\u2019miz bunu hak etmemi\u015ftir.<\/p>\n<p style=\"text-align: justify;\">Anavatan T\u00fcrkiye Cumhuriyeti Ba\u015fbakan\u0131 Say\u0131n Recep Tayyip Erdo\u011fan\u2019\u0131n, olaya ili\u015fkin de\u011ferlendirmelerinin de duydu\u011fu derin \u00fcz\u00fcnt\u00fcden kaynakland\u0131\u011f\u0131 g\u00f6r\u00fclmektedir.<\/p>\n<p style=\"text-align: justify;\">Bilinmelidir ki hangi boyutta olursa olsun, nereden g\u00fc\u00e7 al\u0131rsa als\u0131n hi\u00e7bir giri\u015fim, K\u0131br\u0131s T\u00fcrk halk\u0131n\u0131 Anavatan T\u00fcrkiye\u2019sinden ay\u0131ramaz. H\u00fck\u00fcmet olarak \u00fczerimize d\u00fc\u015feni yapmaktan ka\u00e7\u0131nmayaca\u011f\u0131m\u0131z\u0131 bir kez daha vurgular\u0131z.<\/p>\n<p style=\"text-align: justify;\">Kuzey K\u0131br\u0131s T\u00fcrk Cumhuriyeti olarak, Anavatan T\u00fcrkiye ve onun h\u00fck\u00fcmetleriyle ayd\u0131nl\u0131k g\u00fcnlere y\u00fcr\u00fcy\u00fc\u015f\u00fcm\u00fcz\u00fc el ele ve kararl\u0131l\u0131kla s\u00fcrd\u00fcrece\u011fiz.<\/p>\n<p style=\"text-align: justify;\">K\u0131br\u0131s T\u00fcrk\u00fc, Toplum Lideri Dr. Faz\u0131l K\u00fc\u00e7\u00fck\u2019\u00fcn bu s\u00f6zlerini hi\u00e7 unutmam\u0131\u015ft\u0131r ve unutmayacakt\u0131r: Kendimize inanarak, Anavatan T\u00fcrkiye\u2019ye g\u00fcvenerek hakl\u0131 m\u00fccadelemiz mutlaka mutlu sona ula\u015facakt\u0131r.&#8221;<\/p>\n<p style=\"text-align: justify;\"><strong>RAUF DENKTA\u015e\u2019IN A\u00c7IKLAMASI <\/strong><\/p>\n<p style=\"text-align: justify;\">\u00d6te yandan, KKTC\u2019nin 1. Cumhurba\u015fkan\u0131 Rauf Denkta\u015f da konuya ili\u015fkin bir a\u00e7\u0131klama yapt\u0131.<\/p>\n<p style=\"text-align: justify;\">Denkta\u015f\u2019\u0131n, KKTC\u2019deki www.kibrissondakika.com haber sitesine yapt\u0131\u011f\u0131 yaz\u0131l\u0131 a\u00e7\u0131klama \u015f\u00f6yle: &#8220;Say\u0131n Ba\u015fbakan\u2019\u0131 hakl\u0131 olarak \u00f6fkelendiren terbiyesizli\u011fi ve sorumsuzlu\u011fu b\u00fct\u00fcn al\u0131nan tedbirlere ra\u011fmen icra etmi\u015f olan, provokat\u00f6r ki\u015filer ve bunlar\u0131n \u00f6rg\u00fctleri se\u00e7imlerde y\u00fczde 1\u2019in alt\u0131nda oy alan ki\u015filerdir.<\/p>\n<p style=\"text-align: justify;\">Bunlar\u0131n yapt\u0131klar\u0131 Anavatana y\u00fcrekten ba\u011fl\u0131, m\u00fc\u015fterek milli dava i\u00e7in, 47 y\u0131ld\u0131r direnen K\u0131br\u0131s T\u00fcrk halk\u0131n\u0131 da \u00fczmekte ve kan\u0131m\u0131z\u0131 dondurmaktad\u0131r.<\/p>\n<p style=\"text-align: justify;\">Bunlar\u0131n yapt\u0131klar\u0131n\u0131 b\u00fct\u00fcn K\u0131br\u0131s T\u00fcrk halk\u0131na mal etmek bizi \u00e7ok \u00fczm\u00fc\u015ft\u00fcr.<\/p>\n<p style=\"text-align: justify;\">K\u0131br\u0131s T\u00fcrk\u00fc Anavatans\u0131z var olmayaca\u011f\u0131n\u0131n bilinci i\u00e7indedir. (Rum lider Dimitris) Hristofyas, siyasetinin ve hedefinin T\u00fcrkiye\u2019yi adadan \u00e7\u0131karmak, K\u0131br\u0131s T\u00fcrklerinin Anavatan ile ba\u011flar\u0131n\u0131 koparmak oldu\u011funu a\u00e7\u0131klam\u0131\u015ft\u0131r.<\/p>\n<p style=\"text-align: justify;\">Halk\u0131n hissiyat\u0131n\u0131, hi\u00e7bir \u015fekilde temsil etmeyen bu yar\u0131 bu\u00e7uk insanlar\u0131n yapt\u0131klar\u0131, Hristofyas\u2019a hizmetten ba\u015fka bir i\u015fe yaramaz. Dolay\u0131s\u0131 ile bunlar\u0131n yapt\u0131klar\u0131n\u0131, ayr\u0131lmaz ve kopmaz bir par\u00e7as\u0131 olmakla iftihar etti\u011fimiz T\u00fcrk ulusuna, K\u0131br\u0131s T\u00fcrk\u00fcn\u00fcn d\u00fc\u015f\u00fcncesi ve siyaseti olarak takdim etmek hepimizi derinden \u00fczm\u00fc\u015ft\u00fcr. K\u0131br\u0131s T\u00fcrk\u00fc kahir bir \u00e7o\u011funlukla devletine, egemenli\u011fine T\u00fcrkiye Cumhuriyeti\u2019nin K\u0131br\u0131s \u00fczerindeki haklar\u0131na sahip \u00e7\u0131kmak i\u00e7in 47 y\u0131ld\u0131r m\u00fccadele eden bir halkt\u0131r. Anavatan her halde bu ger\u00e7e\u011fi bilmektedir ve baz\u0131 soysuzlar\u0131n yapt\u0131klar\u0131 nedeniyle K\u0131br\u0131s T\u00fcrk\u00fcne g\u00fccenmeyi ak\u0131llar\u0131ndan ge\u00e7irmeyecektir.&#8221;<\/p>\n<p style=\"text-align: justify;\"><a href=\"http:\/\/www.milliyet.com.tr\/-basbakan-erdogan-in-aciklamalari-uzuntusunden-kaynaklaniyor-\/dunya\/sondakika\/04.02.2011\/1348301\/default.htm\" target=\"_blank\"><span style=\"color: #888888;\">Kaynak : Milliyet<\/span><\/a><\/p>\n","protected":false},"excerpt":{"rendered":"<p style=\"text-align: center;\">\n<p id=\"caption-attachment-27712\" class=\"wp-caption-text\">KKTC Ba\u015fbakan\u0131 \u0130rsen K\u00fc\u00e7\u00fck<\/p>\n<p>KKTC Ba\u015fbakan\u0131 \u0130rsen K\u00fc\u00e7\u00fck, Ba\u015fbakan Recep Tayyip Erdo\u011fan\u2019\u0131n 28 Ocakta Lefko\u015fa\u2019da d\u00fczenlenen bir mitingde T\u00fcrkiye aleyhine a\u00e7\u0131lan pankartlara tepkisiyle ilgili olarak, &#8220;Say\u0131n Erdo\u011fan\u2019\u0131n olaya ili\u015fkin de\u011ferlendirmelerinin, duydu\u011fu derin \u00fcz\u00fcnt\u00fcden kaynakland\u0131\u011f\u0131 g\u00f6r\u00fclmektedir&#8221; dedi. <\/p>\n","protected":false},"author":1,"featured_media":0,"comment_status":"open","ping_status":"closed","sticky":false,"template":"","format":"standard","meta":{"footnotes":""},"categories":[105],"tags":[],"class_list":["post-27711","post","type-post","status-publish","format-standard","hentry","category-gundem","odd"],"_links":{"self":[{"href":"http:\/\/www.korhanyilmaz.com\/index.php?rest_route=\/wp\/v2\/posts\/27711","targetHints":{"allow":["GET"]}}],"collection":[{"href":"http:\/\/www.korhanyilmaz.com\/index.php?rest_route=\/wp\/v2\/posts"}],"about":[{"href":"http:\/\/www.korhanyilmaz.com\/index.php?rest_route=\/wp\/v2\/types\/post"}],"author":[{"embeddable":true,"href":"http:\/\/www.korhanyilmaz.com\/index.php?rest_route=\/wp\/v2\/users\/1"}],"replies":[{"embeddable":true,"href":"http:\/\/www.korhanyilmaz.com\/index.php?rest_route=%2Fwp%2Fv2%2Fcomments&post=27711"}],"version-history":[{"count":0,"href":"http:\/\/www.korhanyilmaz.com\/index.php?rest_route=\/wp\/v2\/posts\/27711\/revisions"}],"wp:attachment":[{"href":"http:\/\/www.korhanyilmaz.com\/index.php?rest_route=%2Fwp%2Fv2%2Fmedia&parent=27711"}],"wp:term":[{"taxonomy":"category","embeddable":true,"href":"http:\/\/www.korhanyilmaz.com\/index.php?rest_route=%2Fwp%2Fv2%2Fcategories&post=27711"},{"taxonomy":"post_tag","embeddable":true,"href":"http:\/\/www.korhanyilmaz.com\/index.php?rest_route=%2Fwp%2Fv2%2Ftags&post=27711"}],"curies":[{"name":"wp","href":"https:\/\/api.w.org\/{rel}","templated":true}]}}