{"id":27707,"date":"2011-02-04T12:53:51","date_gmt":"2011-02-04T10:53:51","guid":{"rendered":"http:\/\/www.korhanyilmaz.com\/?p=27707"},"modified":"2011-02-04T12:53:51","modified_gmt":"2011-02-04T10:53:51","slug":"gerceker-siyasi-entrikalar-tezgahlaniyor","status":"publish","type":"post","link":"http:\/\/www.korhanyilmaz.com\/?p=27707","title":{"rendered":"Ger\u00e7eker: Siyasi entrikalar tezgahlan\u0131yor"},"content":{"rendered":"<p style=\"text-align: center;\"><a href=\"http:\/\/www.korhanyilmaz.com\/wp-content\/uploads\/2011\/02\/097.jpg\"  class=\"lightview\"><img loading=\"lazy\" decoding=\"async\" class=\"aligncenter size-full wp-image-27708\" src=\"http:\/\/www.korhanyilmaz.com\/wp-content\/uploads\/2011\/02\/097.jpg\" alt=\"\" width=\"420\" height=\"210\" \/><\/a><\/p>\n<p style=\"text-align: justify;\">YARGITAY Ba\u015fkan\u0131 Hasan Ger\u00e7eker, yarg\u0131n\u0131n siyasetin i\u00e7ine \u00e7ekilmek istendi\u011fini s\u00f6yledi. Yarg\u0131tay\u0131n i\u015f y\u00fck\u00fcn\u00fcn hafifletilmesine y\u00f6nelik yapt\u0131klar\u0131 \u00f6nerilere, h\u00fck\u00fcmetin siyasi d\u00fc\u015f\u00fcnceye a\u011f\u0131rl\u0131k veren yakla\u015f\u0131m g\u00f6sterdi\u011fini belirten Ger\u00e7eker, makam\u0131nda DHA muhabirine a\u00e7\u0131klamalarda bulundu. <!--more--><\/p>\n<p style=\"text-align: justify;\">Hukukun \u00fcst\u00fcnl\u00fc\u011f\u00fcne olan inan\u00e7la, her zaman yarg\u0131y\u0131 her t\u00fcrl\u00fc siyasetten uzak tutmaya \u00e7al\u0131\u015ft\u0131klar\u0131n\u0131 belirten Ger\u00e7eker \u015funlar\u0131 s\u00f6yledi:<\/p>\n<p style=\"text-align: justify;\">&#8220;Adalet Bakanl\u0131\u011f\u0131\u2019na, Yarg\u0131tay\u2019da i\u015flerin h\u0131z kazanmas\u0131 i\u00e7in \u0130stinat Mahkemeleri\u2019nin kurulmas\u0131 , hakim, savc\u0131 ve personel gereksinimi konusundaki g\u00f6r\u00fc\u015flerimizi bildirdik. Bu \u015fekildeki d\u00fc\u015f\u00fcncelerimizi Cumhurba\u015fkan\u0131 Abdullah G\u00fcl ve Ba\u015fbakan Recep Tayyip Erdo\u011fan ile de bir araya gelerek payla\u015ft\u0131k. Olumlu kar\u015f\u0131lad\u0131lar. Ancak h\u00fck\u00fcmetin, y\u00fcksek yarg\u0131n\u0131n sorunlar\u0131na \u00fcye ve daire say\u0131s\u0131n\u0131 artt\u0131rmaya y\u00f6nelik siayaset kokan bir yakla\u015f\u0131m g\u00f6stermesi son derece endi\u015fe verici bir durumdur.&#8221;<\/p>\n<p style=\"text-align: justify;\"><strong>\u2019Y\u00dcKSEK YARGI D\u0130KKATL\u0130 OLMALIDIR\u2019<\/strong><\/p>\n<p style=\"text-align: justify;\">Ba\u015fta Anayasa Mahkemesi olmak \u00fczere Yarg\u0131tay ve Dan\u0131\u015ftay gibi y\u00fcksek yarg\u0131 organlar\u0131 aras\u0131nda fikir ayr\u0131l\u0131\u011f\u0131 yarat\u0131lmak i\u00e7in siyasi entrikalar\u0131n tezgahland\u0131\u011f\u0131na de\u011finen Hasan Ger\u00e7eker, &#8220;Y\u00fcksek yarg\u0131n\u0131n \u00fczerinde s\u00fcper bir temyiz mahkemesinin olu\u015furulmas\u0131na y\u00f6nelik d\u00fc\u015f\u00fcnceler T\u00fcrkiye\u2019nin hukuk devleti imaj\u0131n\u0131 zedeler. Anayasaya ayk\u0131r\u0131 olan bu tarz d\u00fc\u015f\u00fcncelere Anayasa Mahkemesi \u00fcyelerinin son derece dikkatli davranmalar\u0131 gerekmektedir&#8221; dedi.<\/p>\n<p style=\"text-align: justify;\">Yarg\u0131n\u0131n, kimsenin tekelinde olmad\u0131\u011f\u0131n\u0131 kaydeden Yarg\u0131tay Ba\u015fkan\u0131 Hasan Ger\u00e7eker, birka\u00e7 ay sonra emekli olaca\u011f\u0131n\u0131 hat\u0131rlatarak, &#8220;\u015eahsi d\u00fc\u015f\u00fcncelerim hi\u00e7 \u00f6nemli de\u011fil. Bu makama gelecek arkada\u015f\u0131m\u0131z\u0131n da hukuk gere\u011fi ayn\u0131 h\u00fck\u00fcmleri yerine getirece\u011fine inan\u0131yorum. Siyasi kanaatleri ne olursa olsun, hi\u00e7 bir hakim ve savc\u0131 yarg\u0131n\u0131n siyasetin i\u00e7ine girmesini istemez&#8221; diye konu\u015ftu. Ger\u00e7eker, emekli olduktan sonra do\u011fum yeri olan \u00c7ubuk Karak\u00f6y\u2019de ge\u00e7en y\u0131l olu\u015fturulan Yarg\u0131tay orman\u0131ndaki \u00e7am fidanlar\u0131 ile vakit ge\u00e7irmek ii\u00e7in s\u0131k\u00e7a k\u00f6y\u00fcne gidece\u011fini s\u00f6yledi.<\/p>\n<p style=\"text-align: justify;\"><a href=\"http:\/\/haber.gazetevatan.com\/gerceker-siyasi-entrikalar-tezgahlaniyor\/357168\/1\/Gundem\" target=\"_blank\"><span style=\"color: #888888;\">Kaynak : VATAN<\/span><\/a><\/p>\n","protected":false},"excerpt":{"rendered":"<p style=\"text-align: center;\">\n<p style=\"text-align: justify;\">YARGITAY Ba\u015fkan\u0131 Hasan Ger\u00e7eker, yarg\u0131n\u0131n siyasetin i\u00e7ine \u00e7ekilmek istendi\u011fini s\u00f6yledi. Yarg\u0131tay\u0131n i\u015f y\u00fck\u00fcn\u00fcn hafifletilmesine y\u00f6nelik yapt\u0131klar\u0131 \u00f6nerilere, h\u00fck\u00fcmetin siyasi d\u00fc\u015f\u00fcnceye a\u011f\u0131rl\u0131k veren yakla\u015f\u0131m g\u00f6sterdi\u011fini belirten Ger\u00e7eker, makam\u0131nda DHA muhabirine a\u00e7\u0131klamalarda bulundu. <\/p>\n","protected":false},"author":1,"featured_media":0,"comment_status":"open","ping_status":"closed","sticky":false,"template":"","format":"standard","meta":{"footnotes":""},"categories":[105],"tags":[],"class_list":["post-27707","post","type-post","status-publish","format-standard","hentry","category-gundem","odd"],"_links":{"self":[{"href":"http:\/\/www.korhanyilmaz.com\/index.php?rest_route=\/wp\/v2\/posts\/27707","targetHints":{"allow":["GET"]}}],"collection":[{"href":"http:\/\/www.korhanyilmaz.com\/index.php?rest_route=\/wp\/v2\/posts"}],"about":[{"href":"http:\/\/www.korhanyilmaz.com\/index.php?rest_route=\/wp\/v2\/types\/post"}],"author":[{"embeddable":true,"href":"http:\/\/www.korhanyilmaz.com\/index.php?rest_route=\/wp\/v2\/users\/1"}],"replies":[{"embeddable":true,"href":"http:\/\/www.korhanyilmaz.com\/index.php?rest_route=%2Fwp%2Fv2%2Fcomments&post=27707"}],"version-history":[{"count":0,"href":"http:\/\/www.korhanyilmaz.com\/index.php?rest_route=\/wp\/v2\/posts\/27707\/revisions"}],"wp:attachment":[{"href":"http:\/\/www.korhanyilmaz.com\/index.php?rest_route=%2Fwp%2Fv2%2Fmedia&parent=27707"}],"wp:term":[{"taxonomy":"category","embeddable":true,"href":"http:\/\/www.korhanyilmaz.com\/index.php?rest_route=%2Fwp%2Fv2%2Fcategories&post=27707"},{"taxonomy":"post_tag","embeddable":true,"href":"http:\/\/www.korhanyilmaz.com\/index.php?rest_route=%2Fwp%2Fv2%2Ftags&post=27707"}],"curies":[{"name":"wp","href":"https:\/\/api.w.org\/{rel}","templated":true}]}}