{"id":27703,"date":"2011-02-04T15:49:25","date_gmt":"2011-02-04T13:49:25","guid":{"rendered":"http:\/\/www.korhanyilmaz.com\/?p=27703"},"modified":"2011-02-04T15:49:25","modified_gmt":"2011-02-04T13:49:25","slug":"arinctan-suikast-sorusturmasi-aciklamasi","status":"publish","type":"post","link":"http:\/\/www.korhanyilmaz.com\/?p=27703","title":{"rendered":"Ar\u0131n\u00e7&#8217;tan &#8216;suikast soru\u015fturmas\u0131&#8217; a\u00e7\u0131klamas\u0131"},"content":{"rendered":"<p style=\"text-align: justify;\"><a href=\"http:\/\/www.korhanyilmaz.com\/wp-content\/uploads\/2011\/02\/096.jpg\"  class=\"lightview\"><img loading=\"lazy\" decoding=\"async\" class=\"aligncenter size-full wp-image-27704\" src=\"http:\/\/www.korhanyilmaz.com\/wp-content\/uploads\/2011\/02\/096.jpg\" alt=\"\" width=\"292\" height=\"201\" \/><\/a><\/p>\n<p style=\"text-align: justify;\">Ba\u015fbakan Yard\u0131mc\u0131s\u0131 B\u00fclent Ar\u0131n\u00e7, kendisine y\u00f6nelik suikast iddialar\u0131 soru\u015fturmas\u0131yla ilgili, &#8220;Ya bir dava a\u00e7\u0131lmas\u0131 ya da bir olayla ilgili bir takipsizlik karar\u0131 verilmek suretiyle yarg\u0131 s\u00fcreci sonlanacakt\u0131r. Olay\u0131 d\u0131\u015far\u0131dan takip ediyorum. Savc\u0131l\u0131\u011f\u0131n veya hakimli\u011fin verece\u011fi kararlar \u015fu a\u015famada beni \u00e7ok fazla ilgilendirmiyor&#8221; dedi. <!--more--><\/p>\n<p style=\"text-align: justify;\">B\u00fclent Ar\u0131n\u00e7, Bas\u0131n Yay\u0131n Enformasyon Genel M\u00fcd\u00fcrl\u00fc\u011f\u00fc&#8217;n\u00fcn bir organizasyonuna kat\u0131lmak i\u00e7in bug\u00fcn Almanya&#8217;ya gitti.<\/p>\n<p style=\"text-align: justify;\">Almanya&#8217;ya hareketinden \u00f6nce Atat\u00fcrk Havaliman\u0131 V\u0130P Salonunda d\u00fczenledi\u011fi bas\u0131n toplant\u0131s\u0131nda, Ar\u0131n\u00e7 bas\u0131n mensuplar\u0131n\u0131n g\u00fcndeme ili\u015fkin sorular\u0131n\u0131 yan\u0131tlad\u0131.<\/p>\n<p style=\"text-align: justify;\"><strong>&#8220;\u0130nan\u0131yorum ki yak\u0131n zamanda yarg\u0131 s\u00fcreci bir \u015fekilde sonlanacakt\u0131r&#8221; <\/strong><\/p>\n<p style=\"text-align: justify;\">Ar\u0131n\u00e7, kendisine y\u00f6nelik suikast iddialar\u0131 soru\u015fturmas\u0131nda Genelkurmay Ba\u015fkanl\u0131\u011f\u0131&#8217;ndan yap\u0131lan a\u00e7\u0131klamayla ilgili g\u00f6r\u00fc\u015f\u00fcn\u00fcn sorulmas\u0131 \u00fczerine, Aral\u0131k 2009&#8217;dan bu yana kendisiyle ilgili oldu\u011fu s\u00f6ylenen bir olay\u0131n soru\u015fturma konusu oldu\u011funu hat\u0131rlatt\u0131 ve soru\u015fturmay\u0131 Ankara Cumhuriyet Ba\u015fsavc\u0131l\u0131\u011f\u0131&#8217;n\u0131n y\u00fcr\u00fctt\u00fc\u011f\u00fcn\u00fc, yarg\u0131 s\u00fcrecine m\u00fcdahil olmas\u0131n\u0131n s\u00f6z konusu olmad\u0131\u011f\u0131n\u0131 s\u00f6yledi.<\/p>\n<p style=\"text-align: justify;\">Bu yarg\u0131 s\u00fcrecinin sonlanmas\u0131n\u0131 kendisinin de istedi\u011fini dile getiren Ar\u0131n\u00e7, &#8220;Ya bir dava a\u00e7\u0131lmas\u0131 ya da bir olayla ilgili bir takipsizlik karar\u0131 verilmek suretiyle yarg\u0131 s\u00fcreci sonlanacakt\u0131r. Ben olay\u0131 sizler gibi d\u0131\u015far\u0131dan takip ediyorum. Savc\u0131l\u0131\u011f\u0131n veya hakimli\u011fin verece\u011fi kararlar \u015fu andaki a\u015famada beni \u00e7ok fazla ilgilendirmiyor&#8221; \u015feklinde konu\u015ftu.<\/p>\n<p style=\"text-align: justify;\">Ar\u0131n\u00e7, gazetelerde savc\u0131l\u0131\u011f\u0131n &#8220;Genelkurmay Ba\u015fkanl\u0131\u011f\u0131ndan istedi\u011fi bilgilerin g\u00f6nderilmedi\u011fine, hatta bunlar\u0131n devlet s\u0131rr\u0131 olarak nitelendirilip bu sebeple g\u00f6nderilmedi\u011fine y\u00f6nelik&#8221; haberlerin \u00e7\u0131kt\u0131\u011f\u0131n\u0131 an\u0131msatarak \u015funlar\u0131 kaydetti:<\/p>\n<p style=\"text-align: justify;\">&#8220;Bende sizler gibi okudum, daha sonra Genelkurmay Ba\u015fkanl\u0131\u011f\u0131 Ba\u015fsavc\u0131l\u0131\u011f\u0131n taleplerine zaman\u0131nda cevap verildi\u011fini, cevap verilmeyen bir konunun olmad\u0131\u011f\u0131n\u0131 ifade etti. Bu ne kadar do\u011frudur ne kadar yanl\u0131\u015ft\u0131r bilemem \u00e7\u00fcnk\u00fc \u00e7\u0131kan haberlerde bizim bir dahlimiz yok. Verilen cevapta da do\u011frusu say\u0131n savc\u0131l\u0131\u011f\u0131n yapt\u0131\u011f\u0131 soru\u015fturmayla ilgili oldu\u011funu d\u00fc\u015f\u00fcn\u00fcyorum. \u0130nan\u0131yorum ki yak\u0131n zamanda yarg\u0131 s\u00fcreci bir \u015fekilde sonlanacakt\u0131r.&#8221;<\/p>\n<p style=\"text-align: justify;\"><strong>M\u0131s\u0131r&#8217;daki olaylar <\/strong><\/p>\n<p style=\"text-align: justify;\">Bir siyaset\u00e7i olarak olaylar\u0131 takip etmenin sorumluluklar\u0131 oldu\u011funu d\u00fc\u015f\u00fcnd\u00fc\u011f\u00fcn\u00fc ifade eden Ar\u0131n\u00e7, bu konuda sal\u0131 g\u00fcn\u00fc Ba\u015fbakan Recep Tayyip Erdo\u011fan&#8217;\u0131n AK Parti Grup Toplant\u0131s\u0131nda yapt\u0131\u011f\u0131 konu\u015fman\u0131n hissiyatlar\u0131 oldu\u011funu s\u00f6yledi.<\/p>\n<p style=\"text-align: justify;\">Ba\u015fbakan&#8217;\u0131n o konu\u015fmas\u0131nda hem halka ili\u015fkin d\u00fc\u015f\u00fcnceler hem de y\u00f6netimleri ilgilendiren tavsiyeler, ikazlar ve d\u00fc\u015f\u00fcncelerin yer ald\u0131\u011f\u0131n\u0131, bu konu\u015fman\u0131n da doyurucu oldu\u011funu kaydetti.<\/p>\n<p style=\"text-align: justify;\">Ar\u0131n\u00e7, konu\u015fmas\u0131na \u015f\u00f6yle devam etti:<\/p>\n<p style=\"text-align: justify;\">&#8220;S\u00f6z konusu konu\u015fma ve d\u00fc\u015f\u00fcnceler \u00e7er\u00e7evesinde M\u0131s\u0131r&#8217;da her \u015feyin ola\u011fan \u015fartlar i\u00e7erisinde mala ve cana zarar gelmeyecek \u015fekilde, M\u0131s\u0131r&#8217;\u0131n k\u00fclt\u00fcrel miras\u0131na, dini mabetlere herhangi bir zarar vermeden, kimsenin burnu kanamadan sosyal hayat\u0131n ak\u0131\u015f\u0131 i\u00e7erisinde sonlanmas\u0131n\u0131 talep ediyoruz. \u00d6zg\u00fcrl\u00fckler demokratikle\u015fme halk\u0131n makul ve masum talepleri konusunda y\u00f6netimlerin \u00f6zverili olmalar\u0131 laz\u0131m. Do\u011fru ve isabetli kararlar vermeleri laz\u0131m. Bundan sadece M\u0131s\u0131r&#8217;\u0131n de\u011fil pek \u00e7ok \u00fclke y\u00f6netiminin de ders almas\u0131 gerekti\u011fini d\u00fc\u015f\u00fcn\u00fcyorum.<\/p>\n<p style=\"text-align: justify;\">Cuma, t\u00fcm M\u00fcsl\u00fcmanlar a\u00e7\u0131s\u0131ndan \u00e7ok \u00f6nemli bir g\u00fcnd\u00fcr. M\u0131s\u0131r&#8217;\u0131n inan\u00e7l\u0131 halk\u0131n\u0131n hangi inanca mensup olursa olsun b\u00f6ylesine kutsal bir g\u00fcnde kutsal bir vakitte kimseye zarar vermeden demokratik taleplerini ifade edeceklerini d\u00fc\u015f\u00fcn\u00fcyorum. Onlara kar\u015f\u0131 kolluk kuvvetlerinin ac\u0131mas\u0131z davranmamas\u0131n\u0131 onlara insani a\u00e7\u0131dan yakla\u015fmas\u0131n\u0131 ve an d\u00f6k\u00fclmemesini umut ediyorum&#8221;<\/p>\n<p style=\"text-align: justify;\"><strong>&#8220;K\u0131br\u0131sl\u0131lara mal edilmesi d\u00fc\u015f\u00fcn\u00fclemez&#8221; <\/strong><\/p>\n<p style=\"text-align: justify;\">Ar\u0131n\u00e7, bir gazetecinin KKTC&#8217;de d\u00fczenlenen bir miting de T\u00fcrkiye kar\u015f\u0131t\u0131 sloganlar\u0131n at\u0131ld\u0131\u011f\u0131n\u0131 hat\u0131rlatmas\u0131 \u00fczerine, \u015funlar\u0131 kaydetti:<\/p>\n<p style=\"text-align: justify;\">&#8220;K\u0131br\u0131s yavru vatand\u0131r K\u0131br\u0131s bizim bir par\u00e7am\u0131z. 1974&#8217;te Bar\u0131\u015f Harekat\u0131yla daha sonra 1983&#8217;te KKTC&#8217;nin ilan edilmesiyle yeni s\u00fcre\u00e7te de T\u00fcrkiye her zaman maddi ve manevi olarak KKTC&#8217;nin yan\u0131nda oldu. \u015eehitler verdik gazilerimiz var ve sadece 1974&#8217;te de\u011fil, 1950 ve 1960&#8217;l\u0131 y\u0131llardan bu yana K\u0131br\u0131s&#8217;ta ya\u015fayan soyda\u015flar\u0131m\u0131z\u0131n \u00e7ekti\u011fi ac\u0131lar\u0131 biliyoruz. Halen orada askerimiz var, halen T\u00fcrkiye Kuzey K\u0131br\u0131s&#8217;\u0131n kalk\u0131nmas\u0131na, yat\u0131r\u0131mlar\u0131na destek oluyor.<\/p>\n<p style=\"text-align: justify;\">B\u00fct\u00fcn bu ili\u015fkiler ortadayken sendikalar\u0131 temsil etti\u011fi s\u00f6ylenen insanlar\u0131n baz\u0131 haklardan mahrum kald\u0131klar\u0131n\u0131 ifade ederek, bunun sorumlusu olarak T\u00fcrkiye&#8217;yi g\u00f6stermeleri ay\u0131pt\u0131r, \u00e7irkindir, yanl\u0131\u015ft\u0131r.&#8221;<\/p>\n<p style=\"text-align: justify;\">Ar\u0131n\u00e7, KKTC&#8217;de ya\u015fayan 250 bin civar\u0131ndaki soyda\u015f\u0131n bu d\u00fc\u015f\u00fcnceleri payla\u015ft\u0131klar\u0131na inanmad\u0131\u011f\u0131n\u0131, bunlar\u0131 ifade eden ki\u015filerin yanl\u0131\u015f yapt\u0131klar\u0131n\u0131, ge\u00e7mi\u015fi bilmediklerini ve ge\u00e7mi\u015fte ya\u015fad\u0131klar\u0131n\u0131 d\u00fc\u015f\u00fcnmediklerini ifade ederek, bunlar\u0131n T\u00fcrkiye&#8217;nin fedakarl\u0131klar\u0131n\u0131 unuttu\u011funu s\u00f6yledi.<\/p>\n<p style=\"text-align: justify;\">Bunlar\u0131n ki\u015filerin g\u00f6zl\u00fckler takm\u0131\u015f insanlar olduklar\u0131n\u0131 belirten Ar\u0131n\u00e7, &#8220;Kendi rahatl\u0131klar\u0131 ve huzurlar\u0131n\u0131n hem muhafazas\u0131n\u0131 istiyorlar ve bir taraftan bunlar\u0131n ellerinden gidece\u011fini d\u00fc\u015f\u00fcnerek T\u00fcrkiye d\u00fc\u015fmanl\u0131k yap\u0131yorlar. Bu sendikalar\u0131 temsil eden bir ka\u00e7 ki\u015finin bu s\u00f6zleri b\u00fct\u00fcn K\u0131br\u0131sl\u0131lara mal edilmesi d\u00fc\u015f\u00fcn\u00fclemez. H\u00fck\u00fcmet mutlaka gerekli tedbirleri alacakt\u0131r. KKTC&#8217;nin h\u00fck\u00fcmeti, ba\u015fbakan\u0131 ve cumhurba\u015fkan\u0131yla T\u00fcrkiye Cumhuriyeti&#8217;nin h\u00fck\u00fcmeti \u00e7ok iyi ili\u015fkiler i\u00e7erisindedir. Bunlar ge\u00e7mi\u015fte de buna benzer sesler \u00e7\u0131karm\u0131\u015flard\u0131, ama K\u0131br\u0131sl\u0131lar\u0131n bu davran\u0131\u015flar\u0131n\u0131 benimsedi\u011fini s\u00f6yleyemeyiz&#8221; \u015feklinde konu\u015ftu.<\/p>\n<p style=\"text-align: justify;\">TRT&#8217;nin Anadolu Ajans\u0131nda yay\u0131nlanan bir foto\u011fraf nedeniyle ajansla olan aboneli\u011fini iptal etti\u011fini, bu konuda bilgisinin olup olmad\u0131\u011f\u0131 sorulan Ar\u0131n\u00e7, &#8220;Konu hakk\u0131nda bilgim yok. Bende sizin gibi duydum, ama ara\u015ft\u0131rma imkan\u0131 bulamad\u0131m&#8221; \u015feklinde yan\u0131t verdi.<\/p>\n<p style=\"text-align: justify;\"><a href=\"http:\/\/www.cnnturk.com\/2011\/turkiye\/02\/04\/arinctan.suikast.sorusturmasi.aciklamasi\/605732.0\/index.html\" target=\"_blank\"><span style=\"color: #888888;\">Kaynak : CNN T\u00dcRK<\/span><\/a><\/p>\n","protected":false},"excerpt":{"rendered":"<p style=\"text-align: justify;\">\n<p style=\"text-align: justify;\">Ba\u015fbakan Yard\u0131mc\u0131s\u0131 B\u00fclent Ar\u0131n\u00e7, kendisine y\u00f6nelik suikast iddialar\u0131 soru\u015fturmas\u0131yla ilgili, &#8220;Ya bir dava a\u00e7\u0131lmas\u0131 ya da bir olayla ilgili bir takipsizlik karar\u0131 verilmek suretiyle yarg\u0131 s\u00fcreci sonlanacakt\u0131r. Olay\u0131 d\u0131\u015far\u0131dan takip ediyorum. Savc\u0131l\u0131\u011f\u0131n veya hakimli\u011fin verece\u011fi kararlar \u015fu a\u015famada beni \u00e7ok fazla ilgilendirmiyor&#8221; dedi. <\/p>\n","protected":false},"author":1,"featured_media":0,"comment_status":"open","ping_status":"closed","sticky":false,"template":"","format":"standard","meta":{"footnotes":""},"categories":[105],"tags":[],"class_list":["post-27703","post","type-post","status-publish","format-standard","hentry","category-gundem","odd"],"_links":{"self":[{"href":"http:\/\/www.korhanyilmaz.com\/index.php?rest_route=\/wp\/v2\/posts\/27703","targetHints":{"allow":["GET"]}}],"collection":[{"href":"http:\/\/www.korhanyilmaz.com\/index.php?rest_route=\/wp\/v2\/posts"}],"about":[{"href":"http:\/\/www.korhanyilmaz.com\/index.php?rest_route=\/wp\/v2\/types\/post"}],"author":[{"embeddable":true,"href":"http:\/\/www.korhanyilmaz.com\/index.php?rest_route=\/wp\/v2\/users\/1"}],"replies":[{"embeddable":true,"href":"http:\/\/www.korhanyilmaz.com\/index.php?rest_route=%2Fwp%2Fv2%2Fcomments&post=27703"}],"version-history":[{"count":0,"href":"http:\/\/www.korhanyilmaz.com\/index.php?rest_route=\/wp\/v2\/posts\/27703\/revisions"}],"wp:attachment":[{"href":"http:\/\/www.korhanyilmaz.com\/index.php?rest_route=%2Fwp%2Fv2%2Fmedia&parent=27703"}],"wp:term":[{"taxonomy":"category","embeddable":true,"href":"http:\/\/www.korhanyilmaz.com\/index.php?rest_route=%2Fwp%2Fv2%2Fcategories&post=27703"},{"taxonomy":"post_tag","embeddable":true,"href":"http:\/\/www.korhanyilmaz.com\/index.php?rest_route=%2Fwp%2Fv2%2Ftags&post=27703"}],"curies":[{"name":"wp","href":"https:\/\/api.w.org\/{rel}","templated":true}]}}