{"id":27697,"date":"2011-02-04T15:43:31","date_gmt":"2011-02-04T13:43:31","guid":{"rendered":"http:\/\/www.korhanyilmaz.com\/?p=27697"},"modified":"2011-02-04T15:43:31","modified_gmt":"2011-02-04T13:43:31","slug":"kritik-cumada-taraflar-kiliclarini-cekti","status":"publish","type":"post","link":"http:\/\/www.korhanyilmaz.com\/?p=27697","title":{"rendered":"&#8216;Kritik Cuma&#8217;da taraflar k\u0131l\u0131\u00e7lar\u0131n\u0131 \u00e7ekti!.."},"content":{"rendered":"<p style=\"text-align: center;\"><a href=\"http:\/\/www.korhanyilmaz.com\/wp-content\/uploads\/2011\/02\/095.jpg\"  class=\"lightview\"><img loading=\"lazy\" decoding=\"async\" class=\"aligncenter size-full wp-image-27699\" src=\"http:\/\/www.korhanyilmaz.com\/wp-content\/uploads\/2011\/02\/095.jpg\" alt=\"\" width=\"346\" height=\"266\" \/><\/a><\/p>\n<p style=\"text-align: justify;\">M\u0131s\u0131r&#8217;da 1 milyonu a\u015fk\u0131n H\u00fcsn\u00fc M\u00fcbarek kar\u015f\u0131t\u0131 &#8220;Veda Cumas\u0131&#8221; i\u00e7in ba\u015fkent Kahire&#8217;deki Tahrir Meydan\u0131&#8217;n\u0131 doldurdu. Cuma namaz\u0131n\u0131n ard\u0131ndan g\u00f6stericiler y\u00fcr\u00fcy\u00fc\u015fe ge\u00e7ti. M\u00fcbarek yanda\u015flar\u0131n\u0131n da meydanda toplanmaya ba\u015fland\u0131\u011f\u0131, iki grup aras\u0131nda yer yer gerginlik ya\u015fand\u0131\u011f\u0131 belirtiliyor. Bu geli\u015fmeler s\u00fcrerken M\u00fcbarek&#8217;ten s\u00fcrpriz bir a\u00e7\u0131klama geldi. M\u00fcbarek, &#8220;Ben de b\u0131rakmak istiyorum, ama bu kaosu daha da art\u0131r\u0131r&#8221; dedi.<!--more--><\/p>\n<p style=\"text-align: justify;\">Bug\u00fcn\u00fc H\u00fcsn\u00fc M\u00fcbarek&#8217;in \u00fclkeden gitmesine atfen &#8220;terk g\u00fcn\u00fc&#8221; ilan eden muhalifler ba\u015fkent Kahire&#8217;deki Tahir Meydan\u0131&#8217;nda cuma namaz\u0131 k\u0131ld\u0131.<\/p>\n<p style=\"text-align: justify;\">Cuma namaz\u0131n\u0131 k\u0131ld\u0131ran \u0130mam Halid el Marakbi hutbesinde, &#8220;\u00d6zg\u00fcr do\u011fduk, \u00f6zg\u00fcr ya\u015fayaca\u011f\u0131z. Zafere kadar sab\u0131rl\u0131 olman\u0131z\u0131 istiyorum&#8221; dedi.<\/p>\n<p style=\"text-align: justify;\">&#8220;Bizi temsil eden, taleplerimizi dile getiren bir partimiz yok. M\u00fczakere etmek isteyen, buraya gelir, konu\u015furuz&#8221; diyen imam, cemaatle birlikte \u00f6lenler i\u00e7in g\u00f6zya\u015f\u0131 d\u00f6kt\u00fc. Namaz sona erer ermez toplananlar Cumhurba\u015fkan\u0131 M\u00fcbarek i\u00e7in &#8220;defol, defol&#8221; sloganlar\u0131 att\u0131.<\/p>\n<p style=\"text-align: justify;\">El Cezire televizyonu, Tahrir Meydan\u0131&#8217;ndaki g\u00f6stericiler aras\u0131na s\u0131zan onlarca g\u00fcvenlik g\u00f6revlisinin kimliklerinin de\u015fifre edildi\u011fi bildirdi.<\/p>\n<p style=\"text-align: justify;\">Tahrir Meydan\u0131&#8217;na gelen Savunma Bakan\u0131 Muhammed H\u00fcseyin Tentavi, toplananlara ilk kez seslenerek, M\u00fcbarek&#8217;e atfen, &#8220;Size se\u00e7imde aday olmayaca\u011f\u0131n\u0131 s\u00f6yledi&#8221; dedi.<\/p>\n<p style=\"text-align: justify;\">El Cezire, muhalif lider Muhammed El Baradey ve Arap Birli\u011fi Genel Sekreteri Amr Musa&#8217;n\u0131n da Tahrir Meydan\u0131&#8217;na geldi\u011fini duyurdu.<\/p>\n<p style=\"text-align: justify;\"><strong>El Cezire&#8217;nin Kahire b\u00fcrosuna sald\u0131r\u0131<\/strong><\/p>\n<p style=\"text-align: justify;\">Tansiyonun y\u00fcksek oldu\u011fu Kahire&#8217;de El Cezire televizyonunun b\u00fcrosu da sald\u0131rganlar\u0131n hedefi oldu. Televizyon, kimli\u011fi belirlenemeyen ki\u015filerin b\u00fcroya girdi\u011fini ve buradaki baz\u0131 malzemeleri tahrip etti\u011fini duyurdu.<\/p>\n<p style=\"text-align: justify;\"><strong>G\u00fcvenlik M\u00fcste\u015farl\u0131\u011f\u0131&#8217;na f\u00fcze <\/strong><\/p>\n<p style=\"text-align: justify;\">M\u0131s\u0131r&#8217;\u0131n kuzeyindeki El Eri\u015f kentinde de G\u00fcvenlik M\u00fcste\u015farl\u0131\u011f\u0131 binas\u0131na f\u00fcze at\u0131ld\u0131. G\u00f6rg\u00fc tan\u0131klar\u0131, RPG f\u00fczesinin, Gazze \u015eeridi s\u0131n\u0131r\u0131 yak\u0131n\u0131ndaki kentte bulunan binaya bir tanktan at\u0131ld\u0131\u011f\u0131n\u0131 \u00f6ne s\u00fcrd\u00fc.<\/p>\n<p style=\"text-align: justify;\">Camlar\u0131 k\u0131r\u0131lan binada yang\u0131n \u00e7\u0131kt\u0131\u011f\u0131 bildirilirken, \u00f6len ya da yaralanan olup olmad\u0131\u011f\u0131 hen\u00fcz bilinmiyor.<\/p>\n<p style=\"text-align: center;\"><a href=\"http:\/\/www.korhanyilmaz.com\/wp-content\/uploads\/2011\/02\/094.jpg\"  class=\"lightview\"><img loading=\"lazy\" decoding=\"async\" class=\"aligncenter size-full wp-image-27698\" src=\"http:\/\/www.korhanyilmaz.com\/wp-content\/uploads\/2011\/02\/094.jpg\" alt=\"\" width=\"470\" height=\"267\" \/><\/a><\/p>\n<p style=\"text-align: justify;\"><strong>Hava sahas\u0131 kapat\u0131ld\u0131 <\/strong><\/p>\n<p style=\"text-align: justify;\">Bu arada M\u0131s\u0131r&#8217;\u0131n hava sahas\u0131n\u0131n kapat\u0131lmas\u0131 \u00fczerine THY de M\u0131s\u0131r\u2019a yap\u0131lacak t\u00fcm seferlerin iptal edildi\u011fini a\u00e7\u0131klad\u0131.<\/p>\n<p style=\"text-align: justify;\"><strong>T\u00fcneller tersine i\u015fliyor<\/strong><\/p>\n<p style=\"text-align: justify;\">\u0130srail ile Gazze \u015eeridi aras\u0131ndaki t\u00fcnellerin, M\u0131s\u0131r&#8217;daki olaylar nedeniyle bu kez tersine hizmet vermeye ba\u015flad\u0131\u011f\u0131, Sina Yar\u0131madas\u0131&#8217;nda ya\u015fayanlar\u0131n acil ihtiya\u00e7lar\u0131 i\u00e7in Gazze&#8217;den mal gitti\u011fi belirtildi.<\/p>\n<p style=\"text-align: justify;\"><strong>ORTADO\u011eU DA TEYAKKUZDA <\/strong><\/p>\n<p style=\"text-align: justify;\">M\u0131s\u0131r&#8217;daki geli\u015fmelerle ilgili olarak Ortado\u011fu&#8217;nun her \u00fclkesi teyakkuzda. Cuma namazlar\u0131n\u0131n ard\u0131ndan &#8220;M\u0131s\u0131r&#8217;a destek&#8221; temas\u0131n\u0131n \u00f6ne \u00e7\u0131kaca\u011f\u0131 protesto g\u00f6sterileri bekleniyor.<\/p>\n<p style=\"text-align: justify;\"><strong>\u0130ran:<\/strong><\/p>\n<p style=\"text-align: justify;\">\u0130lk haber \u0130ran&#8217;dan geldi. Dini lider Ayetullah Ali Hamaney cuma hutbesinde M\u0131s\u0131r&#8217;a de\u011findi. Hamaney &#8220;M\u0131s\u0131r&#8217;da olan \u0130slami bir uyan\u0131\u015f hareketidir. M\u0131s\u0131rl\u0131lar \u0130slam dini \u00e7evresinde birle\u015fmeli&#8221; dedi.<\/p>\n<p style=\"text-align: justify;\">&#8220;M\u0131s\u0131r&#8217;daki olaylar, ABD i\u00e7in telafisi m\u00fcmk\u00fcn olmayan bir yenilgidir&#8221; diyen Hamaney, &#8220;Siyonistler herkesten daha \u00e7ok kayg\u0131l\u0131lar. Onlar, M\u0131s\u0131r&#8217;\u0131n yanda\u015fl\u0131\u011f\u0131n\u0131 kaybederlerse nelerin olaca\u011f\u0131n\u0131 biliyorlar&#8221; ifadesini kulland\u0131.<\/p>\n<p style=\"text-align: justify;\">M\u00fcbarek&#8217;i &#8220;ABD ve \u0130srail&#8217;in hizmetindeki bir hain&#8221; olarak niteleyen Hamaney, M\u00fcbarek&#8217;in, M\u0131s\u0131r halk\u0131n\u0131 k\u00fc\u00e7\u00fck d\u00fc\u015f\u00fcrd\u00fc\u011f\u00fcn\u00fc vurgulad\u0131.<\/p>\n<p style=\"text-align: justify;\"><strong>\u00dcrd\u00fcn:<\/strong><\/p>\n<p style=\"text-align: justify;\">Kral&#8217;\u0131n eski h\u00fck\u00fcmeti g\u00f6revden ald\u0131\u011f\u0131 ve yeni bir Ba\u015fbakan atad\u0131\u011f\u0131 \u00dcrd\u00fcn&#8217;de ise bug\u00fcn namazdan sonra b\u00fcy\u00fck bir eylem bekleniyor. Muhalif gruplarla g\u00f6r\u00fc\u015fmelere ba\u015flanmas\u0131, \u00dcrd\u00fcn&#8217;deki muhalefeti tatmin etmi\u015f de\u011fil.<\/p>\n<p style=\"text-align: justify;\"><strong>Filistin:<\/strong><\/p>\n<p style=\"text-align: justify;\">Bat\u0131 \u015eeria&#8217;da cuma namaz\u0131ndan sonra d\u00fczenlenen \u0130srail protestolar\u0131, bu kez &#8220;M\u0131s\u0131r ile dayan\u0131\u015fma&#8221; ama\u00e7l\u0131 yap\u0131lacak.<\/p>\n<p style=\"text-align: justify;\"><strong>Yemen:<\/strong><\/p>\n<p style=\"text-align: justify;\">D\u00fcn, 32 y\u0131ll\u0131k tek adam iktidar\u0131n\u0131n sonunu isteyen 20 bin ki\u015finin soka\u011fa d\u00f6k\u00fcld\u00fc\u011f\u00fc Yemen, bug\u00fcn yine teyakkuzda.<\/p>\n<p style=\"text-align: justify;\"><strong>Cezayir:<\/strong><\/p>\n<p style=\"text-align: justify;\">M\u0131s\u0131r&#8217;dan da \u00f6nce Tunus&#8217;taki ilk olaylardan bu yana alarmda Cezayir&#8217;den de de\u011fi\u015fim sinyali var.<\/p>\n<p style=\"text-align: justify;\">Cezayir lideri Abd\u00fclaziz Buteflika, 1992&#8217;den bu yana ge\u00e7erli olan ola\u011fan\u00fcst\u00fc halin yak\u0131n bir gelecekte kald\u0131r\u0131laca\u011f\u0131n\u0131 s\u00f6yledi.<\/p>\n<p style=\"text-align: justify;\"><strong>M\u00dcBAREK&#8217;TEN S\u00dcRPR\u0130Z A\u00c7IKLAMA&#8230; <\/strong><\/p>\n<p style=\"text-align: justify;\">T\u00fcm bu geli\u015fmeler s\u00fcrerken Amerikan ABC televizyon kanal\u0131ndan Christiane Amanpour&#8217;a konu\u015fan M\u00fcbarek&#8217;ten \u015fa\u015f\u0131rt\u0131c\u0131 bir a\u00e7\u0131klama geldi.<\/p>\n<p style=\"text-align: justify;\">M\u0131s\u0131r Cumhurba\u015fkan\u0131, yeterince cumhurba\u015fkanl\u0131\u011f\u0131 yapt\u0131\u011f\u0131n\u0131 ve iktidar\u0131 \u015fimdi b\u0131rakmak istedi\u011fini, ama \u00fclkesini kaosun sarmas\u0131ndan korktu\u011fundan bunu yapamad\u0131\u011f\u0131n\u0131 belirtti.<\/p>\n<p style=\"text-align: justify;\">M\u00fcbarek, M\u0131s\u0131rl\u0131lar\u0131n aralar\u0131nda sava\u015fmalar\u0131n\u0131 g\u00f6rmek istemedi\u011fini de kaydetti.<\/p>\n<p style=\"text-align: justify;\">Konu\u015fmas\u0131nda ABD&#8217;ye de mesaj veren M\u00fcbarek, &#8220;Benden sonra M\u00fcsl\u00fcman Karde\u015fler iktidara gelir&#8221; ifadesini kulland\u0131.<\/p>\n<p style=\"text-align: justify;\"><strong>M\u00fcsl\u00fcman Karde\u015fler&#8217;den a\u00e7\u0131klama <\/strong><\/p>\n<p style=\"text-align: justify;\">M\u0131s\u0131r&#8217;\u0131n en b\u00fcy\u00fck muhalif hareketi M\u00fcsl\u00fcman Karde\u015fler, &#8220;Cumhurba\u015fkanl\u0131\u011f\u0131na aday olmaya hevesli olmad\u0131klar\u0131n\u0131&#8221; a\u00e7\u0131klad\u0131.<\/p>\n<p style=\"text-align: justify;\">El Cezire televizyonunun haberine g\u00f6re, M\u00fcsl\u00fcman Karde\u015fler&#8217;in \u00fcyesi olan eski milletvekili Muhammed el Beltagi, &#8216;M\u00fcbarek rejiminin bitmesinin ard\u0131ndan m\u00fczakereye haz\u0131r\u0131z. Cumhurba\u015fkanl\u0131\u011f\u0131&#8217;na aday olmaya veya bir koalisyon h\u00fck\u00fcmetinde g\u00f6revlendirilmeye hevesli de\u011filiz&#8221; dedi ve h\u00fck\u00fcmetin \u00f6rg\u00fctle &#8220;fl\u00f6rt etti\u011fini&#8221; ifade etti.<\/p>\n<p style=\"text-align: justify;\"><strong>ABD&#8217;de hummal\u0131 \u00e7al\u0131\u015fma <\/strong><\/p>\n<p style=\"text-align: justify;\">ABD&#8217;nin \u00f6nde gelen gazetelerinden New York Times&#8217;a g\u00f6re, Obama y\u00f6netimi \u00fclkede de\u011fi\u015fim olmas\u0131 ve M\u00fcbarek&#8217;in istifas\u0131 i\u00e7in M\u0131s\u0131rl\u0131 \u00fcst d\u00fczey yetkililerle g\u00f6r\u00fc\u015fmelere ba\u015flad\u0131.<\/p>\n<p style=\"text-align: justify;\">M\u0131s\u0131r&#8217;daki geli\u015fmelere kilitlenen ABD D\u0131\u015fi\u015fleri Bakan\u0131 Hillary Clinton da, M\u0131s\u0131r&#8217;da iktidarla muhalefet aras\u0131nda derhal ve ciddi g\u00f6r\u00fc\u015fmelerin ba\u015flat\u0131lmas\u0131 \u00e7a\u011fr\u0131s\u0131 yapt\u0131.<\/p>\n<p style=\"text-align: justify;\">Clinton, &#8220;M\u0131s\u0131r&#8217;da bar\u0131\u015f\u00e7\u0131l ve d\u00fczenli d\u00f6n\u00fc\u015f\u00fcm i\u00e7in, \u00fclke muhalefetinin, sivil toplumunun ve politik gruplar\u0131n\u0131n en geni\u015f ve temsil a\u00e7\u0131s\u0131ndan en yeterli yetkilileriyle h\u00fck\u00fcmet aras\u0131nda acilen ve ciddi m\u00fczakereler yap\u0131lmas\u0131 konusunda uyar\u0131yorum&#8221; dedi.<\/p>\n<p style=\"text-align: justify;\"><a href=\"http:\/\/www.cnnturk.com\/2011\/dunya\/02\/04\/kritik.cumada.taraflar.kiliclarini.cekti\/605659.0\/index.html\" target=\"_blank\"><span style=\"color: #888888;\">Kaynak : CNN T\u00dcRK<\/span><\/a><\/p>\n","protected":false},"excerpt":{"rendered":"<p style=\"text-align: center;\">\n<p style=\"text-align: justify;\">M\u0131s\u0131r&#8217;da 1 milyonu a\u015fk\u0131n H\u00fcsn\u00fc M\u00fcbarek kar\u015f\u0131t\u0131 &#8220;Veda Cumas\u0131&#8221; i\u00e7in ba\u015fkent Kahire&#8217;deki Tahrir Meydan\u0131&#8217;n\u0131 doldurdu. Cuma namaz\u0131n\u0131n ard\u0131ndan g\u00f6stericiler y\u00fcr\u00fcy\u00fc\u015fe ge\u00e7ti. M\u00fcbarek yanda\u015flar\u0131n\u0131n da meydanda toplanmaya ba\u015fland\u0131\u011f\u0131, iki grup aras\u0131nda yer yer gerginlik ya\u015fand\u0131\u011f\u0131 belirtiliyor. Bu geli\u015fmeler s\u00fcrerken M\u00fcbarek&#8217;ten s\u00fcrpriz bir a\u00e7\u0131klama geldi. M\u00fcbarek, &#8220;Ben de b\u0131rakmak istiyorum, ama bu <\/p>\n","protected":false},"author":1,"featured_media":0,"comment_status":"open","ping_status":"closed","sticky":false,"template":"","format":"standard","meta":{"footnotes":""},"categories":[105],"tags":[],"class_list":["post-27697","post","type-post","status-publish","format-standard","hentry","category-gundem","odd"],"_links":{"self":[{"href":"http:\/\/www.korhanyilmaz.com\/index.php?rest_route=\/wp\/v2\/posts\/27697","targetHints":{"allow":["GET"]}}],"collection":[{"href":"http:\/\/www.korhanyilmaz.com\/index.php?rest_route=\/wp\/v2\/posts"}],"about":[{"href":"http:\/\/www.korhanyilmaz.com\/index.php?rest_route=\/wp\/v2\/types\/post"}],"author":[{"embeddable":true,"href":"http:\/\/www.korhanyilmaz.com\/index.php?rest_route=\/wp\/v2\/users\/1"}],"replies":[{"embeddable":true,"href":"http:\/\/www.korhanyilmaz.com\/index.php?rest_route=%2Fwp%2Fv2%2Fcomments&post=27697"}],"version-history":[{"count":0,"href":"http:\/\/www.korhanyilmaz.com\/index.php?rest_route=\/wp\/v2\/posts\/27697\/revisions"}],"wp:attachment":[{"href":"http:\/\/www.korhanyilmaz.com\/index.php?rest_route=%2Fwp%2Fv2%2Fmedia&parent=27697"}],"wp:term":[{"taxonomy":"category","embeddable":true,"href":"http:\/\/www.korhanyilmaz.com\/index.php?rest_route=%2Fwp%2Fv2%2Fcategories&post=27697"},{"taxonomy":"post_tag","embeddable":true,"href":"http:\/\/www.korhanyilmaz.com\/index.php?rest_route=%2Fwp%2Fv2%2Ftags&post=27697"}],"curies":[{"name":"wp","href":"https:\/\/api.w.org\/{rel}","templated":true}]}}