{"id":27692,"date":"2011-02-04T14:32:52","date_gmt":"2011-02-04T12:32:52","guid":{"rendered":"http:\/\/www.korhanyilmaz.com\/?p=27692"},"modified":"2011-02-04T14:32:52","modified_gmt":"2011-02-04T12:32:52","slug":"basbakanlik-basin-danismani-gorevi-birakti","status":"publish","type":"post","link":"http:\/\/www.korhanyilmaz.com\/?p=27692","title":{"rendered":"Erdo\u011fan&#8217;n\u0131n dan\u0131\u015fman\u0131 istifa etti"},"content":{"rendered":"<div id=\"attachment_27693\" style=\"width: 301px\" class=\"wp-caption aligncenter\"><a href=\"http:\/\/www.korhanyilmaz.com\/wp-content\/uploads\/2011\/02\/093.jpg\"  class=\"lightview\"><img loading=\"lazy\" decoding=\"async\" aria-describedby=\"caption-attachment-27693\" class=\"size-full wp-image-27693\" src=\"http:\/\/www.korhanyilmaz.com\/wp-content\/uploads\/2011\/02\/093.jpg\" alt=\"\" width=\"291\" height=\"194\" \/><\/a><p id=\"caption-attachment-27693\" class=\"wp-caption-text\">Kemal \u00d6zt\u00fcrk<\/p><\/div>\n<p style=\"text-align: justify;\">Ba\u015fbakanl\u0131k Bas\u0131n Dan\u0131\u015fman\u0131 Kemal \u00d6zt\u00fcrk, g\u00f6revinden ayr\u0131ld\u0131. Ba\u015fbakanl\u0131kta M\u00fcste\u015far Yard\u0131mc\u0131l\u0131\u011f\u0131 ile Kamu D\u00fczeni ve G\u00fcvenli\u011fi M\u00fcste\u015far Yard\u0131mc\u0131l\u0131\u011f\u0131 g\u00f6revlerine de yeni isimler atand\u0131.<!--more--><\/p>\n<p style=\"text-align: justify;\">ANKARA &#8211; Ba\u015fbakanl\u0131k Bas\u0131n Dan\u0131\u015fman\u0131 Kemal \u00d6zt\u00fcrk, g\u00f6revinden ayr\u0131ld\u0131\u011f\u0131n\u0131 bildirdi. \u00d6zt\u00fcrk, yapt\u0131\u011f\u0131 a\u00e7\u0131klamada, 2003&#8217;ten bu yana Ankara&#8217;da bas\u0131n dan\u0131\u015fmanl\u0131\u011f\u0131 yapt\u0131\u011f\u0131n\u0131, bu s\u00fcrenin 5 y\u0131l\u0131n\u0131n Devlet Bakan\u0131 ve Ba\u015fbakan Yard\u0131mc\u0131s\u0131 B\u00fclent Ar\u0131n\u00e7&#8217;la, 3 y\u0131la yak\u0131n\u0131n\u0131n da Ba\u015fbakan Recep Tayyip Erdo\u011fan ile ge\u00e7ti\u011fini belirtti.<\/p>\n<p style=\"text-align: justify;\">&#8221;\u00dclkeme b\u00f6yle hizmet etti\u011fim i\u00e7in \u00e7ok b\u00fcy\u00fck onur duydum&#8221; a\u00e7\u0131klamas\u0131nda bulunan \u00d6zt\u00fcrk, \u015funlar\u0131 kaydetti:<\/p>\n<p style=\"text-align: justify;\">&#8221;Ancak bas\u0131n ve siyaset kurumlar\u0131 aras\u0131nda ge\u00e7en \u00e7ok yo\u011fun, yorucu ve stresli g\u00f6revimde art\u0131k n\u00f6bet de\u011fi\u015fimi vakti geldi. Bu nedenle gururla s\u00fcrd\u00fcrd\u00fc\u011f\u00fcm Ba\u015fbakanl\u0131k Bas\u0131n Dan\u0131\u015fmanl\u0131\u011f\u0131 g\u00f6revimden bug\u00fcn itibariyle ayr\u0131ld\u0131m. Bir s\u00fcre aileme vakit ay\u0131rarak dinlenece\u011fim. Niyetim \u0130stanbul&#8217;a d\u00f6nerek uzun soluklu, kal\u0131c\u0131 eserler b\u0131rakacak \u00e7al\u0131\u015fmalar yapmak. Aktif siyasete girmeyi d\u00fc\u015f\u00fcnm\u00fcyorum.&#8221;<\/p>\n<p style=\"text-align: justify;\">\u00d6te yandan Ba\u015fbakanl\u0131kta M\u00fcste\u015far Yard\u0131mc\u0131l\u0131\u011f\u0131na Abdulkerim Emek, Kamu D\u00fczeni ve G\u00fcvenli\u011fi M\u00fcste\u015far Yard\u0131mc\u0131l\u0131\u011f\u0131na da Do\u00e7 Dr. Kudret B\u00fclb\u00fcl atand\u0131.<\/p>\n<p style=\"text-align: justify;\">Atama kararlar\u0131, Resmi Gazete&#8217;nin bug\u00fcnk\u00fc say\u0131s\u0131nda yay\u0131mland\u0131.<\/p>\n<p style=\"text-align: justify;\"><a href=\"http:\/\/www.gazeteport.com.tr\/SIYASET\/NEWS\/GP_847915\" target=\"_blank\"><span style=\"color: #888888;\">Kaynak : GAZETEPORT<\/span><\/a><\/p>\n","protected":false},"excerpt":{"rendered":"<p id=\"caption-attachment-27693\" class=\"wp-caption-text\">Kemal \u00d6zt\u00fcrk<\/p>\n<p style=\"text-align: justify;\">Ba\u015fbakanl\u0131k Bas\u0131n Dan\u0131\u015fman\u0131 Kemal \u00d6zt\u00fcrk, g\u00f6revinden ayr\u0131ld\u0131. Ba\u015fbakanl\u0131kta M\u00fcste\u015far Yard\u0131mc\u0131l\u0131\u011f\u0131 ile Kamu D\u00fczeni ve G\u00fcvenli\u011fi M\u00fcste\u015far Yard\u0131mc\u0131l\u0131\u011f\u0131 g\u00f6revlerine de yeni isimler atand\u0131.<\/p>\n","protected":false},"author":1,"featured_media":0,"comment_status":"open","ping_status":"closed","sticky":false,"template":"","format":"standard","meta":{"footnotes":""},"categories":[105],"tags":[],"class_list":["post-27692","post","type-post","status-publish","format-standard","hentry","category-gundem","odd"],"_links":{"self":[{"href":"http:\/\/www.korhanyilmaz.com\/index.php?rest_route=\/wp\/v2\/posts\/27692","targetHints":{"allow":["GET"]}}],"collection":[{"href":"http:\/\/www.korhanyilmaz.com\/index.php?rest_route=\/wp\/v2\/posts"}],"about":[{"href":"http:\/\/www.korhanyilmaz.com\/index.php?rest_route=\/wp\/v2\/types\/post"}],"author":[{"embeddable":true,"href":"http:\/\/www.korhanyilmaz.com\/index.php?rest_route=\/wp\/v2\/users\/1"}],"replies":[{"embeddable":true,"href":"http:\/\/www.korhanyilmaz.com\/index.php?rest_route=%2Fwp%2Fv2%2Fcomments&post=27692"}],"version-history":[{"count":0,"href":"http:\/\/www.korhanyilmaz.com\/index.php?rest_route=\/wp\/v2\/posts\/27692\/revisions"}],"wp:attachment":[{"href":"http:\/\/www.korhanyilmaz.com\/index.php?rest_route=%2Fwp%2Fv2%2Fmedia&parent=27692"}],"wp:term":[{"taxonomy":"category","embeddable":true,"href":"http:\/\/www.korhanyilmaz.com\/index.php?rest_route=%2Fwp%2Fv2%2Fcategories&post=27692"},{"taxonomy":"post_tag","embeddable":true,"href":"http:\/\/www.korhanyilmaz.com\/index.php?rest_route=%2Fwp%2Fv2%2Ftags&post=27692"}],"curies":[{"name":"wp","href":"https:\/\/api.w.org\/{rel}","templated":true}]}}